{"id":5510,"date":"2020-04-14T08:10:44","date_gmt":"2020-04-14T08:10:44","guid":{"rendered":"https:\/\/revistaazulyverde.com\/ediciones\/45\/?p=5510"},"modified":"2021-09-21T18:38:54","modified_gmt":"2021-09-21T16:38:54","slug":"editorial-45","status":"publish","type":"post","link":"https:\/\/revistaazulyverde.com\/ediciones\/45\/editorial-45\/","title":{"rendered":"La importancia de nuestro trabajo"},"content":{"rendered":"<div class=\"wpb-content-wrapper\"><p>[vc_row full_width=\u00bbstretch_row_content\u00bb el_class=\u00bbvisible\u00bb el_id=\u00bbheader-post\u00bb][vc_column][vc_column_text el_class=\u00bbamarillo\u00bb]<div class=\"bg-post\" style=\"background-image: url(https:\/\/revistaazulyverde.com\/ediciones\/45\/wp-content\/uploads\/sites\/7\/2020\/04\/006_EC_Lumbier_2015_baja-copia.jpg)\"><\/div><br \/>\n<div class=\"categoria\" data-color=\"#007aae\" style=\"background-color: #007aae\"><span class=\"parent\"><\/span><span class=\"cat\">Editorial<\/span><\/div>[\/vc_column_text][vc_custom_heading source=\u00bbpost_title\u00bb font_container=\u00bbtag:h1|font_size:80px|text_align:center|color:%23ffffff\u00bb google_fonts=\u00bbfont_family:PT%20Serif%3Aregular%2Citalic%2C700%2C700italic|font_style:700%20bold%20italic%3A700%3Aitalic\u00bb el_class=\u00bblowercase\u00bb css=\u00bb.vc_custom_1615279882721{margin-top: 0px !important;margin-bottom: 0px !important;}\u00bb][\/vc_column][\/vc_row][vc_row el_class=\u00bbmw965&#8243; css=\u00bb.vc_custom_1623319763683{padding-top: 40px !important;}\u00bb][vc_column width=\u00bb2\/3&#8243;][vc_custom_heading text=\u00bbPor Antonio Llard\u00e9n\u00bb font_container=\u00bbtag:h2|font_size:20px|text_align:left|color:%23fdb71c\u00bb el_class=\u00bbverdana\u00bb][vc_column_text]En un contexto como el actual en el que la energ\u00eda est\u00e1 en el foco diariamente, en Enag\u00e1s tenemos un papel claro que desempe\u00f1ar, haciendo nuestro trabajo bien, como lo venimos haciendo desde hace 50 a\u00f1os, con solvencia, con solidez y con responsabilidad. Porque <strong>nuestras infraestructuras en este contexto <\/strong>de gran volatilidad en los mercados <strong>son m\u00e1s necesarias que nunca<\/strong> y su disponibilidad es clave para contribuir a que una vez llega el gas a Espa\u00f1a, nosotros hagamos nuestro trabajo y lo transportemos all\u00e1 donde m\u00e1s se necesite. Aqu\u00ed <strong>el Gestor T\u00e9cnico del Sistema tiene un papel muy relevante<\/strong> para que la coordinaci\u00f3n sea perfecta.[\/vc_column_text][vc_column_text]<strong>Este trabajo es nuestra raz\u00f3n de ser<\/strong> y, a las puertas del invierno, en Enag\u00e1s nos preparamos para que todo est\u00e9 listo y funcione como un reloj.[\/vc_column_text][vc_column_text]Pero no nos paramos aqu\u00ed. Tambi\u00e9n trabajamos en <strong>un reto claro como es la descarbonizaci\u00f3n<\/strong> y en esta edici\u00f3n de AyV ponemos el foco en el que puede ser un aliado en este proceso, <strong>el biog\u00e1s<\/strong>. Esta fuente de energ\u00eda renovable se obtiene de residuos org\u00e1nicos y juega un papel protagonista en la descarbonizaci\u00f3n y en la econom\u00eda circular. Por ello, Enag\u00e1s apuesta por el biog\u00e1s, ya que adem\u00e1s permite revitalizar las zonas rurales de la Espa\u00f1a vaciada y <strong>facilitar una transici\u00f3n energ\u00e9tica justa<\/strong>.[\/vc_column_text][vc_column_text]Nuestro compromiso para promover el uso de las energ\u00edas renovables es inequ\u00edvoco. Como muestra de ello hemos impulsado en el municipio de La Galera, en Tarragona, la <strong>primera conexi\u00f3n privada de biog\u00e1s a la red de transporte de gas espa\u00f1ol<\/strong> y hay nuevas solicitudes en el horizonte. Un hito que debe servir para potenciar el uso de un recurso energ\u00e9tico infrautilizado en nuestro pa\u00eds.[\/vc_column_text][vc_column_text]Adem\u00e1s, desde el otro lado del Atl\u00e1ntico nos llegan muestras de recuperaci\u00f3n de la actividad en el segmento de Oil &amp; Gas en el <strong>mercado de Estados Unidos<\/strong>. Este cambio de tendencia se est\u00e1 concretando en nuevas oportunidades de crecimiento para la empresa participada por Enag\u00e1s, <strong>Tallgrass Energy<\/strong>, con la materializaci\u00f3n de nuevos contratos a largo plazo con empresas del pa\u00eds que permiten anticipar unas buenas perspectivas de futuro.[\/vc_column_text][vc_column_text]<strong>En cualquier contexto, las personas son las que impulsan los proyectos de futuro<\/strong>. Por eso en este n\u00famero de la revista se presenta tambi\u00e9n la labor de nuestra Gerencia Comercial, cuya misi\u00f3n es ofrecer servicios a terceros, a trav\u00e9s de la sociedad <strong>Enag\u00e1s Services Solutions<\/strong>. La experiencia de dos emprendedores internos tambi\u00e9n ha llevado a la consolidaci\u00f3n de <strong>Scale Gas<\/strong> como una idea de negocio convertida en empresa que facilita la transici\u00f3n energ\u00e9tica en el mercado de peque\u00f1a escala de GNL.[\/vc_column_text][vc_column_text]En Enag\u00e1s somos conscientes del papel estrat\u00e9gico que tendr\u00e1n los <strong>gases renovables en la descarbonizaci\u00f3n<\/strong> y trabajamos en el desarrollo de distintas energ\u00edas que convivan en un futuro. Solo con el trabajo y el compromiso con la transici\u00f3n energ\u00e9tica de empresas, administraciones y de la sociedad en su conjunto, ser\u00e1 posible alcanzar el objetivo europeo y espa\u00f1ol de conseguir una econom\u00eda neutra en carbono en 2050, y <strong>en 2040 en <\/strong>el caso de <strong>Enag\u00e1s<\/strong>, porque <strong>ese es nuestro compromiso<\/strong>.[\/vc_column_text][\/vc_column][vc_column width=\u00bb1\/3&#8243;][vc_empty_space][vc_single_image image=\u00bb6030&#8243; img_size=\u00bblarge\u00bb][\/vc_column][\/vc_row][vc_row el_class=\u00bbmw1230&#8243; css=\u00bb.vc_custom_1584093612893{padding-top: 40px !important;}\u00bb][vc_column]<div class=\"edgtf-news-holder edgtf-post-carousel5 edgtf-small-space\"  data-post-status=publish data-ignore-sticky-posts=1 data-posts-per-page=6 data-paged=1 data-max-num-pages=2 data-next-page=2 data-title-tag=h3 data-image-size=custom data-custom-image-width=370 data-custom-image-height=267 data-display-categories=yes data-display-excerpt=no data-display-date=no data-date-format=difference data-display-like=no data-display-comments=no data-display-share=no data-display-hot-trending-icons=no data-layout=edgtf_post_carousel5><div class=\"edgtf-news-list-inner edgtf-owl-slider\" data-number-of-items=\"4\"   data-slider-speed=\"4000\" data-slider-speed-animation=\"600\"   data-enable-auto-height=\"yes\"><div class=\"edgtf-news-item edgtf-layout1-item edgtf-item-space\" data-color=\"#9cb700\">\n\t<div class=\"edgtf-ni-image-holder\">\n\t\t\t<div class=\"edgtf-post-image\">\n\t\t<a itemprop=\"url\" href=\"https:\/\/revistaazulyverde.com\/ediciones\/45\/biometano-aliado-transicion-energetica\/\" title=\"El biometano, aliado para la transici\u00f3n energ\u00e9tica y una oportunidad para Espa\u00f1a\">\n\t\t\t<img loading=\"lazy\" decoding=\"async\" src=\"https:\/\/revistaazulyverde.com\/ediciones\/45\/wp-content\/uploads\/sites\/7\/2020\/04\/img01-370x267.jpg\" alt=\"\" width=\"370\" height=\"267\" \/>\t\t<\/a>\n\t<\/div>\n        <div class=\"edgtf-ni-like-comments-share-holder\">\n                                            <\/div>\n\t<\/div>\n\t<div class=\"edgtf-ni-content\">\n\t\t<div class=\"edgtf-ni-info edgtf-ni-info-top\">\n            \t<div class=\"edgtf-post-info-category\">\n\t\t<a href=\"https:\/\/revistaazulyverde.com\/ediciones\/45\/category\/actualidad\/a-fondo\/\" rel=\"category tag\">A fondo<\/a>\t<\/div>\n\t\t<\/div>\n\t\t\n<h3 itemprop=\"name\" class=\"entry-title edgtf-post-title \" >\n<a itemprop=\"url\" href=\"https:\/\/revistaazulyverde.com\/ediciones\/45\/biometano-aliado-transicion-energetica\/\" title=\"El biometano, aliado para la transici\u00f3n energ\u00e9tica y una oportunidad para Espa\u00f1a\">\n    El biometano, aliado para la transici\u00f3n energ\u00e9tica y una oportunidad para Espa\u00f1a<\/a>\n<\/h3>\t\t\t\t<div class=\"edgtf-ni-info edgtf-ni-info-bottom\">\n                        \t\t<\/div>\n\t<\/div>\n<\/div><div class=\"edgtf-news-item edgtf-layout1-item edgtf-item-space\" data-color=\"#007aae\">\n\t<div class=\"edgtf-ni-image-holder\">\n\t\t\t<div class=\"edgtf-post-image\">\n\t\t<a itemprop=\"url\" href=\"https:\/\/revistaazulyverde.com\/ediciones\/45\/editorial-45\/\" title=\"La importancia de nuestro trabajo\">\n\t\t\t<img loading=\"lazy\" decoding=\"async\" src=\"https:\/\/revistaazulyverde.com\/ediciones\/45\/wp-content\/uploads\/sites\/7\/2020\/04\/006_EC_Lumbier_2015_baja-copia-2-370x267.jpg\" alt=\"\" width=\"370\" height=\"267\" \/>\t\t<\/a>\n\t<\/div>\n        <div class=\"edgtf-ni-like-comments-share-holder\">\n                                            <\/div>\n\t<\/div>\n\t<div class=\"edgtf-ni-content\">\n\t\t<div class=\"edgtf-ni-info edgtf-ni-info-top\">\n            \t<div class=\"edgtf-post-info-category\">\n\t\t<a href=\"https:\/\/revistaazulyverde.com\/ediciones\/45\/category\/editorial\/\" rel=\"category tag\">Editorial<\/a>\t<\/div>\n\t\t<\/div>\n\t\t\n<h3 itemprop=\"name\" class=\"entry-title edgtf-post-title \" >\n<a itemprop=\"url\" href=\"https:\/\/revistaazulyverde.com\/ediciones\/45\/editorial-45\/\" title=\"La importancia de nuestro trabajo\">\n    La importancia de nuestro trabajo<\/a>\n<\/h3>\t\t\t\t<div class=\"edgtf-ni-info edgtf-ni-info-bottom\">\n                        \t\t<\/div>\n\t<\/div>\n<\/div><div class=\"edgtf-news-item edgtf-layout1-item edgtf-item-space\" data-color=\"#ffb81c\">\n\t<div class=\"edgtf-ni-image-holder\">\n\t\t\t<div class=\"edgtf-post-image\">\n\t\t<a itemprop=\"url\" href=\"https:\/\/revistaazulyverde.com\/ediciones\/45\/golf-oscar-gomez\/\" title=\"El golf, mucho m\u00e1s que un deporte para \u00d3scar G\u00f3mez\">\n\t\t\t<img loading=\"lazy\" decoding=\"async\" src=\"https:\/\/revistaazulyverde.com\/ediciones\/45\/wp-content\/uploads\/sites\/7\/2020\/03\/Oscar-gomez-golf-6-e1631690026510-370x267.png\" alt=\"\" width=\"370\" height=\"267\" \/>\t\t<\/a>\n\t<\/div>\n        <div class=\"edgtf-ni-like-comments-share-holder\">\n                                            <\/div>\n\t<\/div>\n\t<div class=\"edgtf-ni-content\">\n\t\t<div class=\"edgtf-ni-info edgtf-ni-info-top\">\n            \t<div class=\"edgtf-post-info-category\">\n\t\t<a href=\"https:\/\/revistaazulyverde.com\/ediciones\/45\/category\/equipo-enagas\/mas-alla-de-enagas\/\" rel=\"category tag\">M\u00e1s all\u00e1 de Enag\u00e1s<\/a>\t<\/div>\n\t\t<\/div>\n\t\t\n<h3 itemprop=\"name\" class=\"entry-title edgtf-post-title \" >\n<a itemprop=\"url\" href=\"https:\/\/revistaazulyverde.com\/ediciones\/45\/golf-oscar-gomez\/\" title=\"El golf, mucho m\u00e1s que un deporte para \u00d3scar G\u00f3mez\">\n    El golf, mucho m\u00e1s que un deporte para \u00d3scar G\u00f3mez<\/a>\n<\/h3>\t\t\t\t<div class=\"edgtf-ni-info edgtf-ni-info-bottom\">\n                        \t\t<\/div>\n\t<\/div>\n<\/div><div class=\"edgtf-news-item edgtf-layout1-item edgtf-item-space\" data-color=\"#ffb81c\">\n\t<div class=\"edgtf-ni-image-holder\">\n\t\t\t<div class=\"edgtf-post-image\">\n\t\t<a itemprop=\"url\" href=\"https:\/\/revistaazulyverde.com\/ediciones\/45\/enagas-experiencia-empleado\/\" title=\"La conexi\u00f3n que nos define\">\n\t\t\t<img loading=\"lazy\" decoding=\"async\" src=\"https:\/\/revistaazulyverde.com\/ediciones\/45\/wp-content\/uploads\/sites\/7\/2020\/03\/de-persona-a-persona-45-1-e1631693915259-370x267.png\" alt=\"\" width=\"370\" height=\"267\" \/>\t\t<\/a>\n\t<\/div>\n        <div class=\"edgtf-ni-like-comments-share-holder\">\n                                            <\/div>\n\t<\/div>\n\t<div class=\"edgtf-ni-content\">\n\t\t<div class=\"edgtf-ni-info edgtf-ni-info-top\">\n            \t<div class=\"edgtf-post-info-category\">\n\t\t<a href=\"https:\/\/revistaazulyverde.com\/ediciones\/45\/category\/equipo-enagas\/de-persona-a-persona\/\" rel=\"category tag\">De persona a persona<\/a>\t<\/div>\n\t\t<\/div>\n\t\t\n<h3 itemprop=\"name\" class=\"entry-title edgtf-post-title \" >\n<a itemprop=\"url\" href=\"https:\/\/revistaazulyverde.com\/ediciones\/45\/enagas-experiencia-empleado\/\" title=\"La conexi\u00f3n que nos define\">\n    La conexi\u00f3n que nos define<\/a>\n<\/h3>\t\t\t\t<div class=\"edgtf-ni-info edgtf-ni-info-bottom\">\n                        \t\t<\/div>\n\t<\/div>\n<\/div><div class=\"edgtf-news-item edgtf-layout1-item edgtf-item-space\" data-color=\"#007aae\">\n\t<div class=\"edgtf-ni-image-holder\">\n\t\t\t<div class=\"edgtf-post-image\">\n\t\t<a itemprop=\"url\" href=\"https:\/\/revistaazulyverde.com\/ediciones\/45\/scale-gas-facilita-transicion\/\" title=\"Scale Gas facilita la transici\u00f3n energ\u00e9tica en el mercado de peque\u00f1a escala de GNL\">\n\t\t\t<img loading=\"lazy\" decoding=\"async\" src=\"https:\/\/revistaazulyverde.com\/ediciones\/45\/wp-content\/uploads\/sites\/7\/2020\/03\/13-copia-e1632157553788-370x267.png\" alt=\"\" width=\"370\" height=\"267\" \/>\t\t<\/a>\n\t<\/div>\n        <div class=\"edgtf-ni-like-comments-share-holder\">\n                                            <\/div>\n\t<\/div>\n\t<div class=\"edgtf-ni-content\">\n\t\t<div class=\"edgtf-ni-info edgtf-ni-info-top\">\n            \t<div class=\"edgtf-post-info-category\">\n\t\t<a href=\"https:\/\/revistaazulyverde.com\/ediciones\/45\/category\/nuestra-actividad\/adn-enagas-startups\/\" rel=\"category tag\">ADN startup<\/a>\t<\/div>\n\t\t<\/div>\n\t\t\n<h3 itemprop=\"name\" class=\"entry-title edgtf-post-title \" >\n<a itemprop=\"url\" href=\"https:\/\/revistaazulyverde.com\/ediciones\/45\/scale-gas-facilita-transicion\/\" title=\"Scale Gas facilita la transici\u00f3n energ\u00e9tica en el mercado de peque\u00f1a escala de GNL\">\n    Scale Gas facilita la transici\u00f3n energ\u00e9tica en el mercado de peque\u00f1a escala de GNL<\/a>\n<\/h3>\t\t\t\t<div class=\"edgtf-ni-info edgtf-ni-info-bottom\">\n                        \t\t<\/div>\n\t<\/div>\n<\/div><div class=\"edgtf-news-item edgtf-layout1-item edgtf-item-space\" data-color=\"#ffb81c\">\n\t<div class=\"edgtf-ni-image-holder\">\n\t\t\t<div class=\"edgtf-post-image\">\n\t\t<a itemprop=\"url\" href=\"https:\/\/revistaazulyverde.com\/ediciones\/45\/gerencia-comercial\/\" title=\"Gerencia Comercial\">\n\t\t\t<img loading=\"lazy\" decoding=\"async\" src=\"https:\/\/revistaazulyverde.com\/ediciones\/45\/wp-content\/uploads\/sites\/7\/2020\/03\/que-hacemos-en-45-copia-1-e1631867594524-370x267.png\" alt=\"\" width=\"370\" height=\"267\" \/>\t\t<\/a>\n\t<\/div>\n        <div class=\"edgtf-ni-like-comments-share-holder\">\n                                            <\/div>\n\t<\/div>\n\t<div class=\"edgtf-ni-content\">\n\t\t<div class=\"edgtf-ni-info edgtf-ni-info-top\">\n            \t<div class=\"edgtf-post-info-category\">\n\t\t<a href=\"https:\/\/revistaazulyverde.com\/ediciones\/45\/category\/equipo-enagas\/que-hacemos-en\/\" rel=\"category tag\">\u00bfQu\u00e9 hacemos en...?<\/a>\t<\/div>\n\t\t<\/div>\n\t\t\n<h3 itemprop=\"name\" class=\"entry-title edgtf-post-title \" >\n<a itemprop=\"url\" href=\"https:\/\/revistaazulyverde.com\/ediciones\/45\/gerencia-comercial\/\" title=\"Gerencia Comercial\">\n    Gerencia Comercial<\/a>\n<\/h3>\t\t\t\t<div class=\"edgtf-ni-info edgtf-ni-info-bottom\">\n                        \t\t<\/div>\n\t<\/div>\n<\/div><\/div><\/div>[\/vc_column][\/vc_row]<\/p>\n<\/div>","protected":false},"excerpt":{"rendered":"<p>En un contexto como el actual en el que la energ\u00eda est\u00e1 en el foco diariamente, en Enag\u00e1s tenemos un papel claro que desempe\u00f1ar<\/p>\n","protected":false},"author":2,"featured_media":7190,"comment_status":"open","ping_status":"open","sticky":false,"template":"","format":"standard","meta":{"_acf_changed":false,"footnotes":""},"categories":[66],"tags":[],"class_list":["post-5510","post","type-post","status-publish","format-standard","has-post-thumbnail","hentry","category-editorial"],"acf":[],"yoast_head":"<!-- This site is optimized with the Yoast SEO plugin v24.9 - https:\/\/yoast.com\/wordpress\/plugins\/seo\/ -->\n<title>La importancia de nuestro trabajo - Revista Azul y Verde n\u00ba 45<\/title>\n<meta name=\"robots\" content=\"noindex, follow, max-snippet:-1, max-image-preview:large, max-video-preview:-1\" \/>\n<meta property=\"og:locale\" content=\"es_ES\" \/>\n<meta property=\"og:type\" content=\"article\" \/>\n<meta property=\"og:title\" content=\"El biometano, una apuesta estrat\u00e9gica\" \/>\n<meta property=\"og:description\" content=\"Es necesario actuar para mitigar el problema y frenar las causas de la crisis clim\u00e1tica.\" \/>\n<meta property=\"og:url\" content=\"https:\/\/revistaazulyverde.com\/ediciones\/45\/editorial-45\/\" \/>\n<meta property=\"og:site_name\" content=\"Revista Azul y Verde n\u00ba 45\" \/>\n<meta property=\"article:published_time\" content=\"2020-04-14T08:10:44+00:00\" \/>\n<meta property=\"article:modified_time\" content=\"2021-09-21T16:38:54+00:00\" \/>\n<meta property=\"og:image\" content=\"https:\/\/revistaazulyverde.com\/ediciones\/45\/wp-content\/uploads\/sites\/7\/2020\/04\/006_EC_Lumbier_2015_baja-copia.jpg\" \/>\n\t<meta property=\"og:image:width\" content=\"1920\" \/>\n\t<meta property=\"og:image:height\" content=\"890\" \/>\n\t<meta property=\"og:image:type\" content=\"image\/jpeg\" \/>\n<meta name=\"author\" content=\"kreab\" \/>\n<meta name=\"twitter:card\" content=\"summary_large_image\" \/>\n<meta name=\"twitter:title\" content=\"El biometano, una apuesta estrat\u00e9gica\" \/>\n<meta name=\"twitter:description\" content=\"Es necesario actuar para mitigar el problema y frenar las causas de la crisis clim\u00e1tica.\" \/>\n<meta name=\"twitter:image\" content=\"https:\/\/revistaazulyverde.com\/ediciones\/45\/wp-content\/uploads\/sites\/7\/2020\/04\/006_EC_Lumbier_2015_baja-copia.jpg\" \/>\n<meta name=\"twitter:label1\" content=\"Escrito por\" \/>\n\t<meta name=\"twitter:data1\" content=\"kreab\" \/>\n\t<meta name=\"twitter:label2\" content=\"Tiempo de lectura\" \/>\n\t<meta name=\"twitter:data2\" content=\"3 minutos\" \/>\n<script type=\"application\/ld+json\" class=\"yoast-schema-graph\">{\"@context\":\"https:\/\/schema.org\",\"@graph\":[{\"@type\":\"WebPage\",\"@id\":\"https:\/\/revistaazulyverde.com\/ediciones\/45\/editorial-45\/\",\"url\":\"https:\/\/revistaazulyverde.com\/ediciones\/45\/editorial-45\/\",\"name\":\"La importancia de nuestro trabajo - Revista Azul y Verde n\u00ba 45\",\"isPartOf\":{\"@id\":\"https:\/\/revistaazulyverde.com\/ediciones\/45\/#website\"},\"primaryImageOfPage\":{\"@id\":\"https:\/\/revistaazulyverde.com\/ediciones\/45\/editorial-45\/#primaryimage\"},\"image\":{\"@id\":\"https:\/\/revistaazulyverde.com\/ediciones\/45\/editorial-45\/#primaryimage\"},\"thumbnailUrl\":\"https:\/\/revistaazulyverde.com\/ediciones\/45\/wp-content\/uploads\/sites\/7\/2020\/04\/006_EC_Lumbier_2015_baja-copia-2.jpg\",\"datePublished\":\"2020-04-14T08:10:44+00:00\",\"dateModified\":\"2021-09-21T16:38:54+00:00\",\"author\":{\"@id\":\"https:\/\/revistaazulyverde.com\/ediciones\/45\/#\/schema\/person\/9b72c1b1d7cc35e1bda14649587ba0d5\"},\"breadcrumb\":{\"@id\":\"https:\/\/revistaazulyverde.com\/ediciones\/45\/editorial-45\/#breadcrumb\"},\"inLanguage\":\"es\",\"potentialAction\":[{\"@type\":\"ReadAction\",\"target\":[\"https:\/\/revistaazulyverde.com\/ediciones\/45\/editorial-45\/\"]}]},{\"@type\":\"ImageObject\",\"inLanguage\":\"es\",\"@id\":\"https:\/\/revistaazulyverde.com\/ediciones\/45\/editorial-45\/#primaryimage\",\"url\":\"https:\/\/revistaazulyverde.com\/ediciones\/45\/wp-content\/uploads\/sites\/7\/2020\/04\/006_EC_Lumbier_2015_baja-copia-2.jpg\",\"contentUrl\":\"https:\/\/revistaazulyverde.com\/ediciones\/45\/wp-content\/uploads\/sites\/7\/2020\/04\/006_EC_Lumbier_2015_baja-copia-2.jpg\",\"width\":890,\"height\":890,\"caption\":\"Detalle de los aerorrefrigeradores de la estaci\u00f3n de compresi\u00f3n de Lumbier\"},{\"@type\":\"BreadcrumbList\",\"@id\":\"https:\/\/revistaazulyverde.com\/ediciones\/45\/editorial-45\/#breadcrumb\",\"itemListElement\":[{\"@type\":\"ListItem\",\"position\":1,\"name\":\"Portada\",\"item\":\"https:\/\/revistaazulyverde.com\/ediciones\/45\/\"},{\"@type\":\"ListItem\",\"position\":2,\"name\":\"La importancia de nuestro trabajo\"}]},{\"@type\":\"WebSite\",\"@id\":\"https:\/\/revistaazulyverde.com\/ediciones\/45\/#website\",\"url\":\"https:\/\/revistaazulyverde.com\/ediciones\/45\/\",\"name\":\"Revista Azul y Verde n\u00ba 45\",\"description\":\"\",\"potentialAction\":[{\"@type\":\"SearchAction\",\"target\":{\"@type\":\"EntryPoint\",\"urlTemplate\":\"https:\/\/revistaazulyverde.com\/ediciones\/45\/?s={search_term_string}\"},\"query-input\":{\"@type\":\"PropertyValueSpecification\",\"valueRequired\":true,\"valueName\":\"search_term_string\"}}],\"inLanguage\":\"es\"},{\"@type\":\"Person\",\"@id\":\"https:\/\/revistaazulyverde.com\/ediciones\/45\/#\/schema\/person\/9b72c1b1d7cc35e1bda14649587ba0d5\",\"name\":\"kreab\",\"image\":{\"@type\":\"ImageObject\",\"inLanguage\":\"es\",\"@id\":\"https:\/\/revistaazulyverde.com\/ediciones\/45\/#\/schema\/person\/image\/\",\"url\":\"https:\/\/secure.gravatar.com\/avatar\/381c1020e19602250e930f9f3b52d2009c532e4a637f87af74bf6ab72f27096c?s=96&d=mm&r=g\",\"contentUrl\":\"https:\/\/secure.gravatar.com\/avatar\/381c1020e19602250e930f9f3b52d2009c532e4a637f87af74bf6ab72f27096c?s=96&d=mm&r=g\",\"caption\":\"kreab\"},\"url\":\"https:\/\/revistaazulyverde.com\/ediciones\/45\/author\/kreab\/\"}]}<\/script>\n<!-- \/ Yoast SEO plugin. -->","yoast_head_json":{"title":"La importancia de nuestro trabajo - Revista Azul y Verde n\u00ba 45","robots":{"index":"noindex","follow":"follow","max-snippet":"max-snippet:-1","max-image-preview":"max-image-preview:large","max-video-preview":"max-video-preview:-1"},"og_locale":"es_ES","og_type":"article","og_title":"El biometano, una apuesta estrat\u00e9gica","og_description":"Es necesario actuar para mitigar el problema y frenar las causas de la crisis clim\u00e1tica.","og_url":"https:\/\/revistaazulyverde.com\/ediciones\/45\/editorial-45\/","og_site_name":"Revista Azul y Verde n\u00ba 45","article_published_time":"2020-04-14T08:10:44+00:00","article_modified_time":"2021-09-21T16:38:54+00:00","og_image":[{"width":1920,"height":890,"url":"https:\/\/revistaazulyverde.com\/ediciones\/45\/wp-content\/uploads\/sites\/7\/2020\/04\/006_EC_Lumbier_2015_baja-copia.jpg","type":"image\/jpeg"}],"author":"kreab","twitter_card":"summary_large_image","twitter_title":"El biometano, una apuesta estrat\u00e9gica","twitter_description":"Es necesario actuar para mitigar el problema y frenar las causas de la crisis clim\u00e1tica.","twitter_image":"https:\/\/revistaazulyverde.com\/ediciones\/45\/wp-content\/uploads\/sites\/7\/2020\/04\/006_EC_Lumbier_2015_baja-copia.jpg","twitter_misc":{"Escrito por":"kreab","Tiempo de lectura":"3 minutos"},"schema":{"@context":"https:\/\/schema.org","@graph":[{"@type":"WebPage","@id":"https:\/\/revistaazulyverde.com\/ediciones\/45\/editorial-45\/","url":"https:\/\/revistaazulyverde.com\/ediciones\/45\/editorial-45\/","name":"La importancia de nuestro trabajo - Revista Azul y Verde n\u00ba 45","isPartOf":{"@id":"https:\/\/revistaazulyverde.com\/ediciones\/45\/#website"},"primaryImageOfPage":{"@id":"https:\/\/revistaazulyverde.com\/ediciones\/45\/editorial-45\/#primaryimage"},"image":{"@id":"https:\/\/revistaazulyverde.com\/ediciones\/45\/editorial-45\/#primaryimage"},"thumbnailUrl":"https:\/\/revistaazulyverde.com\/ediciones\/45\/wp-content\/uploads\/sites\/7\/2020\/04\/006_EC_Lumbier_2015_baja-copia-2.jpg","datePublished":"2020-04-14T08:10:44+00:00","dateModified":"2021-09-21T16:38:54+00:00","author":{"@id":"https:\/\/revistaazulyverde.com\/ediciones\/45\/#\/schema\/person\/9b72c1b1d7cc35e1bda14649587ba0d5"},"breadcrumb":{"@id":"https:\/\/revistaazulyverde.com\/ediciones\/45\/editorial-45\/#breadcrumb"},"inLanguage":"es","potentialAction":[{"@type":"ReadAction","target":["https:\/\/revistaazulyverde.com\/ediciones\/45\/editorial-45\/"]}]},{"@type":"ImageObject","inLanguage":"es","@id":"https:\/\/revistaazulyverde.com\/ediciones\/45\/editorial-45\/#primaryimage","url":"https:\/\/revistaazulyverde.com\/ediciones\/45\/wp-content\/uploads\/sites\/7\/2020\/04\/006_EC_Lumbier_2015_baja-copia-2.jpg","contentUrl":"https:\/\/revistaazulyverde.com\/ediciones\/45\/wp-content\/uploads\/sites\/7\/2020\/04\/006_EC_Lumbier_2015_baja-copia-2.jpg","width":890,"height":890,"caption":"Detalle de los aerorrefrigeradores de la estaci\u00f3n de compresi\u00f3n de Lumbier"},{"@type":"BreadcrumbList","@id":"https:\/\/revistaazulyverde.com\/ediciones\/45\/editorial-45\/#breadcrumb","itemListElement":[{"@type":"ListItem","position":1,"name":"Portada","item":"https:\/\/revistaazulyverde.com\/ediciones\/45\/"},{"@type":"ListItem","position":2,"name":"La importancia de nuestro trabajo"}]},{"@type":"WebSite","@id":"https:\/\/revistaazulyverde.com\/ediciones\/45\/#website","url":"https:\/\/revistaazulyverde.com\/ediciones\/45\/","name":"Revista Azul y Verde n\u00ba 45","description":"","potentialAction":[{"@type":"SearchAction","target":{"@type":"EntryPoint","urlTemplate":"https:\/\/revistaazulyverde.com\/ediciones\/45\/?s={search_term_string}"},"query-input":{"@type":"PropertyValueSpecification","valueRequired":true,"valueName":"search_term_string"}}],"inLanguage":"es"},{"@type":"Person","@id":"https:\/\/revistaazulyverde.com\/ediciones\/45\/#\/schema\/person\/9b72c1b1d7cc35e1bda14649587ba0d5","name":"kreab","image":{"@type":"ImageObject","inLanguage":"es","@id":"https:\/\/revistaazulyverde.com\/ediciones\/45\/#\/schema\/person\/image\/","url":"https:\/\/secure.gravatar.com\/avatar\/381c1020e19602250e930f9f3b52d2009c532e4a637f87af74bf6ab72f27096c?s=96&d=mm&r=g","contentUrl":"https:\/\/secure.gravatar.com\/avatar\/381c1020e19602250e930f9f3b52d2009c532e4a637f87af74bf6ab72f27096c?s=96&d=mm&r=g","caption":"kreab"},"url":"https:\/\/revistaazulyverde.com\/ediciones\/45\/author\/kreab\/"}]}},"_links":{"self":[{"href":"https:\/\/revistaazulyverde.com\/ediciones\/45\/wp-json\/wp\/v2\/posts\/5510","targetHints":{"allow":["GET"]}}],"collection":[{"href":"https:\/\/revistaazulyverde.com\/ediciones\/45\/wp-json\/wp\/v2\/posts"}],"about":[{"href":"https:\/\/revistaazulyverde.com\/ediciones\/45\/wp-json\/wp\/v2\/types\/post"}],"author":[{"embeddable":true,"href":"https:\/\/revistaazulyverde.com\/ediciones\/45\/wp-json\/wp\/v2\/users\/2"}],"replies":[{"embeddable":true,"href":"https:\/\/revistaazulyverde.com\/ediciones\/45\/wp-json\/wp\/v2\/comments?post=5510"}],"version-history":[{"count":95,"href":"https:\/\/revistaazulyverde.com\/ediciones\/45\/wp-json\/wp\/v2\/posts\/5510\/revisions"}],"predecessor-version":[{"id":7223,"href":"https:\/\/revistaazulyverde.com\/ediciones\/45\/wp-json\/wp\/v2\/posts\/5510\/revisions\/7223"}],"wp:featuredmedia":[{"embeddable":true,"href":"https:\/\/revistaazulyverde.com\/ediciones\/45\/wp-json\/wp\/v2\/media\/7190"}],"wp:attachment":[{"href":"https:\/\/revistaazulyverde.com\/ediciones\/45\/wp-json\/wp\/v2\/media?parent=5510"}],"wp:term":[{"taxonomy":"category","embeddable":true,"href":"https:\/\/revistaazulyverde.com\/ediciones\/45\/wp-json\/wp\/v2\/categories?post=5510"},{"taxonomy":"post_tag","embeddable":true,"href":"https:\/\/revistaazulyverde.com\/ediciones\/45\/wp-json\/wp\/v2\/tags?post=5510"}],"curies":[{"name":"wp","href":"https:\/\/api.w.org\/{rel}","templated":true}]}}