{"id":4701,"date":"2020-03-10T13:42:32","date_gmt":"2020-03-10T13:42:32","guid":{"rendered":"https:\/\/revistaazulyverde.com\/ediciones\/45\/?p=4701"},"modified":"2021-09-21T19:00:28","modified_gmt":"2021-09-21T17:00:28","slug":"gerencia-comercial","status":"publish","type":"post","link":"https:\/\/revistaazulyverde.com\/ediciones\/45\/gerencia-comercial\/","title":{"rendered":"Gerencia Comercial"},"content":{"rendered":"<div class=\"wpb-content-wrapper\"><p>[vc_row full_width=\u00bbstretch_row_content\u00bb el_class=\u00bbvisible\u00bb el_id=\u00bbheader-post\u00bb][vc_column][vc_column_text el_class=\u00bbamarillo\u00bb]<div class=\"bg-post\" style=\"background-image: url(https:\/\/revistaazulyverde.com\/ediciones\/45\/wp-content\/uploads\/sites\/7\/2020\/03\/que-hacemos-en-45-copia.png)\"><\/div><br \/>\n<div class=\"categoria\" data-color=\"#ffb81c\" style=\"background-color: #ffb81c\"><span class=\"parent\">Equipo Enag\u00e1s<\/span><span class=\"cat\">\u00bfQu\u00e9 hacemos en...?<\/span><\/div>[\/vc_column_text][vc_custom_heading source=\u00bbpost_title\u00bb font_container=\u00bbtag:h1|font_size:70px|text_align:center|color:%23ffffff\u00bb google_fonts=\u00bbfont_family:PT%20Serif%3Aregular%2Citalic%2C700%2C700italic|font_style:700%20bold%20italic%3A700%3Aitalic\u00bb el_class=\u00bblowercase\u00bb css=\u00bb.vc_custom_1631867886597{margin-top: 0px !important;border-top-width: px !important;}\u00bb][\/vc_column][\/vc_row][vc_row el_class=\u00bbmw965&#8243; css=\u00bb.vc_custom_1594712119149{padding-top: 40px !important;}\u00bb][vc_column][vc_column_text]La\u00a0<strong>Gerencia Comercial de Enag\u00e1s<\/strong>, dependiente de la Direcci\u00f3n de Servicios, que lidera Luis Iglesias, <strong>se ha consolidado en sus tres primeros a\u00f1os de andadura como un \u00e1rea estrat\u00e9gica y de valor a\u00f1adido para la empresa<\/strong>. A trav\u00e9s de la sociedad Enag\u00e1s Services Solutions, este \u00e1rea nace en 2018 con el objetivo de ofrecer servicios a terceros aprovechando la experiencia y liderazgo de Enag\u00e1s como referente a nivel internacional en la industria del gas natural y el sector energ\u00e9tico.[\/vc_column_text][vc_column_text]Desde entonces, la <strong>Gerencia ha dado un salto exponencial en el n\u00famero de proyectos en los que ha participado (m\u00e1s de 40) y en generaci\u00f3n de negocio<\/strong>. El apoyo y la colaboraci\u00f3n transversal, uniendo perfiles y \u00e1reas del grupo complementarias, ha sido clave para afianzarse, seg\u00fan coincide el equipo involucrado en este departamento (\u00c1lvaro P\u00e9rez Tejada, gerente Comercial, y los coordinadores de Servicios Carlos Agud\u00edn, Pablo Garc\u00eda-Salmones y Alejandra Siles). \u201cSon compa\u00f1eros y compa\u00f1eras que reportan a otras \u00e1reas de la empresa, pero siempre se han comprometido a participar en las propuestas con gran motivaci\u00f3n y cumpliendo con los tiempos ajustados con los que trabajamos cuando preparamos una oferta para una licitaci\u00f3n\u201d, indica P\u00e9rez Tejada.[\/vc_column_text][vc_empty_space][vc_single_image image=\u00bb7050&#8243; img_size=\u00bblarge\u00bb add_caption=\u00bbyes\u00bb alignment=\u00bbcenter\u00bb onclick=\u00bblink_image\u00bb][vc_empty_space][vc_column_text]La labor de la Gerencia Comercial consiste en la <strong>b\u00fasqueda de nuevas oportunidades de prestaci\u00f3n de servicios<\/strong> que normalmente se lleva a cabo participando en procesos competitivos. No obstante, como comentan, \u201ccada vez m\u00e1s vienen a buscarnos\u201d. A esta tarea se suma su correcta gesti\u00f3n, seguimiento, interlocuci\u00f3n con el cliente y la facturaci\u00f3n de los servicios. Como indica Garc\u00eda-Salmones \u201cel d\u00eda a d\u00eda es intenso y variado pero, gracias al \u00e9xito en el cambio cultural de la compa\u00f1\u00eda y a la implicaci\u00f3n de todos los equipos, cada vez podemos ofertar m\u00e1s servicios\u201d.[\/vc_column_text][vc_empty_space][vc_single_image image=\u00bb7111&#8243; img_size=\u00bblarge\u00bb alignment=\u00bbcenter\u00bb onclick=\u00bblink_image\u00bb][vc_empty_space][vc_column_text]Durante estos tres a\u00f1os de operativa, el departamento tambi\u00e9n se ha convertido en una <strong>plataforma para el crecimiento internacional de Enag\u00e1s<\/strong>, participando en numerosos proyectos internacionales en pa\u00edses en los que previamente no se hab\u00eda tenido presencia. Esta Gerencia, adem\u00e1s, colabora estrechamente con las participadas de Enag\u00e1s alrededor del mundo, prest\u00e1ndoles diversos servicios que ayudan al crecimiento de las mismas y ponen de manifiesto la labor de la compa\u00f1\u00eda como socio industrial.[\/vc_column_text][vc_column_text]El equipo de la Gerencia Comercial se adapta por completo a las necesidades del cliente en la propuesta de valor de los procesos de licitaci\u00f3n en los que participa. No obstante, destacan la operaci\u00f3n y mantenimiento de plantas de GNL y los servicios de \u00edndole medioambiental, como la gesti\u00f3n de las emisiones fugitivas, como aquellos servicios m\u00e1s demandados, indica Carlos Agud\u00edn. En este sentido, ponen en valor el proyecto m\u00e1s ambicioso en el que se han involucrado hasta la fecha: el servicio integral de operaci\u00f3n y mantenimiento de una planta de regasificaci\u00f3n en Kuwait. Esta iniciativa, en el que colaboran con dos socios (Desfa y Snam), permite a Enag\u00e1s aplicar su conocimiento en este campo. En la actualidad, ya cuentan con cuatro personas de Enag\u00e1s sobre el terreno, ocupando las posiciones de jefe de Operaciones (1) y operadores de panel (3).[\/vc_column_text][vc_empty_space][vc_single_image image=\u00bb7110&#8243; img_size=\u00bblarge\u00bb alignment=\u00bbcenter\u00bb onclick=\u00bblink_image\u00bb][vc_empty_space][vc_column_text]Otra \u00e1rea de negocio en la que Gerencia Comercial est\u00e1 consolidado crecimiento y generando ingresos recurrentes es la <strong>fibra \u00f3ptica<\/strong>. Enag\u00e1s Services Solutions junto a Axion ha impulsado la sociedad Axent para <strong>rentabilizar el excedente<\/strong> de fibra \u00f3ptica de la red de gasoductos y la gerencia comercial est\u00e1 ayudando en su crecimiento como compa\u00f1\u00eda prestando diversos servicios a la misma[\/vc_column_text][vc_column_text]En su gesti\u00f3n de servicios para terceros, los responsables del equipo comercial tambi\u00e9n ponen de relevancia la colaboraci\u00f3n y sinergias con <em>startups<\/em> especializadas en ofrecer soluciones en el mercado del gas. \u00c9stas han surgido en el marco del programa de <em>corporate venturing<\/em> Enag\u00e1s Emprende, como Vira Gas o Scale Gas, aliados tambi\u00e9n en proyectos de prestaci\u00f3n de servicios a terceros. En esta l\u00ednea, Enag\u00e1s Services Solutions est\u00e1 colaborando con Scale Gas, empresa participada por Enag\u00e1s Emprende, ayudando en la puesta en marcha de la planta de GNL de R\u00e1vena, de la que es accionista Scale Gas. Por su parte, Vira Gas est\u00e1 colaborando con la gerencia en la realizaci\u00f3n de campa\u00f1as de emisiones fugitivas en todas las plantas de GNL en M\u00e9xico, as\u00ed como en el gasoducto TAP en los tres pa\u00edses por los que transcurre: Grecia, Albania e Italia.[\/vc_column_text][vc_empty_space][vc_single_image image=\u00bb7109&#8243; img_size=\u00bblarge\u00bb alignment=\u00bbcenter\u00bb onclick=\u00bblink_image\u00bb][vc_empty_space][vc_column_text]<em>En la foto de equipo aparecen de izda. a dcha.: Gabriela Casta\u00f1er, Pablo Garc\u00eda-Salmones, Alejandra Siles, Carlos Agud\u00edn, Greta Villacampa y \u00c1lvaro P\u00e9rez.<\/em>[\/vc_column_text][\/vc_column][\/vc_row][vc_row el_class=\u00bbmw1230&#8243; css=\u00bb.vc_custom_1584093612893{padding-top: 40px !important;}\u00bb][vc_column]<div class=\"edgtf-news-holder edgtf-post-carousel5 edgtf-small-space\"  data-post-status=publish data-ignore-sticky-posts=1 data-posts-per-page=6 data-paged=1 data-max-num-pages=2 data-next-page=2 data-title-tag=h3 data-image-size=custom data-custom-image-width=370 data-custom-image-height=267 data-display-categories=yes data-display-excerpt=no data-display-date=no data-date-format=difference data-display-like=no data-display-comments=no data-display-share=no data-display-hot-trending-icons=no data-layout=edgtf_post_carousel5><div class=\"edgtf-news-list-inner edgtf-owl-slider\" data-number-of-items=\"4\"   data-slider-speed=\"4000\" data-slider-speed-animation=\"600\"   data-enable-auto-height=\"yes\"><div class=\"edgtf-news-item edgtf-layout1-item edgtf-item-space\" data-color=\"#9cb700\">\n\t<div class=\"edgtf-ni-image-holder\">\n\t\t\t<div class=\"edgtf-post-image\">\n\t\t<a itemprop=\"url\" href=\"https:\/\/revistaazulyverde.com\/ediciones\/45\/biometano-aliado-transicion-energetica\/\" title=\"El biometano, aliado para la transici\u00f3n energ\u00e9tica y una oportunidad para Espa\u00f1a\">\n\t\t\t<img loading=\"lazy\" decoding=\"async\" src=\"https:\/\/revistaazulyverde.com\/ediciones\/45\/wp-content\/uploads\/sites\/7\/2020\/04\/img01-370x267.jpg\" alt=\"\" width=\"370\" height=\"267\" \/>\t\t<\/a>\n\t<\/div>\n        <div class=\"edgtf-ni-like-comments-share-holder\">\n                                            <\/div>\n\t<\/div>\n\t<div class=\"edgtf-ni-content\">\n\t\t<div class=\"edgtf-ni-info edgtf-ni-info-top\">\n            \t<div class=\"edgtf-post-info-category\">\n\t\t<a href=\"https:\/\/revistaazulyverde.com\/ediciones\/45\/category\/actualidad\/a-fondo\/\" rel=\"category tag\">A fondo<\/a>\t<\/div>\n\t\t<\/div>\n\t\t\n<h3 itemprop=\"name\" class=\"entry-title edgtf-post-title \" >\n<a itemprop=\"url\" href=\"https:\/\/revistaazulyverde.com\/ediciones\/45\/biometano-aliado-transicion-energetica\/\" title=\"El biometano, aliado para la transici\u00f3n energ\u00e9tica y una oportunidad para Espa\u00f1a\">\n    El biometano, aliado para la transici\u00f3n energ\u00e9tica y una oportunidad para Espa\u00f1a<\/a>\n<\/h3>\t\t\t\t<div class=\"edgtf-ni-info edgtf-ni-info-bottom\">\n                        \t\t<\/div>\n\t<\/div>\n<\/div><div class=\"edgtf-news-item edgtf-layout1-item edgtf-item-space\" data-color=\"#007aae\">\n\t<div class=\"edgtf-ni-image-holder\">\n\t\t\t<div class=\"edgtf-post-image\">\n\t\t<a itemprop=\"url\" href=\"https:\/\/revistaazulyverde.com\/ediciones\/45\/editorial-45\/\" title=\"La importancia de nuestro trabajo\">\n\t\t\t<img loading=\"lazy\" decoding=\"async\" src=\"https:\/\/revistaazulyverde.com\/ediciones\/45\/wp-content\/uploads\/sites\/7\/2020\/04\/006_EC_Lumbier_2015_baja-copia-2-370x267.jpg\" alt=\"\" width=\"370\" height=\"267\" \/>\t\t<\/a>\n\t<\/div>\n        <div class=\"edgtf-ni-like-comments-share-holder\">\n                                            <\/div>\n\t<\/div>\n\t<div class=\"edgtf-ni-content\">\n\t\t<div class=\"edgtf-ni-info edgtf-ni-info-top\">\n            \t<div class=\"edgtf-post-info-category\">\n\t\t<a href=\"https:\/\/revistaazulyverde.com\/ediciones\/45\/category\/editorial\/\" rel=\"category tag\">Editorial<\/a>\t<\/div>\n\t\t<\/div>\n\t\t\n<h3 itemprop=\"name\" class=\"entry-title edgtf-post-title \" >\n<a itemprop=\"url\" href=\"https:\/\/revistaazulyverde.com\/ediciones\/45\/editorial-45\/\" title=\"La importancia de nuestro trabajo\">\n    La importancia de nuestro trabajo<\/a>\n<\/h3>\t\t\t\t<div class=\"edgtf-ni-info edgtf-ni-info-bottom\">\n                        \t\t<\/div>\n\t<\/div>\n<\/div><div class=\"edgtf-news-item edgtf-layout1-item edgtf-item-space\" data-color=\"#ffb81c\">\n\t<div class=\"edgtf-ni-image-holder\">\n\t\t\t<div class=\"edgtf-post-image\">\n\t\t<a itemprop=\"url\" href=\"https:\/\/revistaazulyverde.com\/ediciones\/45\/golf-oscar-gomez\/\" title=\"El golf, mucho m\u00e1s que un deporte para \u00d3scar G\u00f3mez\">\n\t\t\t<img loading=\"lazy\" decoding=\"async\" src=\"https:\/\/revistaazulyverde.com\/ediciones\/45\/wp-content\/uploads\/sites\/7\/2020\/03\/Oscar-gomez-golf-6-e1631690026510-370x267.png\" alt=\"\" width=\"370\" height=\"267\" \/>\t\t<\/a>\n\t<\/div>\n        <div class=\"edgtf-ni-like-comments-share-holder\">\n                                            <\/div>\n\t<\/div>\n\t<div class=\"edgtf-ni-content\">\n\t\t<div class=\"edgtf-ni-info edgtf-ni-info-top\">\n            \t<div class=\"edgtf-post-info-category\">\n\t\t<a href=\"https:\/\/revistaazulyverde.com\/ediciones\/45\/category\/equipo-enagas\/mas-alla-de-enagas\/\" rel=\"category tag\">M\u00e1s all\u00e1 de Enag\u00e1s<\/a>\t<\/div>\n\t\t<\/div>\n\t\t\n<h3 itemprop=\"name\" class=\"entry-title edgtf-post-title \" >\n<a itemprop=\"url\" href=\"https:\/\/revistaazulyverde.com\/ediciones\/45\/golf-oscar-gomez\/\" title=\"El golf, mucho m\u00e1s que un deporte para \u00d3scar G\u00f3mez\">\n    El golf, mucho m\u00e1s que un deporte para \u00d3scar G\u00f3mez<\/a>\n<\/h3>\t\t\t\t<div class=\"edgtf-ni-info edgtf-ni-info-bottom\">\n                        \t\t<\/div>\n\t<\/div>\n<\/div><div class=\"edgtf-news-item edgtf-layout1-item edgtf-item-space\" data-color=\"#ffb81c\">\n\t<div class=\"edgtf-ni-image-holder\">\n\t\t\t<div class=\"edgtf-post-image\">\n\t\t<a itemprop=\"url\" href=\"https:\/\/revistaazulyverde.com\/ediciones\/45\/enagas-experiencia-empleado\/\" title=\"La conexi\u00f3n que nos define\">\n\t\t\t<img loading=\"lazy\" decoding=\"async\" src=\"https:\/\/revistaazulyverde.com\/ediciones\/45\/wp-content\/uploads\/sites\/7\/2020\/03\/de-persona-a-persona-45-1-e1631693915259-370x267.png\" alt=\"\" width=\"370\" height=\"267\" \/>\t\t<\/a>\n\t<\/div>\n        <div class=\"edgtf-ni-like-comments-share-holder\">\n                                            <\/div>\n\t<\/div>\n\t<div class=\"edgtf-ni-content\">\n\t\t<div class=\"edgtf-ni-info edgtf-ni-info-top\">\n            \t<div class=\"edgtf-post-info-category\">\n\t\t<a href=\"https:\/\/revistaazulyverde.com\/ediciones\/45\/category\/equipo-enagas\/de-persona-a-persona\/\" rel=\"category tag\">De persona a persona<\/a>\t<\/div>\n\t\t<\/div>\n\t\t\n<h3 itemprop=\"name\" class=\"entry-title edgtf-post-title \" >\n<a itemprop=\"url\" href=\"https:\/\/revistaazulyverde.com\/ediciones\/45\/enagas-experiencia-empleado\/\" title=\"La conexi\u00f3n que nos define\">\n    La conexi\u00f3n que nos define<\/a>\n<\/h3>\t\t\t\t<div class=\"edgtf-ni-info edgtf-ni-info-bottom\">\n                        \t\t<\/div>\n\t<\/div>\n<\/div><div class=\"edgtf-news-item edgtf-layout1-item edgtf-item-space\" data-color=\"#007aae\">\n\t<div class=\"edgtf-ni-image-holder\">\n\t\t\t<div class=\"edgtf-post-image\">\n\t\t<a itemprop=\"url\" href=\"https:\/\/revistaazulyverde.com\/ediciones\/45\/scale-gas-facilita-transicion\/\" title=\"Scale Gas facilita la transici\u00f3n energ\u00e9tica en el mercado de peque\u00f1a escala de GNL\">\n\t\t\t<img loading=\"lazy\" decoding=\"async\" src=\"https:\/\/revistaazulyverde.com\/ediciones\/45\/wp-content\/uploads\/sites\/7\/2020\/03\/13-copia-e1632157553788-370x267.png\" alt=\"\" width=\"370\" height=\"267\" \/>\t\t<\/a>\n\t<\/div>\n        <div class=\"edgtf-ni-like-comments-share-holder\">\n                                            <\/div>\n\t<\/div>\n\t<div class=\"edgtf-ni-content\">\n\t\t<div class=\"edgtf-ni-info edgtf-ni-info-top\">\n            \t<div class=\"edgtf-post-info-category\">\n\t\t<a href=\"https:\/\/revistaazulyverde.com\/ediciones\/45\/category\/nuestra-actividad\/adn-enagas-startups\/\" rel=\"category tag\">ADN startup<\/a>\t<\/div>\n\t\t<\/div>\n\t\t\n<h3 itemprop=\"name\" class=\"entry-title edgtf-post-title \" >\n<a itemprop=\"url\" href=\"https:\/\/revistaazulyverde.com\/ediciones\/45\/scale-gas-facilita-transicion\/\" title=\"Scale Gas facilita la transici\u00f3n energ\u00e9tica en el mercado de peque\u00f1a escala de GNL\">\n    Scale Gas facilita la transici\u00f3n energ\u00e9tica en el mercado de peque\u00f1a escala de GNL<\/a>\n<\/h3>\t\t\t\t<div class=\"edgtf-ni-info edgtf-ni-info-bottom\">\n                        \t\t<\/div>\n\t<\/div>\n<\/div><div class=\"edgtf-news-item edgtf-layout1-item edgtf-item-space\" data-color=\"#ffb81c\">\n\t<div class=\"edgtf-ni-image-holder\">\n\t\t\t<div class=\"edgtf-post-image\">\n\t\t<a itemprop=\"url\" href=\"https:\/\/revistaazulyverde.com\/ediciones\/45\/gerencia-comercial\/\" title=\"Gerencia Comercial\">\n\t\t\t<img loading=\"lazy\" decoding=\"async\" src=\"https:\/\/revistaazulyverde.com\/ediciones\/45\/wp-content\/uploads\/sites\/7\/2020\/03\/que-hacemos-en-45-copia-1-e1631867594524-370x267.png\" alt=\"\" width=\"370\" height=\"267\" \/>\t\t<\/a>\n\t<\/div>\n        <div class=\"edgtf-ni-like-comments-share-holder\">\n                                            <\/div>\n\t<\/div>\n\t<div class=\"edgtf-ni-content\">\n\t\t<div class=\"edgtf-ni-info edgtf-ni-info-top\">\n            \t<div class=\"edgtf-post-info-category\">\n\t\t<a href=\"https:\/\/revistaazulyverde.com\/ediciones\/45\/category\/equipo-enagas\/que-hacemos-en\/\" rel=\"category tag\">\u00bfQu\u00e9 hacemos en...?<\/a>\t<\/div>\n\t\t<\/div>\n\t\t\n<h3 itemprop=\"name\" class=\"entry-title edgtf-post-title \" >\n<a itemprop=\"url\" href=\"https:\/\/revistaazulyverde.com\/ediciones\/45\/gerencia-comercial\/\" title=\"Gerencia Comercial\">\n    Gerencia Comercial<\/a>\n<\/h3>\t\t\t\t<div class=\"edgtf-ni-info edgtf-ni-info-bottom\">\n                        \t\t<\/div>\n\t<\/div>\n<\/div><\/div><\/div>[\/vc_column][\/vc_row]<\/p>\n<\/div>","protected":false},"excerpt":{"rendered":"<p>[vc_row full_width=\u00bbstretch_row_content\u00bb el_class=\u00bbvisible\u00bb el_id=\u00bbheader-post\u00bb][vc_column][vc_column_text el_class=\u00bbamarillo\u00bb] [\/vc_column_text][vc_custom_heading source=\u00bbpost_title\u00bb font_container=\u00bbtag:h1|font_size:70px|text_align:center|color:%23ffffff\u00bb google_fonts=\u00bbfont_family:PT%20Serif%3Aregular%2Citalic%2C700%2C700italic|font_style:700%20bold%20italic%3A700%3Aitalic\u00bb el_class=\u00bblowercase\u00bb css=\u00bb.vc_custom_1631867886597{margin-top: 0px !important;border-top-width: px !important;}\u00bb][\/vc_column][\/vc_row][vc_row el_class=\u00bbmw965&#8243; css=\u00bb.vc_custom_1594712119149{padding-top: 40px !important;}\u00bb][vc_column][vc_column_text]La\u00a0Gerencia Comercial de Enag\u00e1s, dependiente de la Direcci\u00f3n de Servicios, que lidera Luis Iglesias, se ha consolidado en sus tres primeros a\u00f1os [&hellip;]<\/p>\n","protected":false},"author":1,"featured_media":7158,"comment_status":"open","ping_status":"open","sticky":false,"template":"","format":"standard","meta":{"_acf_changed":false,"footnotes":""},"categories":[58],"tags":[],"class_list":["post-4701","post","type-post","status-publish","format-standard","has-post-thumbnail","hentry","category-que-hacemos-en"],"acf":[],"yoast_head":"<!-- This site is optimized with the Yoast SEO plugin v24.9 - https:\/\/yoast.com\/wordpress\/plugins\/seo\/ -->\n<title>Gerencia Comercial - Revista Azul y Verde n\u00ba 45<\/title>\n<meta name=\"robots\" content=\"noindex, follow, max-snippet:-1, max-image-preview:large, max-video-preview:-1\" \/>\n<meta property=\"og:locale\" content=\"es_ES\" \/>\n<meta property=\"og:type\" content=\"article\" \/>\n<meta property=\"og:title\" content=\"Gerencia Comercial\" \/>\n<meta property=\"og:description\" content=\"La\u00a0Gerencia Comercial de Enag\u00e1s se ha consolidado en sus tres primeros a\u00f1os de andadura como un \u00e1rea estrat\u00e9gica y de valor a\u00f1adido para la empresa.\" \/>\n<meta property=\"og:url\" content=\"https:\/\/revistaazulyverde.com\/ediciones\/45\/gerencia-comercial\/\" \/>\n<meta property=\"og:site_name\" content=\"Revista Azul y Verde n\u00ba 45\" \/>\n<meta property=\"article:published_time\" content=\"2020-03-10T13:42:32+00:00\" \/>\n<meta property=\"article:modified_time\" content=\"2021-09-21T17:00:28+00:00\" \/>\n<meta property=\"og:image\" content=\"https:\/\/revistaazulyverde.com\/ediciones\/45\/wp-content\/uploads\/sites\/7\/2020\/03\/que-hacemos-en-45-copia.png\" \/>\n\t<meta property=\"og:image:width\" content=\"1920\" \/>\n\t<meta property=\"og:image:height\" content=\"890\" \/>\n\t<meta property=\"og:image:type\" content=\"image\/png\" \/>\n<meta name=\"author\" content=\"labsgrup_david\" \/>\n<meta name=\"twitter:card\" content=\"summary_large_image\" \/>\n<meta name=\"twitter:title\" content=\"Gerencia Comercial\" \/>\n<meta name=\"twitter:description\" content=\"La\u00a0Gerencia Comercial de Enag\u00e1s se ha consolidado en sus tres primeros a\u00f1os de andadura como un \u00e1rea estrat\u00e9gica y de valor a\u00f1adido para la empresa.\" \/>\n<meta name=\"twitter:image\" content=\"https:\/\/revistaazulyverde.com\/ediciones\/45\/wp-content\/uploads\/sites\/7\/2020\/03\/que-hacemos-en-45-copia.png\" \/>\n<meta name=\"twitter:label1\" content=\"Escrito por\" \/>\n\t<meta name=\"twitter:data1\" content=\"labsgrup_david\" \/>\n\t<meta name=\"twitter:label2\" content=\"Tiempo de lectura\" \/>\n\t<meta name=\"twitter:data2\" content=\"4 minutos\" \/>\n<script type=\"application\/ld+json\" class=\"yoast-schema-graph\">{\"@context\":\"https:\/\/schema.org\",\"@graph\":[{\"@type\":\"WebPage\",\"@id\":\"https:\/\/revistaazulyverde.com\/ediciones\/45\/gerencia-comercial\/\",\"url\":\"https:\/\/revistaazulyverde.com\/ediciones\/45\/gerencia-comercial\/\",\"name\":\"Gerencia Comercial - Revista Azul y Verde n\u00ba 45\",\"isPartOf\":{\"@id\":\"https:\/\/revistaazulyverde.com\/ediciones\/45\/#website\"},\"primaryImageOfPage\":{\"@id\":\"https:\/\/revistaazulyverde.com\/ediciones\/45\/gerencia-comercial\/#primaryimage\"},\"image\":{\"@id\":\"https:\/\/revistaazulyverde.com\/ediciones\/45\/gerencia-comercial\/#primaryimage\"},\"thumbnailUrl\":\"https:\/\/revistaazulyverde.com\/ediciones\/45\/wp-content\/uploads\/sites\/7\/2020\/03\/que-hacemos-en-45-copia-1-e1631867594524.png\",\"datePublished\":\"2020-03-10T13:42:32+00:00\",\"dateModified\":\"2021-09-21T17:00:28+00:00\",\"author\":{\"@id\":\"https:\/\/revistaazulyverde.com\/ediciones\/45\/#\/schema\/person\/74598fcf6aa3967744b6de5182a76d51\"},\"breadcrumb\":{\"@id\":\"https:\/\/revistaazulyverde.com\/ediciones\/45\/gerencia-comercial\/#breadcrumb\"},\"inLanguage\":\"es\",\"potentialAction\":[{\"@type\":\"ReadAction\",\"target\":[\"https:\/\/revistaazulyverde.com\/ediciones\/45\/gerencia-comercial\/\"]}]},{\"@type\":\"ImageObject\",\"inLanguage\":\"es\",\"@id\":\"https:\/\/revistaazulyverde.com\/ediciones\/45\/gerencia-comercial\/#primaryimage\",\"url\":\"https:\/\/revistaazulyverde.com\/ediciones\/45\/wp-content\/uploads\/sites\/7\/2020\/03\/que-hacemos-en-45-copia-1-e1631867594524.png\",\"contentUrl\":\"https:\/\/revistaazulyverde.com\/ediciones\/45\/wp-content\/uploads\/sites\/7\/2020\/03\/que-hacemos-en-45-copia-1-e1631867594524.png\",\"width\":888,\"height\":888},{\"@type\":\"BreadcrumbList\",\"@id\":\"https:\/\/revistaazulyverde.com\/ediciones\/45\/gerencia-comercial\/#breadcrumb\",\"itemListElement\":[{\"@type\":\"ListItem\",\"position\":1,\"name\":\"Portada\",\"item\":\"https:\/\/revistaazulyverde.com\/ediciones\/45\/\"},{\"@type\":\"ListItem\",\"position\":2,\"name\":\"Gerencia Comercial\"}]},{\"@type\":\"WebSite\",\"@id\":\"https:\/\/revistaazulyverde.com\/ediciones\/45\/#website\",\"url\":\"https:\/\/revistaazulyverde.com\/ediciones\/45\/\",\"name\":\"Revista Azul y Verde n\u00ba 45\",\"description\":\"\",\"potentialAction\":[{\"@type\":\"SearchAction\",\"target\":{\"@type\":\"EntryPoint\",\"urlTemplate\":\"https:\/\/revistaazulyverde.com\/ediciones\/45\/?s={search_term_string}\"},\"query-input\":{\"@type\":\"PropertyValueSpecification\",\"valueRequired\":true,\"valueName\":\"search_term_string\"}}],\"inLanguage\":\"es\"},{\"@type\":\"Person\",\"@id\":\"https:\/\/revistaazulyverde.com\/ediciones\/45\/#\/schema\/person\/74598fcf6aa3967744b6de5182a76d51\",\"name\":\"labsgrup_david\",\"image\":{\"@type\":\"ImageObject\",\"inLanguage\":\"es\",\"@id\":\"https:\/\/revistaazulyverde.com\/ediciones\/45\/#\/schema\/person\/image\/\",\"url\":\"https:\/\/secure.gravatar.com\/avatar\/62084aa808bed3aa09d30a1491f370f354141a4cce95d43e329375d88b688338?s=96&d=mm&r=g\",\"contentUrl\":\"https:\/\/secure.gravatar.com\/avatar\/62084aa808bed3aa09d30a1491f370f354141a4cce95d43e329375d88b688338?s=96&d=mm&r=g\",\"caption\":\"labsgrup_david\"},\"url\":\"https:\/\/revistaazulyverde.com\/ediciones\/45\/author\/labsgrup_david\/\"}]}<\/script>\n<!-- \/ Yoast SEO plugin. -->","yoast_head_json":{"title":"Gerencia Comercial - Revista Azul y Verde n\u00ba 45","robots":{"index":"noindex","follow":"follow","max-snippet":"max-snippet:-1","max-image-preview":"max-image-preview:large","max-video-preview":"max-video-preview:-1"},"og_locale":"es_ES","og_type":"article","og_title":"Gerencia Comercial","og_description":"La\u00a0Gerencia Comercial de Enag\u00e1s se ha consolidado en sus tres primeros a\u00f1os de andadura como un \u00e1rea estrat\u00e9gica y de valor a\u00f1adido para la empresa.","og_url":"https:\/\/revistaazulyverde.com\/ediciones\/45\/gerencia-comercial\/","og_site_name":"Revista Azul y Verde n\u00ba 45","article_published_time":"2020-03-10T13:42:32+00:00","article_modified_time":"2021-09-21T17:00:28+00:00","og_image":[{"width":1920,"height":890,"url":"https:\/\/revistaazulyverde.com\/ediciones\/45\/wp-content\/uploads\/sites\/7\/2020\/03\/que-hacemos-en-45-copia.png","type":"image\/png"}],"author":"labsgrup_david","twitter_card":"summary_large_image","twitter_title":"Gerencia Comercial","twitter_description":"La\u00a0Gerencia Comercial de Enag\u00e1s se ha consolidado en sus tres primeros a\u00f1os de andadura como un \u00e1rea estrat\u00e9gica y de valor a\u00f1adido para la empresa.","twitter_image":"https:\/\/revistaazulyverde.com\/ediciones\/45\/wp-content\/uploads\/sites\/7\/2020\/03\/que-hacemos-en-45-copia.png","twitter_misc":{"Escrito por":"labsgrup_david","Tiempo de lectura":"4 minutos"},"schema":{"@context":"https:\/\/schema.org","@graph":[{"@type":"WebPage","@id":"https:\/\/revistaazulyverde.com\/ediciones\/45\/gerencia-comercial\/","url":"https:\/\/revistaazulyverde.com\/ediciones\/45\/gerencia-comercial\/","name":"Gerencia Comercial - Revista Azul y Verde n\u00ba 45","isPartOf":{"@id":"https:\/\/revistaazulyverde.com\/ediciones\/45\/#website"},"primaryImageOfPage":{"@id":"https:\/\/revistaazulyverde.com\/ediciones\/45\/gerencia-comercial\/#primaryimage"},"image":{"@id":"https:\/\/revistaazulyverde.com\/ediciones\/45\/gerencia-comercial\/#primaryimage"},"thumbnailUrl":"https:\/\/revistaazulyverde.com\/ediciones\/45\/wp-content\/uploads\/sites\/7\/2020\/03\/que-hacemos-en-45-copia-1-e1631867594524.png","datePublished":"2020-03-10T13:42:32+00:00","dateModified":"2021-09-21T17:00:28+00:00","author":{"@id":"https:\/\/revistaazulyverde.com\/ediciones\/45\/#\/schema\/person\/74598fcf6aa3967744b6de5182a76d51"},"breadcrumb":{"@id":"https:\/\/revistaazulyverde.com\/ediciones\/45\/gerencia-comercial\/#breadcrumb"},"inLanguage":"es","potentialAction":[{"@type":"ReadAction","target":["https:\/\/revistaazulyverde.com\/ediciones\/45\/gerencia-comercial\/"]}]},{"@type":"ImageObject","inLanguage":"es","@id":"https:\/\/revistaazulyverde.com\/ediciones\/45\/gerencia-comercial\/#primaryimage","url":"https:\/\/revistaazulyverde.com\/ediciones\/45\/wp-content\/uploads\/sites\/7\/2020\/03\/que-hacemos-en-45-copia-1-e1631867594524.png","contentUrl":"https:\/\/revistaazulyverde.com\/ediciones\/45\/wp-content\/uploads\/sites\/7\/2020\/03\/que-hacemos-en-45-copia-1-e1631867594524.png","width":888,"height":888},{"@type":"BreadcrumbList","@id":"https:\/\/revistaazulyverde.com\/ediciones\/45\/gerencia-comercial\/#breadcrumb","itemListElement":[{"@type":"ListItem","position":1,"name":"Portada","item":"https:\/\/revistaazulyverde.com\/ediciones\/45\/"},{"@type":"ListItem","position":2,"name":"Gerencia Comercial"}]},{"@type":"WebSite","@id":"https:\/\/revistaazulyverde.com\/ediciones\/45\/#website","url":"https:\/\/revistaazulyverde.com\/ediciones\/45\/","name":"Revista Azul y Verde n\u00ba 45","description":"","potentialAction":[{"@type":"SearchAction","target":{"@type":"EntryPoint","urlTemplate":"https:\/\/revistaazulyverde.com\/ediciones\/45\/?s={search_term_string}"},"query-input":{"@type":"PropertyValueSpecification","valueRequired":true,"valueName":"search_term_string"}}],"inLanguage":"es"},{"@type":"Person","@id":"https:\/\/revistaazulyverde.com\/ediciones\/45\/#\/schema\/person\/74598fcf6aa3967744b6de5182a76d51","name":"labsgrup_david","image":{"@type":"ImageObject","inLanguage":"es","@id":"https:\/\/revistaazulyverde.com\/ediciones\/45\/#\/schema\/person\/image\/","url":"https:\/\/secure.gravatar.com\/avatar\/62084aa808bed3aa09d30a1491f370f354141a4cce95d43e329375d88b688338?s=96&d=mm&r=g","contentUrl":"https:\/\/secure.gravatar.com\/avatar\/62084aa808bed3aa09d30a1491f370f354141a4cce95d43e329375d88b688338?s=96&d=mm&r=g","caption":"labsgrup_david"},"url":"https:\/\/revistaazulyverde.com\/ediciones\/45\/author\/labsgrup_david\/"}]}},"_links":{"self":[{"href":"https:\/\/revistaazulyverde.com\/ediciones\/45\/wp-json\/wp\/v2\/posts\/4701","targetHints":{"allow":["GET"]}}],"collection":[{"href":"https:\/\/revistaazulyverde.com\/ediciones\/45\/wp-json\/wp\/v2\/posts"}],"about":[{"href":"https:\/\/revistaazulyverde.com\/ediciones\/45\/wp-json\/wp\/v2\/types\/post"}],"author":[{"embeddable":true,"href":"https:\/\/revistaazulyverde.com\/ediciones\/45\/wp-json\/wp\/v2\/users\/1"}],"replies":[{"embeddable":true,"href":"https:\/\/revistaazulyverde.com\/ediciones\/45\/wp-json\/wp\/v2\/comments?post=4701"}],"version-history":[{"count":74,"href":"https:\/\/revistaazulyverde.com\/ediciones\/45\/wp-json\/wp\/v2\/posts\/4701\/revisions"}],"predecessor-version":[{"id":7225,"href":"https:\/\/revistaazulyverde.com\/ediciones\/45\/wp-json\/wp\/v2\/posts\/4701\/revisions\/7225"}],"wp:featuredmedia":[{"embeddable":true,"href":"https:\/\/revistaazulyverde.com\/ediciones\/45\/wp-json\/wp\/v2\/media\/7158"}],"wp:attachment":[{"href":"https:\/\/revistaazulyverde.com\/ediciones\/45\/wp-json\/wp\/v2\/media?parent=4701"}],"wp:term":[{"taxonomy":"category","embeddable":true,"href":"https:\/\/revistaazulyverde.com\/ediciones\/45\/wp-json\/wp\/v2\/categories?post=4701"},{"taxonomy":"post_tag","embeddable":true,"href":"https:\/\/revistaazulyverde.com\/ediciones\/45\/wp-json\/wp\/v2\/tags?post=4701"}],"curies":[{"name":"wp","href":"https:\/\/api.w.org\/{rel}","templated":true}]}}