{"id":4660,"date":"2020-04-20T12:55:44","date_gmt":"2020-04-20T10:55:44","guid":{"rendered":"https:\/\/revistaazulyverde.com\/ediciones\/45\/?p=4660"},"modified":"2021-09-21T17:51:54","modified_gmt":"2021-09-21T15:51:54","slug":"biometano-aliado-transicion-energetica","status":"publish","type":"post","link":"https:\/\/revistaazulyverde.com\/ediciones\/45\/biometano-aliado-transicion-energetica\/","title":{"rendered":"El biometano, aliado para la transici\u00f3n energ\u00e9tica y una oportunidad para Espa\u00f1a"},"content":{"rendered":"<div class=\"wpb-content-wrapper\"><p>[vc_row full_width=\u00bbstretch_row_content\u00bb el_class=\u00bbvisible\u00bb el_id=\u00bbheader-post\u00bb][vc_column][vc_column_text el_class=\u00bbamarillo\u00bb]<div class=\"bg-post\" style=\"background-image: url(https:\/\/revistaazulyverde.com\/ediciones\/45\/wp-content\/uploads\/sites\/7\/2020\/04\/img01.jpg)\"><\/div><br \/>\n<div class=\"categoria\" data-color=\"#9cb700\" style=\"background-color: #9cb700\"><span class=\"parent\">Actualidad<\/span><span class=\"cat\">A fondo<\/span><\/div>[\/vc_column_text][vc_custom_heading source=\u00bbpost_title\u00bb font_container=\u00bbtag:h1|font_size:70px|text_align:center|color:%23ffffff\u00bb google_fonts=\u00bbfont_family:PT%20Serif%3Aregular%2Citalic%2C700%2C700italic|font_style:700%20bold%20italic%3A700%3Aitalic\u00bb el_class=\u00bblowercase\u00bb css=\u00bb.vc_custom_1622023917975{margin-top: 0px !important;margin-bottom: 0px !important;}\u00bb][\/vc_column][\/vc_row][vc_row el_class=\u00bbmw965&#8243; css=\u00bb.vc_custom_1594651331121{padding-top: 40px !important;}\u00bb][vc_column][vc_column_text]El proceso de descarbonizaci\u00f3n de la econom\u00eda y el avance en el objetivo de lograr una neutralidad clim\u00e1tica en 2050, tiene en los gases renovables, y, en especial en el<strong> biometano, un aliado con gran potencial<\/strong>. Este vector energ\u00e9tico, obtenido tras el proceso de limpieza al que se somete el biog\u00e1s originado mediante la digesti\u00f3n anaerobia de los residuos org\u00e1nicos, tambi\u00e9n juega, a su vez, un papel fundamental en el desarrollo de la econom\u00eda circular de dichos restos, en l\u00ednea con los pilares del Pacto Verde Europeo y la ley de Cambio Clim\u00e1tico y Transici\u00f3n Energ\u00e9tica europea y espa\u00f1ola.[\/vc_column_text][vc_column_text]<strong>Antonio Illescas, gerente de Negocio de Gases Renovables<\/strong>, explica que el aprovechamiento energ\u00e9tico de los residuos que conlleva la generaci\u00f3n de biog\u00e1s tiene beneficios m\u00e1s all\u00e1 de la obtenci\u00f3n de una energ\u00eda de origen renovable. \u201cPermite la valorizaci\u00f3n energ\u00e9tica de los residuos, cuando los subproductos de la digesti\u00f3n se usan en el suelo como fertilizantes y sustratos vitalizadores del terreno, y fomenta una econom\u00eda circular de toda la cadena de valor del residuo, lo que evita posibles emisiones de metano a la atm\u00f3sfera como consecuencia de la degradaci\u00f3n acelerada de los residuos org\u00e1nicos en vertederos no sellados. <strong>En definitiva, se consigue una mejor gesti\u00f3n de los residuos\u201d.<\/strong>[\/vc_column_text][vc_empty_space][vc_single_image image=\u00bb7147&#8243; img_size=\u00bblarge\u00bb alignment=\u00bbcenter\u00bb onclick=\u00bblink_image\u00bb][vc_empty_space][vc_column_text]Adicionalmente, el gerente de Negocio de Gases Renovables de Enag\u00e1s se\u00f1ala que <a href=\"https:\/\/goodnewenergy.enagas.es\/sostenibles\/convertir-residuos-energia-biometano\/\"><strong>otra de las ventajas del biometano<\/strong> en el proceso de descarbonizaci\u00f3n<\/a> es \u201cla <strong>reducci\u00f3n en la dependencia energ\u00e9tica del exterior<\/strong>. Se trata de energ\u00eda aut\u00f3ctona, que combinada con el uso de otros gases renovables como el hidr\u00f3geno, va a permitir desacoplar progresivamente dicha dependencia energ\u00e9tica de nuestro pa\u00eds, mejorando la seguridad de suministro energ\u00e9tico y con el potencial, a largo plazo, de convertirnos en pa\u00eds exportador de energ\u00eda verde descarbonizada\u201d.[\/vc_column_text][\/vc_column][\/vc_row][vc_row el_class=\u00bbmw965&#8243; css=\u00bb.vc_custom_1594651342234{padding-top: 40px !important;}\u00bb][vc_column][vc_custom_heading text=\u00bbRecurso infrautilizado\u00bb font_container=\u00bbtag:h2|font_size:28px|text_align:left|color:%23777777|line_height:34px\u00bb google_fonts=\u00bbfont_family:PT%20Serif%3Aregular%2Citalic%2C700%2C700italic|font_style:700%20bold%20italic%3A700%3Aitalic\u00bb el_class=\u00bblowercase pl120 f30&#8243;][vc_column_text]<strong>Pese a las grandes posibilidades del biog\u00e1s<\/strong>, este vector energ\u00e9tico se encuentra en una fase no suficientemente desarrollada actualmente en Espa\u00f1a. Cada bcm de biometano producido a partir de residuos evitar\u00eda la emisi\u00f3n de 16 millones de toneladas de CO?, por lo que son necesarias m\u00e1s plantas inyectando biometano en la red. Seg\u00fan la asociaci\u00f3n espa\u00f1ola del biog\u00e1s, en Europa hay en estos momentos 18 pa\u00edses produciendo biometano. De estos, <strong>Alemania tiene el mayor n\u00famero de centros en Europa<\/strong>, 232, seguida por Francia, 131, y Reino Unido, con 80. Espa\u00f1a actualmente dispone de 3 instalaciones conectadas a la red gasista, aunque las perspectivas de crecimiento actuales en Espa\u00f1a y los planes de desarrollo y objetivos fijados en la Hoja de Ruta del Biog\u00e1s del Ministerio de Transici\u00f3n Ecol\u00f3gica y Reto Demogr\u00e1fico, apuntan a <strong>multiplicar por 50 la actual producci\u00f3n de biometano inyectado en la red<\/strong>. En este sentido, se aumentar\u00edan los actuales 100 GWh anuales que aproximadamente inyecta la Planta de Tratamiento de Valdemingomez de Madrid en la red de Enag\u00e1s, hasta los 5,73 TWh\/a\u00f1o a 2030 que fija este documento.[\/vc_column_text][vc_column_text]<strong>Enag\u00e1s est\u00e1 firmemente comprometida con el desarrollo de proyectos de biog\u00e1s\/biometano<\/strong> en el marco de su estrategia por favorecer e impulsar las energ\u00edas renovables y apostar por nuevos usos del gas como respuesta para la transici\u00f3n energ\u00e9tica. \u201cEspa\u00f1a actualmente cuenta con una gran cantidad de residuos por valorizar. Enag\u00e1s dispone de m\u00e1s de 12.000 km de gasoducto en alta presi\u00f3n listos y capaces para transportar todo el biometano que puede obtenerse de los mismos, lo que la convierte en un <em>player<\/em> clave y muy importante para el proceso de integraci\u00f3n de dicha energ\u00eda descarbonizada en el mix energ\u00e9tico\u201d, apunta Illescas.[\/vc_column_text][vc_custom_heading text=\u00bb\u201cEspa\u00f1a actualmente cuenta con una gran cantidad de residuos por valorizar. Enag\u00e1s dispone de m\u00e1s de 12.000 km de gasoducto en alta presi\u00f3n listos y capaces para transportar todo el biometano que puede obtenerse de los mismos\u00ab\u00bb font_container=\u00bbtag:h3|font_size:28px|text_align:center|color:%23777777|line_height:34px\u00bb google_fonts=\u00bbfont_family:PT%20Serif%3Aregular%2Citalic%2C700%2C700italic|font_style:700%20bold%20italic%3A700%3Aitalic\u00bb el_class=\u00bblowercase pl120 f30&#8243;][vc_column_text]En este sentido, Enag\u00e1s est\u00e1 impulsando muchas iniciativas y proyectos de plantas de generaci\u00f3n de biog\u00e1s\/biometano en todo el pa\u00eds, acudiendo a todas las convocatorias de ayudas, incluidos los fondos Next Generation de la Uni\u00f3n Europa. Las <strong>inversiones previstas suponen una inversi\u00f3n conjunta de m\u00e1s de 300 millones de euros durante el periodo 2022-2050<\/strong> y una capacidad de producci\u00f3n total superior a los de 2TWh\/a\u00f1o.[\/vc_column_text][vc_column_text]<strong>Enag\u00e1s participa y promueve estos proyectos con m\u00e1s de 20 socios.<\/strong> Adicionalmente, la compa\u00f1\u00eda est\u00e1 impulsando la primera iniciativa privada de conexi\u00f3n de biometano a la red de transporte de gas espa\u00f1ola\u00a0en el municipio de La Galera (Tarragona) y existen nuevas solicitudes de conexi\u00f3n en el horizonte. Para asegurar que la red de gasoductos de alta presi\u00f3n est\u00e9 t\u00e9cnicamente preparada para asumir un aumento potencial de estas peticiones, ya sean de biometano o de otros gases renovables, Enag\u00e1s ha desarrollado la soluci\u00f3n Green Link.[\/vc_column_text][\/vc_column][\/vc_row][vc_row el_class=\u00bbmw965&#8243; css=\u00bb.vc_custom_1594651342234{padding-top: 40px !important;}\u00bb][vc_column][vc_custom_heading text=\u00bbUn nuevo marco de actuaci\u00f3n\u00bb font_container=\u00bbtag:h2|font_size:28px|text_align:left|color:%23777777|line_height:34px\u00bb google_fonts=\u00bbfont_family:PT%20Serif%3Aregular%2Citalic%2C700%2C700italic|font_style:700%20bold%20italic%3A700%3Aitalic\u00bb el_class=\u00bblowercase pl120 f30&#8243;][vc_column_text]La transformaci\u00f3n en biometano y su inyecci\u00f3n en los gasoductos de alta presi\u00f3n es uno de los destinos del biog\u00e1s que define la Hoja de Ruta del Biog\u00e1s trazada por el Ministerio de Transici\u00f3n Ecol\u00f3gica y Reto Demogr\u00e1fico. Este documento prev\u00e9 que la producci\u00f3n de biog\u00e1s en 2030 pueda superar los 10,4 TWh\/hora. Asimismo, establece que en el horizonte 2030 el 1% del gas que circule por la red gasista sea biometano.[\/vc_column_text][vc_empty_space][vc_single_image image=\u00bb7165&#8243; img_size=\u00bblarge\u00bb alignment=\u00bbcenter\u00bb onclick=\u00bblink_image\u00bb][vc_empty_space][vc_column_text]De acuerdo con las previsiones, el <strong>45% de la producci\u00f3n de biog\u00e1s en 2030 se consumir\u00eda directamente<\/strong>, en usos t\u00e9rmicos o el\u00e9ctricos, sobre todo en r\u00e9gimen de autoconsumo, mientras que el restante 55% se transformar\u00eda en biometano para su uso bien como gas vehicular para la movilidad pesada -por ejemplo, en flotas municipales de limpieza o recogida de residuos-, o bien inyectado en la red de gas natural: de hecho, alrededor del 1% del gas que se consuma en 2030 por esta v\u00eda deber\u00e1 tener origen renovable. En cuanto a las emisiones de efecto invernadero, la consecuci\u00f3n del objetivo planteado en la Hoja de Ruta para 2030 permitir\u00e1 alcanzar una reducci\u00f3n muy notable, de 2,1 millones de toneladas de CO? equivalente cada a\u00f1o.[\/vc_column_text][\/vc_column][\/vc_row][vc_row el_class=\u00bbmw965&#8243; css=\u00bb.vc_custom_1594651342234{padding-top: 40px !important;}\u00bb][vc_column][vc_custom_heading text=\u00bbUn recurso para generar oportunidades en la Espa\u00f1a vaciada\u00bb font_container=\u00bbtag:h2|font_size:28px|text_align:left|color:%23777777|line_height:34px\u00bb google_fonts=\u00bbfont_family:PT%20Serif%3Aregular%2Citalic%2C700%2C700italic|font_style:700%20bold%20italic%3A700%3Aitalic\u00bb el_class=\u00bblowercase pl120 f30&#8243;][vc_column_text]Una <strong>eficiente gesti\u00f3n de los residuos<\/strong>, especialmente en el<strong> \u00e1mbito agropecuario y municipal <\/strong>mediante una valorizaci\u00f3n energ\u00e9tica, es capaz de aportar valor a la econom\u00eda local y de contribuir a la econom\u00eda circular. Este hecho es especialmente visible en zonas donde se fomenta la transici\u00f3n justa y con grandes desarrollos agropecuarios, en las que los residuos empiezan a ser un gran reto para estas poblaciones, ubicadas en zonas no densamente pobladas y sin capacidad de gesti\u00f3n.[\/vc_column_text][vc_column_text]En opini\u00f3n de Illescas, los proyectos de biometano \u201cfavorecer\u00e1n el desarrollo de los distintos sectores productivos cl\u00e1sicos del sector primario (agropecuario, agroindustrial y agroganadero), favoreciendo el uso de subproductos en las zonas de procedencia de los residuos\u201d. En paralelo, estas iniciativas ayudan al desarrollo de una nueva actividad econ\u00f3mica y mejoran adem\u00e1s la infraestructura en las zonas rurales, de forma que permitir\u00e1 evitar la despoblaci\u00f3n y fomentar la migraci\u00f3n de la poblaci\u00f3n joven ante las oportunidades de empleo creadas.[\/vc_column_text][\/vc_column][\/vc_row][vc_row][vc_column]<div class=\"edgtf-news-holder edgtf-post-carousel5 edgtf-small-space\"  data-post-status=publish data-ignore-sticky-posts=1 data-posts-per-page=6 data-paged=1 data-max-num-pages=2 data-next-page=2 data-title-tag=h3 data-image-size=custom data-custom-image-width=370 data-custom-image-height=267 data-display-categories=yes data-display-excerpt=no data-display-date=no data-date-format=difference data-display-like=no data-display-comments=no data-display-share=no data-display-hot-trending-icons=no data-layout=edgtf_post_carousel5><div class=\"edgtf-news-list-inner edgtf-owl-slider\" data-number-of-items=\"4\"   data-slider-speed=\"4000\" data-slider-speed-animation=\"600\"   data-enable-auto-height=\"yes\"><div class=\"edgtf-news-item edgtf-layout1-item edgtf-item-space\" data-color=\"#9cb700\">\n\t<div class=\"edgtf-ni-image-holder\">\n\t\t\t<div class=\"edgtf-post-image\">\n\t\t<a itemprop=\"url\" href=\"https:\/\/revistaazulyverde.com\/ediciones\/45\/biometano-aliado-transicion-energetica\/\" title=\"El biometano, aliado para la transici\u00f3n energ\u00e9tica y una oportunidad para Espa\u00f1a\">\n\t\t\t<img loading=\"lazy\" decoding=\"async\" src=\"https:\/\/revistaazulyverde.com\/ediciones\/45\/wp-content\/uploads\/sites\/7\/2020\/04\/img01-370x267.jpg\" alt=\"\" width=\"370\" height=\"267\" \/>\t\t<\/a>\n\t<\/div>\n        <div class=\"edgtf-ni-like-comments-share-holder\">\n                                            <\/div>\n\t<\/div>\n\t<div class=\"edgtf-ni-content\">\n\t\t<div class=\"edgtf-ni-info edgtf-ni-info-top\">\n            \t<div class=\"edgtf-post-info-category\">\n\t\t<a href=\"https:\/\/revistaazulyverde.com\/ediciones\/45\/category\/actualidad\/a-fondo\/\" rel=\"category tag\">A fondo<\/a>\t<\/div>\n\t\t<\/div>\n\t\t\n<h3 itemprop=\"name\" class=\"entry-title edgtf-post-title \" >\n<a itemprop=\"url\" href=\"https:\/\/revistaazulyverde.com\/ediciones\/45\/biometano-aliado-transicion-energetica\/\" title=\"El biometano, aliado para la transici\u00f3n energ\u00e9tica y una oportunidad para Espa\u00f1a\">\n    El biometano, aliado para la transici\u00f3n energ\u00e9tica y una oportunidad para Espa\u00f1a<\/a>\n<\/h3>\t\t\t\t<div class=\"edgtf-ni-info edgtf-ni-info-bottom\">\n                        \t\t<\/div>\n\t<\/div>\n<\/div><div class=\"edgtf-news-item edgtf-layout1-item edgtf-item-space\" data-color=\"#007aae\">\n\t<div class=\"edgtf-ni-image-holder\">\n\t\t\t<div class=\"edgtf-post-image\">\n\t\t<a itemprop=\"url\" href=\"https:\/\/revistaazulyverde.com\/ediciones\/45\/editorial-45\/\" title=\"La importancia de nuestro trabajo\">\n\t\t\t<img loading=\"lazy\" decoding=\"async\" src=\"https:\/\/revistaazulyverde.com\/ediciones\/45\/wp-content\/uploads\/sites\/7\/2020\/04\/006_EC_Lumbier_2015_baja-copia-2-370x267.jpg\" alt=\"\" width=\"370\" height=\"267\" \/>\t\t<\/a>\n\t<\/div>\n        <div class=\"edgtf-ni-like-comments-share-holder\">\n                                            <\/div>\n\t<\/div>\n\t<div class=\"edgtf-ni-content\">\n\t\t<div class=\"edgtf-ni-info edgtf-ni-info-top\">\n            \t<div class=\"edgtf-post-info-category\">\n\t\t<a href=\"https:\/\/revistaazulyverde.com\/ediciones\/45\/category\/editorial\/\" rel=\"category tag\">Editorial<\/a>\t<\/div>\n\t\t<\/div>\n\t\t\n<h3 itemprop=\"name\" class=\"entry-title edgtf-post-title \" >\n<a itemprop=\"url\" href=\"https:\/\/revistaazulyverde.com\/ediciones\/45\/editorial-45\/\" title=\"La importancia de nuestro trabajo\">\n    La importancia de nuestro trabajo<\/a>\n<\/h3>\t\t\t\t<div class=\"edgtf-ni-info edgtf-ni-info-bottom\">\n                        \t\t<\/div>\n\t<\/div>\n<\/div><div class=\"edgtf-news-item edgtf-layout1-item edgtf-item-space\" data-color=\"#ffb81c\">\n\t<div class=\"edgtf-ni-image-holder\">\n\t\t\t<div class=\"edgtf-post-image\">\n\t\t<a itemprop=\"url\" href=\"https:\/\/revistaazulyverde.com\/ediciones\/45\/golf-oscar-gomez\/\" title=\"El golf, mucho m\u00e1s que un deporte para \u00d3scar G\u00f3mez\">\n\t\t\t<img loading=\"lazy\" decoding=\"async\" src=\"https:\/\/revistaazulyverde.com\/ediciones\/45\/wp-content\/uploads\/sites\/7\/2020\/03\/Oscar-gomez-golf-6-e1631690026510-370x267.png\" alt=\"\" width=\"370\" height=\"267\" \/>\t\t<\/a>\n\t<\/div>\n        <div class=\"edgtf-ni-like-comments-share-holder\">\n                                            <\/div>\n\t<\/div>\n\t<div class=\"edgtf-ni-content\">\n\t\t<div class=\"edgtf-ni-info edgtf-ni-info-top\">\n            \t<div class=\"edgtf-post-info-category\">\n\t\t<a href=\"https:\/\/revistaazulyverde.com\/ediciones\/45\/category\/equipo-enagas\/mas-alla-de-enagas\/\" rel=\"category tag\">M\u00e1s all\u00e1 de Enag\u00e1s<\/a>\t<\/div>\n\t\t<\/div>\n\t\t\n<h3 itemprop=\"name\" class=\"entry-title edgtf-post-title \" >\n<a itemprop=\"url\" href=\"https:\/\/revistaazulyverde.com\/ediciones\/45\/golf-oscar-gomez\/\" title=\"El golf, mucho m\u00e1s que un deporte para \u00d3scar G\u00f3mez\">\n    El golf, mucho m\u00e1s que un deporte para \u00d3scar G\u00f3mez<\/a>\n<\/h3>\t\t\t\t<div class=\"edgtf-ni-info edgtf-ni-info-bottom\">\n                        \t\t<\/div>\n\t<\/div>\n<\/div><div class=\"edgtf-news-item edgtf-layout1-item edgtf-item-space\" data-color=\"#ffb81c\">\n\t<div class=\"edgtf-ni-image-holder\">\n\t\t\t<div class=\"edgtf-post-image\">\n\t\t<a itemprop=\"url\" href=\"https:\/\/revistaazulyverde.com\/ediciones\/45\/enagas-experiencia-empleado\/\" title=\"La conexi\u00f3n que nos define\">\n\t\t\t<img loading=\"lazy\" decoding=\"async\" src=\"https:\/\/revistaazulyverde.com\/ediciones\/45\/wp-content\/uploads\/sites\/7\/2020\/03\/de-persona-a-persona-45-1-e1631693915259-370x267.png\" alt=\"\" width=\"370\" height=\"267\" \/>\t\t<\/a>\n\t<\/div>\n        <div class=\"edgtf-ni-like-comments-share-holder\">\n                                            <\/div>\n\t<\/div>\n\t<div class=\"edgtf-ni-content\">\n\t\t<div class=\"edgtf-ni-info edgtf-ni-info-top\">\n            \t<div class=\"edgtf-post-info-category\">\n\t\t<a href=\"https:\/\/revistaazulyverde.com\/ediciones\/45\/category\/equipo-enagas\/de-persona-a-persona\/\" rel=\"category tag\">De persona a persona<\/a>\t<\/div>\n\t\t<\/div>\n\t\t\n<h3 itemprop=\"name\" class=\"entry-title edgtf-post-title \" >\n<a itemprop=\"url\" href=\"https:\/\/revistaazulyverde.com\/ediciones\/45\/enagas-experiencia-empleado\/\" title=\"La conexi\u00f3n que nos define\">\n    La conexi\u00f3n que nos define<\/a>\n<\/h3>\t\t\t\t<div class=\"edgtf-ni-info edgtf-ni-info-bottom\">\n                        \t\t<\/div>\n\t<\/div>\n<\/div><div class=\"edgtf-news-item edgtf-layout1-item edgtf-item-space\" data-color=\"#007aae\">\n\t<div class=\"edgtf-ni-image-holder\">\n\t\t\t<div class=\"edgtf-post-image\">\n\t\t<a itemprop=\"url\" href=\"https:\/\/revistaazulyverde.com\/ediciones\/45\/scale-gas-facilita-transicion\/\" title=\"Scale Gas facilita la transici\u00f3n energ\u00e9tica en el mercado de peque\u00f1a escala de GNL\">\n\t\t\t<img loading=\"lazy\" decoding=\"async\" src=\"https:\/\/revistaazulyverde.com\/ediciones\/45\/wp-content\/uploads\/sites\/7\/2020\/03\/13-copia-e1632157553788-370x267.png\" alt=\"\" width=\"370\" height=\"267\" \/>\t\t<\/a>\n\t<\/div>\n        <div class=\"edgtf-ni-like-comments-share-holder\">\n                                            <\/div>\n\t<\/div>\n\t<div class=\"edgtf-ni-content\">\n\t\t<div class=\"edgtf-ni-info edgtf-ni-info-top\">\n            \t<div class=\"edgtf-post-info-category\">\n\t\t<a href=\"https:\/\/revistaazulyverde.com\/ediciones\/45\/category\/nuestra-actividad\/adn-enagas-startups\/\" rel=\"category tag\">ADN startup<\/a>\t<\/div>\n\t\t<\/div>\n\t\t\n<h3 itemprop=\"name\" class=\"entry-title edgtf-post-title \" >\n<a itemprop=\"url\" href=\"https:\/\/revistaazulyverde.com\/ediciones\/45\/scale-gas-facilita-transicion\/\" title=\"Scale Gas facilita la transici\u00f3n energ\u00e9tica en el mercado de peque\u00f1a escala de GNL\">\n    Scale Gas facilita la transici\u00f3n energ\u00e9tica en el mercado de peque\u00f1a escala de GNL<\/a>\n<\/h3>\t\t\t\t<div class=\"edgtf-ni-info edgtf-ni-info-bottom\">\n                        \t\t<\/div>\n\t<\/div>\n<\/div><div class=\"edgtf-news-item edgtf-layout1-item edgtf-item-space\" data-color=\"#ffb81c\">\n\t<div class=\"edgtf-ni-image-holder\">\n\t\t\t<div class=\"edgtf-post-image\">\n\t\t<a itemprop=\"url\" href=\"https:\/\/revistaazulyverde.com\/ediciones\/45\/gerencia-comercial\/\" title=\"Gerencia Comercial\">\n\t\t\t<img loading=\"lazy\" decoding=\"async\" src=\"https:\/\/revistaazulyverde.com\/ediciones\/45\/wp-content\/uploads\/sites\/7\/2020\/03\/que-hacemos-en-45-copia-1-e1631867594524-370x267.png\" alt=\"\" width=\"370\" height=\"267\" \/>\t\t<\/a>\n\t<\/div>\n        <div class=\"edgtf-ni-like-comments-share-holder\">\n                                            <\/div>\n\t<\/div>\n\t<div class=\"edgtf-ni-content\">\n\t\t<div class=\"edgtf-ni-info edgtf-ni-info-top\">\n            \t<div class=\"edgtf-post-info-category\">\n\t\t<a href=\"https:\/\/revistaazulyverde.com\/ediciones\/45\/category\/equipo-enagas\/que-hacemos-en\/\" rel=\"category tag\">\u00bfQu\u00e9 hacemos en...?<\/a>\t<\/div>\n\t\t<\/div>\n\t\t\n<h3 itemprop=\"name\" class=\"entry-title edgtf-post-title \" >\n<a itemprop=\"url\" href=\"https:\/\/revistaazulyverde.com\/ediciones\/45\/gerencia-comercial\/\" title=\"Gerencia Comercial\">\n    Gerencia Comercial<\/a>\n<\/h3>\t\t\t\t<div class=\"edgtf-ni-info edgtf-ni-info-bottom\">\n                        \t\t<\/div>\n\t<\/div>\n<\/div><\/div><\/div>[\/vc_column][\/vc_row]<\/p>\n<\/div>","protected":false},"excerpt":{"rendered":"<p>[vc_row full_width=\u00bbstretch_row_content\u00bb el_class=\u00bbvisible\u00bb el_id=\u00bbheader-post\u00bb][vc_column][vc_column_text el_class=\u00bbamarillo\u00bb] [\/vc_column_text][vc_custom_heading source=\u00bbpost_title\u00bb font_container=\u00bbtag:h1|font_size:70px|text_align:center|color:%23ffffff\u00bb google_fonts=\u00bbfont_family:PT%20Serif%3Aregular%2Citalic%2C700%2C700italic|font_style:700%20bold%20italic%3A700%3Aitalic\u00bb el_class=\u00bblowercase\u00bb css=\u00bb.vc_custom_1622023917975{margin-top: 0px !important;margin-bottom: 0px !important;}\u00bb][\/vc_column][\/vc_row][vc_row el_class=\u00bbmw965&#8243; css=\u00bb.vc_custom_1594651331121{padding-top: 40px !important;}\u00bb][vc_column][vc_column_text]El proceso de descarbonizaci\u00f3n de la econom\u00eda y el avance en el objetivo de lograr una neutralidad clim\u00e1tica en 2050, tiene en [&hellip;]<\/p>\n","protected":false},"author":1,"featured_media":7102,"comment_status":"open","ping_status":"open","sticky":false,"template":"","format":"standard","meta":{"_acf_changed":false,"footnotes":""},"categories":[56],"tags":[],"class_list":["post-4660","post","type-post","status-publish","format-standard","has-post-thumbnail","hentry","category-a-fondo"],"acf":[],"yoast_head":"<!-- This site is optimized with the Yoast SEO plugin v24.9 - https:\/\/yoast.com\/wordpress\/plugins\/seo\/ -->\n<title>El biometano, aliado para la transici\u00f3n energ\u00e9tica y una oportunidad para Espa\u00f1a - Revista Azul y Verde n\u00ba 45<\/title>\n<meta name=\"robots\" content=\"noindex, follow, max-snippet:-1, max-image-preview:large, max-video-preview:-1\" \/>\n<meta property=\"og:locale\" content=\"es_ES\" \/>\n<meta property=\"og:type\" content=\"article\" \/>\n<meta property=\"og:title\" content=\"El biometano, aliado para la transici\u00f3n energ\u00e9tica y una oportunidad para Espa\u00f1a\" \/>\n<meta property=\"og:description\" content=\"El proceso de descarbonizaci\u00f3n de la econom\u00eda y el avance en el objetivo de lograr una neutralidad clim\u00e1tica en 2050, tiene en los gases renovables, y, en especial en el biometano, un aliado con gran potencial.\" \/>\n<meta property=\"og:url\" content=\"https:\/\/revistaazulyverde.com\/ediciones\/45\/biometano-aliado-transicion-energetica\/\" \/>\n<meta property=\"og:site_name\" content=\"Revista Azul y Verde n\u00ba 45\" \/>\n<meta property=\"article:published_time\" content=\"2020-04-20T10:55:44+00:00\" \/>\n<meta property=\"article:modified_time\" content=\"2021-09-21T15:51:54+00:00\" \/>\n<meta property=\"og:image\" content=\"https:\/\/revistaazulyverde.com\/ediciones\/45\/wp-content\/uploads\/sites\/7\/2020\/04\/img01.jpg\" \/>\n\t<meta property=\"og:image:width\" content=\"1920\" \/>\n\t<meta property=\"og:image:height\" content=\"890\" \/>\n\t<meta property=\"og:image:type\" content=\"image\/jpeg\" \/>\n<meta name=\"author\" content=\"labsgrup_david\" \/>\n<meta name=\"twitter:card\" content=\"summary_large_image\" \/>\n<meta name=\"twitter:title\" content=\"El biometano, aliado para la transici\u00f3n energ\u00e9tica y una oportunidad para Espa\u00f1a\" \/>\n<meta name=\"twitter:description\" content=\"El proceso de descarbonizaci\u00f3n de la econom\u00eda y el avance en el objetivo de lograr una neutralidad clim\u00e1tica en 2050, tiene en los gases renovables, y, en especial en el biometano, un aliado con gran potencial.\" \/>\n<meta name=\"twitter:image\" content=\"https:\/\/revistaazulyverde.com\/ediciones\/45\/wp-content\/uploads\/sites\/7\/2020\/04\/img01.jpg\" \/>\n<meta name=\"twitter:label1\" content=\"Escrito por\" \/>\n\t<meta name=\"twitter:data1\" content=\"labsgrup_david\" \/>\n\t<meta name=\"twitter:label2\" content=\"Tiempo de lectura\" \/>\n\t<meta name=\"twitter:data2\" content=\"6 minutos\" \/>\n<script type=\"application\/ld+json\" class=\"yoast-schema-graph\">{\"@context\":\"https:\/\/schema.org\",\"@graph\":[{\"@type\":\"WebPage\",\"@id\":\"https:\/\/revistaazulyverde.com\/ediciones\/45\/biometano-aliado-transicion-energetica\/\",\"url\":\"https:\/\/revistaazulyverde.com\/ediciones\/45\/biometano-aliado-transicion-energetica\/\",\"name\":\"El biometano, aliado para la transici\u00f3n energ\u00e9tica y una oportunidad para Espa\u00f1a - Revista Azul y Verde n\u00ba 45\",\"isPartOf\":{\"@id\":\"https:\/\/revistaazulyverde.com\/ediciones\/45\/#website\"},\"primaryImageOfPage\":{\"@id\":\"https:\/\/revistaazulyverde.com\/ediciones\/45\/biometano-aliado-transicion-energetica\/#primaryimage\"},\"image\":{\"@id\":\"https:\/\/revistaazulyverde.com\/ediciones\/45\/biometano-aliado-transicion-energetica\/#primaryimage\"},\"thumbnailUrl\":\"https:\/\/revistaazulyverde.com\/ediciones\/45\/wp-content\/uploads\/sites\/7\/2020\/04\/img01.jpg\",\"datePublished\":\"2020-04-20T10:55:44+00:00\",\"dateModified\":\"2021-09-21T15:51:54+00:00\",\"author\":{\"@id\":\"https:\/\/revistaazulyverde.com\/ediciones\/45\/#\/schema\/person\/74598fcf6aa3967744b6de5182a76d51\"},\"breadcrumb\":{\"@id\":\"https:\/\/revistaazulyverde.com\/ediciones\/45\/biometano-aliado-transicion-energetica\/#breadcrumb\"},\"inLanguage\":\"es\",\"potentialAction\":[{\"@type\":\"ReadAction\",\"target\":[\"https:\/\/revistaazulyverde.com\/ediciones\/45\/biometano-aliado-transicion-energetica\/\"]}]},{\"@type\":\"ImageObject\",\"inLanguage\":\"es\",\"@id\":\"https:\/\/revistaazulyverde.com\/ediciones\/45\/biometano-aliado-transicion-energetica\/#primaryimage\",\"url\":\"https:\/\/revistaazulyverde.com\/ediciones\/45\/wp-content\/uploads\/sites\/7\/2020\/04\/img01.jpg\",\"contentUrl\":\"https:\/\/revistaazulyverde.com\/ediciones\/45\/wp-content\/uploads\/sites\/7\/2020\/04\/img01.jpg\",\"width\":1920,\"height\":890},{\"@type\":\"BreadcrumbList\",\"@id\":\"https:\/\/revistaazulyverde.com\/ediciones\/45\/biometano-aliado-transicion-energetica\/#breadcrumb\",\"itemListElement\":[{\"@type\":\"ListItem\",\"position\":1,\"name\":\"Portada\",\"item\":\"https:\/\/revistaazulyverde.com\/ediciones\/45\/\"},{\"@type\":\"ListItem\",\"position\":2,\"name\":\"El biometano, aliado para la transici\u00f3n energ\u00e9tica y una oportunidad para Espa\u00f1a\"}]},{\"@type\":\"WebSite\",\"@id\":\"https:\/\/revistaazulyverde.com\/ediciones\/45\/#website\",\"url\":\"https:\/\/revistaazulyverde.com\/ediciones\/45\/\",\"name\":\"Revista Azul y Verde n\u00ba 45\",\"description\":\"\",\"potentialAction\":[{\"@type\":\"SearchAction\",\"target\":{\"@type\":\"EntryPoint\",\"urlTemplate\":\"https:\/\/revistaazulyverde.com\/ediciones\/45\/?s={search_term_string}\"},\"query-input\":{\"@type\":\"PropertyValueSpecification\",\"valueRequired\":true,\"valueName\":\"search_term_string\"}}],\"inLanguage\":\"es\"},{\"@type\":\"Person\",\"@id\":\"https:\/\/revistaazulyverde.com\/ediciones\/45\/#\/schema\/person\/74598fcf6aa3967744b6de5182a76d51\",\"name\":\"labsgrup_david\",\"image\":{\"@type\":\"ImageObject\",\"inLanguage\":\"es\",\"@id\":\"https:\/\/revistaazulyverde.com\/ediciones\/45\/#\/schema\/person\/image\/\",\"url\":\"https:\/\/secure.gravatar.com\/avatar\/62084aa808bed3aa09d30a1491f370f354141a4cce95d43e329375d88b688338?s=96&d=mm&r=g\",\"contentUrl\":\"https:\/\/secure.gravatar.com\/avatar\/62084aa808bed3aa09d30a1491f370f354141a4cce95d43e329375d88b688338?s=96&d=mm&r=g\",\"caption\":\"labsgrup_david\"},\"url\":\"https:\/\/revistaazulyverde.com\/ediciones\/45\/author\/labsgrup_david\/\"}]}<\/script>\n<!-- \/ Yoast SEO plugin. -->","yoast_head_json":{"title":"El biometano, aliado para la transici\u00f3n energ\u00e9tica y una oportunidad para Espa\u00f1a - Revista Azul y Verde n\u00ba 45","robots":{"index":"noindex","follow":"follow","max-snippet":"max-snippet:-1","max-image-preview":"max-image-preview:large","max-video-preview":"max-video-preview:-1"},"og_locale":"es_ES","og_type":"article","og_title":"El biometano, aliado para la transici\u00f3n energ\u00e9tica y una oportunidad para Espa\u00f1a","og_description":"El proceso de descarbonizaci\u00f3n de la econom\u00eda y el avance en el objetivo de lograr una neutralidad clim\u00e1tica en 2050, tiene en los gases renovables, y, en especial en el biometano, un aliado con gran potencial.","og_url":"https:\/\/revistaazulyverde.com\/ediciones\/45\/biometano-aliado-transicion-energetica\/","og_site_name":"Revista Azul y Verde n\u00ba 45","article_published_time":"2020-04-20T10:55:44+00:00","article_modified_time":"2021-09-21T15:51:54+00:00","og_image":[{"width":1920,"height":890,"url":"https:\/\/revistaazulyverde.com\/ediciones\/45\/wp-content\/uploads\/sites\/7\/2020\/04\/img01.jpg","type":"image\/jpeg"}],"author":"labsgrup_david","twitter_card":"summary_large_image","twitter_title":"El biometano, aliado para la transici\u00f3n energ\u00e9tica y una oportunidad para Espa\u00f1a","twitter_description":"El proceso de descarbonizaci\u00f3n de la econom\u00eda y el avance en el objetivo de lograr una neutralidad clim\u00e1tica en 2050, tiene en los gases renovables, y, en especial en el biometano, un aliado con gran potencial.","twitter_image":"https:\/\/revistaazulyverde.com\/ediciones\/45\/wp-content\/uploads\/sites\/7\/2020\/04\/img01.jpg","twitter_misc":{"Escrito por":"labsgrup_david","Tiempo de lectura":"6 minutos"},"schema":{"@context":"https:\/\/schema.org","@graph":[{"@type":"WebPage","@id":"https:\/\/revistaazulyverde.com\/ediciones\/45\/biometano-aliado-transicion-energetica\/","url":"https:\/\/revistaazulyverde.com\/ediciones\/45\/biometano-aliado-transicion-energetica\/","name":"El biometano, aliado para la transici\u00f3n energ\u00e9tica y una oportunidad para Espa\u00f1a - Revista Azul y Verde n\u00ba 45","isPartOf":{"@id":"https:\/\/revistaazulyverde.com\/ediciones\/45\/#website"},"primaryImageOfPage":{"@id":"https:\/\/revistaazulyverde.com\/ediciones\/45\/biometano-aliado-transicion-energetica\/#primaryimage"},"image":{"@id":"https:\/\/revistaazulyverde.com\/ediciones\/45\/biometano-aliado-transicion-energetica\/#primaryimage"},"thumbnailUrl":"https:\/\/revistaazulyverde.com\/ediciones\/45\/wp-content\/uploads\/sites\/7\/2020\/04\/img01.jpg","datePublished":"2020-04-20T10:55:44+00:00","dateModified":"2021-09-21T15:51:54+00:00","author":{"@id":"https:\/\/revistaazulyverde.com\/ediciones\/45\/#\/schema\/person\/74598fcf6aa3967744b6de5182a76d51"},"breadcrumb":{"@id":"https:\/\/revistaazulyverde.com\/ediciones\/45\/biometano-aliado-transicion-energetica\/#breadcrumb"},"inLanguage":"es","potentialAction":[{"@type":"ReadAction","target":["https:\/\/revistaazulyverde.com\/ediciones\/45\/biometano-aliado-transicion-energetica\/"]}]},{"@type":"ImageObject","inLanguage":"es","@id":"https:\/\/revistaazulyverde.com\/ediciones\/45\/biometano-aliado-transicion-energetica\/#primaryimage","url":"https:\/\/revistaazulyverde.com\/ediciones\/45\/wp-content\/uploads\/sites\/7\/2020\/04\/img01.jpg","contentUrl":"https:\/\/revistaazulyverde.com\/ediciones\/45\/wp-content\/uploads\/sites\/7\/2020\/04\/img01.jpg","width":1920,"height":890},{"@type":"BreadcrumbList","@id":"https:\/\/revistaazulyverde.com\/ediciones\/45\/biometano-aliado-transicion-energetica\/#breadcrumb","itemListElement":[{"@type":"ListItem","position":1,"name":"Portada","item":"https:\/\/revistaazulyverde.com\/ediciones\/45\/"},{"@type":"ListItem","position":2,"name":"El biometano, aliado para la transici\u00f3n energ\u00e9tica y una oportunidad para Espa\u00f1a"}]},{"@type":"WebSite","@id":"https:\/\/revistaazulyverde.com\/ediciones\/45\/#website","url":"https:\/\/revistaazulyverde.com\/ediciones\/45\/","name":"Revista Azul y Verde n\u00ba 45","description":"","potentialAction":[{"@type":"SearchAction","target":{"@type":"EntryPoint","urlTemplate":"https:\/\/revistaazulyverde.com\/ediciones\/45\/?s={search_term_string}"},"query-input":{"@type":"PropertyValueSpecification","valueRequired":true,"valueName":"search_term_string"}}],"inLanguage":"es"},{"@type":"Person","@id":"https:\/\/revistaazulyverde.com\/ediciones\/45\/#\/schema\/person\/74598fcf6aa3967744b6de5182a76d51","name":"labsgrup_david","image":{"@type":"ImageObject","inLanguage":"es","@id":"https:\/\/revistaazulyverde.com\/ediciones\/45\/#\/schema\/person\/image\/","url":"https:\/\/secure.gravatar.com\/avatar\/62084aa808bed3aa09d30a1491f370f354141a4cce95d43e329375d88b688338?s=96&d=mm&r=g","contentUrl":"https:\/\/secure.gravatar.com\/avatar\/62084aa808bed3aa09d30a1491f370f354141a4cce95d43e329375d88b688338?s=96&d=mm&r=g","caption":"labsgrup_david"},"url":"https:\/\/revistaazulyverde.com\/ediciones\/45\/author\/labsgrup_david\/"}]}},"_links":{"self":[{"href":"https:\/\/revistaazulyverde.com\/ediciones\/45\/wp-json\/wp\/v2\/posts\/4660","targetHints":{"allow":["GET"]}}],"collection":[{"href":"https:\/\/revistaazulyverde.com\/ediciones\/45\/wp-json\/wp\/v2\/posts"}],"about":[{"href":"https:\/\/revistaazulyverde.com\/ediciones\/45\/wp-json\/wp\/v2\/types\/post"}],"author":[{"embeddable":true,"href":"https:\/\/revistaazulyverde.com\/ediciones\/45\/wp-json\/wp\/v2\/users\/1"}],"replies":[{"embeddable":true,"href":"https:\/\/revistaazulyverde.com\/ediciones\/45\/wp-json\/wp\/v2\/comments?post=4660"}],"version-history":[{"count":136,"href":"https:\/\/revistaazulyverde.com\/ediciones\/45\/wp-json\/wp\/v2\/posts\/4660\/revisions"}],"predecessor-version":[{"id":7001,"href":"https:\/\/revistaazulyverde.com\/ediciones\/45\/wp-json\/wp\/v2\/posts\/4660\/revisions\/7001"}],"wp:featuredmedia":[{"embeddable":true,"href":"https:\/\/revistaazulyverde.com\/ediciones\/45\/wp-json\/wp\/v2\/media\/7102"}],"wp:attachment":[{"href":"https:\/\/revistaazulyverde.com\/ediciones\/45\/wp-json\/wp\/v2\/media?parent=4660"}],"wp:term":[{"taxonomy":"category","embeddable":true,"href":"https:\/\/revistaazulyverde.com\/ediciones\/45\/wp-json\/wp\/v2\/categories?post=4660"},{"taxonomy":"post_tag","embeddable":true,"href":"https:\/\/revistaazulyverde.com\/ediciones\/45\/wp-json\/wp\/v2\/tags?post=4660"}],"curies":[{"name":"wp","href":"https:\/\/api.w.org\/{rel}","templated":true}]}}