{"id":4657,"date":"2020-03-10T12:54:59","date_gmt":"2020-03-10T12:54:59","guid":{"rendered":"https:\/\/revistaazulyverde.com\/ediciones\/45\/?p=4657"},"modified":"2021-09-21T18:03:57","modified_gmt":"2021-09-21T16:03:57","slug":"enagas-iniciativa-espanola-empresa","status":"publish","type":"post","link":"https:\/\/revistaazulyverde.com\/ediciones\/45\/enagas-iniciativa-espanola-empresa\/","title":{"rendered":"Enag\u00e1s, agente activo de la Iniciativa Espa\u00f1ola Empresa y Biodiversidad"},"content":{"rendered":"<div class=\"wpb-content-wrapper\"><p>[vc_row full_width=\u00bbstretch_row_content\u00bb el_class=\u00bbvisible\u00bb el_id=\u00bbheader-post\u00bb][vc_column][vc_column_text el_class=\u00bbamarillo\u00bb]<div class=\"bg-post\" style=\"background-image: url(https:\/\/revistaazulyverde.com\/ediciones\/45\/wp-content\/uploads\/sites\/7\/2020\/03\/img02-2.jpg)\"><\/div><br \/>\n<div class=\"categoria\" data-color=\"#9cb700\" style=\"background-color: #9cb700\"><span class=\"parent\">Actualidad<\/span><span class=\"cat\">La ola sostenible<\/span><\/div>[\/vc_column_text][vc_custom_heading source=\u00bbpost_title\u00bb font_container=\u00bbtag:h1|font_size:70px|text_align:center|color:%23ffffff\u00bb google_fonts=\u00bbfont_family:PT%20Serif%3Aregular%2Citalic%2C700%2C700italic|font_style:700%20bold%20italic%3A700%3Aitalic\u00bb el_class=\u00bblowercase\u00bb css=\u00bb.vc_custom_1622632823984{margin-top: 0px !important;margin-bottom: 0px !important;}\u00bb][\/vc_column][\/vc_row][vc_row el_class=\u00bbmw965&#8243; css=\u00bb.vc_custom_1594826693848{padding-top: 40px !important;}\u00bb][vc_column][vc_column_text el_class=\u00bbmw965&#8243;]El compromiso con la biodiversidad se reafirma como uno de los ejes de actuaci\u00f3n prioritarios de Enag\u00e1s. La compa\u00f1\u00eda ha participado, por primera vez, en la reuni\u00f3n anual de la<strong> Iniciativa Espa\u00f1ola Empresa y Diversidad (IEEB)<\/strong>, un proyecto impulsado por la <strong>Fundaci\u00f3n Biodiversidad del Ministerio para la Transici\u00f3n Ecol\u00f3gica y el Reto Demogr\u00e1fico (MITECO)<\/strong> y orientado a un crecimiento econ\u00f3mico responsable con la biodiversidad y la acci\u00f3n clim\u00e1tica en el centro de acci\u00f3n. Enag\u00e1s, que se sum\u00f3 a este proyecto en 2020, forma parte de las nueve empresas que se han adherido a IEEB en el \u00faltimo a\u00f1o.[\/vc_column_text][vc_column_text el_class=\u00bbmw965&#8243;]Durante la sesi\u00f3n anual,<strong> Elena Blanco, gerente de Sostenibilidad y Medio Ambiente de Enag\u00e1s,<\/strong> dio a conocer la estrategia de la compa\u00f1\u00eda en acci\u00f3n clim\u00e1tica y biodiversidad, ejes para abordar el proceso de transici\u00f3n ecol\u00f3gica. <a href=\"https:\/\/goodnewenergy.enagas.es\/proactivos\/compromiso-enagas-ods\/\">Enag\u00e1s establece objetivos y acciones para <strong>revertir la p\u00e9rdida de biodiversidad<\/strong><\/a> y se compromete en los proyectos de construcci\u00f3n e instalaciones que opera a <strong>preservar la naturaleza y los ecosistemas<\/strong>. En esta l\u00ednea, por ejemplo, en la fase de dise\u00f1o y planificaci\u00f3n de las obras incluye medidas para evitar el impacto en el entorno, priorizando corredores de infraestructuras ya existentes. Asimismo, minimiza la afectaci\u00f3n de los ecosistemas a trav\u00e9s de actuaciones incluidas en los programas de vigilancia ambiental, como la reducci\u00f3n de los niveles de ruido y emisiones atmosf\u00e9ricas tanto en la fase de obra como en operaci\u00f3n.[\/vc_column_text][vc_custom_heading text=\u00bbPor primera vez, Enag\u00e1s participa en la reuni\u00f3n anual de la Iniciativa Espa\u00f1ola Empresa y Diversidad (IEEB), que promueve el crecimiento econ\u00f3mico responsable\u00bb font_container=\u00bbtag:h3|font_size:28|text_align:center|color:%23777777|line_height:34px\u00bb google_fonts=\u00bbfont_family:PT%20Serif%3Aregular%2Citalic%2C700%2C700italic|font_style:700%20bold%20italic%3A700%3Aitalic\u00bb css=\u00bb.vc_custom_1629969338627{padding-right: 100px !important;padding-left: 100px !important;}\u00bb el_class=\u00bblowercase pl120 f30&#8243;][vc_column_text]La adhesi\u00f3n a esta Iniciativa ejemplifica tambi\u00e9n el compromiso de Enag\u00e1s con el Objetivo de Desarrollo Sostenible para la preservaci\u00f3n de los ecosistemas terrestres (ODS15).[\/vc_column_text][vc_custom_heading text=\u00bbEn favor de la reconstrucci\u00f3n verde\u00bb font_container=\u00bbtag:h2|font_size:28px|text_align:left|color:%239cb700|line_height:34px\u00bb google_fonts=\u00bbfont_family:PT%20Serif%3Aregular%2Citalic%2C700%2C700italic|font_style:700%20bold%20italic%3A700%3Aitalic\u00bb el_class=\u00bblowercase pl120 f30&#8243;][vc_column_text]En la jornada de trabajo de la IEEB tambi\u00e9n participaron representantes de las 30 grandes empresas que forman parte de la Iniciativa, portavoces del MITECO y de la patronal CEOE. Entre los temas que los miembros de la IEBB pusieron sobre la mesa, destaca el<strong> rol de las empresas en la reconstrucci\u00f3n verde<\/strong> y avanzar sobre los logros de la Iniciativa para que constituya una herramienta \u00fatil en la transici\u00f3n ecol\u00f3gica.[\/vc_column_text][vc_column_text]<strong>En alianza con el sector privado<\/strong>, la IEEB trabaja para impulsar un desarrollo econ\u00f3mico que integre la conservaci\u00f3n de la biodiversidad. En esta l\u00ednea, establece un <strong>marco de cooperaci\u00f3n<\/strong> entre las grandes empresas, ONG, asociaciones y la Administraci\u00f3n General del Estado, para avanzar conjuntamente en la preservaci\u00f3n del capital natural y la biodiversidad en Espa\u00f1a.[\/vc_column_text][\/vc_column][\/vc_row][vc_row el_class=\u00bbmw1230&#8243; css=\u00bb.vc_custom_1584093612893{padding-top: 40px !important;}\u00bb][vc_column]<div class=\"edgtf-news-holder edgtf-post-carousel5 edgtf-small-space\"  data-post-status=publish data-ignore-sticky-posts=1 data-posts-per-page=6 data-paged=1 data-max-num-pages=2 data-next-page=2 data-title-tag=h3 data-image-size=custom data-custom-image-width=370 data-custom-image-height=267 data-display-categories=yes data-display-excerpt=no data-display-date=no data-date-format=difference data-display-like=no data-display-comments=no data-display-share=no data-display-hot-trending-icons=no data-layout=edgtf_post_carousel5><div class=\"edgtf-news-list-inner edgtf-owl-slider\" data-number-of-items=\"4\"   data-slider-speed=\"4000\" data-slider-speed-animation=\"600\"   data-enable-auto-height=\"yes\"><div class=\"edgtf-news-item edgtf-layout1-item edgtf-item-space\" data-color=\"#9cb700\">\n\t<div class=\"edgtf-ni-image-holder\">\n\t\t\t<div class=\"edgtf-post-image\">\n\t\t<a itemprop=\"url\" href=\"https:\/\/revistaazulyverde.com\/ediciones\/45\/biometano-aliado-transicion-energetica\/\" title=\"El biometano, aliado para la transici\u00f3n energ\u00e9tica y una oportunidad para Espa\u00f1a\">\n\t\t\t<img loading=\"lazy\" decoding=\"async\" src=\"https:\/\/revistaazulyverde.com\/ediciones\/45\/wp-content\/uploads\/sites\/7\/2020\/04\/img01-370x267.jpg\" alt=\"\" width=\"370\" height=\"267\" \/>\t\t<\/a>\n\t<\/div>\n        <div class=\"edgtf-ni-like-comments-share-holder\">\n                                            <\/div>\n\t<\/div>\n\t<div class=\"edgtf-ni-content\">\n\t\t<div class=\"edgtf-ni-info edgtf-ni-info-top\">\n            \t<div class=\"edgtf-post-info-category\">\n\t\t<a href=\"https:\/\/revistaazulyverde.com\/ediciones\/45\/category\/actualidad\/a-fondo\/\" rel=\"category tag\">A fondo<\/a>\t<\/div>\n\t\t<\/div>\n\t\t\n<h3 itemprop=\"name\" class=\"entry-title edgtf-post-title \" >\n<a itemprop=\"url\" href=\"https:\/\/revistaazulyverde.com\/ediciones\/45\/biometano-aliado-transicion-energetica\/\" title=\"El biometano, aliado para la transici\u00f3n energ\u00e9tica y una oportunidad para Espa\u00f1a\">\n    El biometano, aliado para la transici\u00f3n energ\u00e9tica y una oportunidad para Espa\u00f1a<\/a>\n<\/h3>\t\t\t\t<div class=\"edgtf-ni-info edgtf-ni-info-bottom\">\n                        \t\t<\/div>\n\t<\/div>\n<\/div><div class=\"edgtf-news-item edgtf-layout1-item edgtf-item-space\" data-color=\"#007aae\">\n\t<div class=\"edgtf-ni-image-holder\">\n\t\t\t<div class=\"edgtf-post-image\">\n\t\t<a itemprop=\"url\" href=\"https:\/\/revistaazulyverde.com\/ediciones\/45\/editorial-45\/\" title=\"La importancia de nuestro trabajo\">\n\t\t\t<img loading=\"lazy\" decoding=\"async\" src=\"https:\/\/revistaazulyverde.com\/ediciones\/45\/wp-content\/uploads\/sites\/7\/2020\/04\/006_EC_Lumbier_2015_baja-copia-2-370x267.jpg\" alt=\"\" width=\"370\" height=\"267\" \/>\t\t<\/a>\n\t<\/div>\n        <div class=\"edgtf-ni-like-comments-share-holder\">\n                                            <\/div>\n\t<\/div>\n\t<div class=\"edgtf-ni-content\">\n\t\t<div class=\"edgtf-ni-info edgtf-ni-info-top\">\n            \t<div class=\"edgtf-post-info-category\">\n\t\t<a href=\"https:\/\/revistaazulyverde.com\/ediciones\/45\/category\/editorial\/\" rel=\"category tag\">Editorial<\/a>\t<\/div>\n\t\t<\/div>\n\t\t\n<h3 itemprop=\"name\" class=\"entry-title edgtf-post-title \" >\n<a itemprop=\"url\" href=\"https:\/\/revistaazulyverde.com\/ediciones\/45\/editorial-45\/\" title=\"La importancia de nuestro trabajo\">\n    La importancia de nuestro trabajo<\/a>\n<\/h3>\t\t\t\t<div class=\"edgtf-ni-info edgtf-ni-info-bottom\">\n                        \t\t<\/div>\n\t<\/div>\n<\/div><div class=\"edgtf-news-item edgtf-layout1-item edgtf-item-space\" data-color=\"#ffb81c\">\n\t<div class=\"edgtf-ni-image-holder\">\n\t\t\t<div class=\"edgtf-post-image\">\n\t\t<a itemprop=\"url\" href=\"https:\/\/revistaazulyverde.com\/ediciones\/45\/golf-oscar-gomez\/\" title=\"El golf, mucho m\u00e1s que un deporte para \u00d3scar G\u00f3mez\">\n\t\t\t<img loading=\"lazy\" decoding=\"async\" src=\"https:\/\/revistaazulyverde.com\/ediciones\/45\/wp-content\/uploads\/sites\/7\/2020\/03\/Oscar-gomez-golf-6-e1631690026510-370x267.png\" alt=\"\" width=\"370\" height=\"267\" \/>\t\t<\/a>\n\t<\/div>\n        <div class=\"edgtf-ni-like-comments-share-holder\">\n                                            <\/div>\n\t<\/div>\n\t<div class=\"edgtf-ni-content\">\n\t\t<div class=\"edgtf-ni-info edgtf-ni-info-top\">\n            \t<div class=\"edgtf-post-info-category\">\n\t\t<a href=\"https:\/\/revistaazulyverde.com\/ediciones\/45\/category\/equipo-enagas\/mas-alla-de-enagas\/\" rel=\"category tag\">M\u00e1s all\u00e1 de Enag\u00e1s<\/a>\t<\/div>\n\t\t<\/div>\n\t\t\n<h3 itemprop=\"name\" class=\"entry-title edgtf-post-title \" >\n<a itemprop=\"url\" href=\"https:\/\/revistaazulyverde.com\/ediciones\/45\/golf-oscar-gomez\/\" title=\"El golf, mucho m\u00e1s que un deporte para \u00d3scar G\u00f3mez\">\n    El golf, mucho m\u00e1s que un deporte para \u00d3scar G\u00f3mez<\/a>\n<\/h3>\t\t\t\t<div class=\"edgtf-ni-info edgtf-ni-info-bottom\">\n                        \t\t<\/div>\n\t<\/div>\n<\/div><div class=\"edgtf-news-item edgtf-layout1-item edgtf-item-space\" data-color=\"#ffb81c\">\n\t<div class=\"edgtf-ni-image-holder\">\n\t\t\t<div class=\"edgtf-post-image\">\n\t\t<a itemprop=\"url\" href=\"https:\/\/revistaazulyverde.com\/ediciones\/45\/enagas-experiencia-empleado\/\" title=\"La conexi\u00f3n que nos define\">\n\t\t\t<img loading=\"lazy\" decoding=\"async\" src=\"https:\/\/revistaazulyverde.com\/ediciones\/45\/wp-content\/uploads\/sites\/7\/2020\/03\/de-persona-a-persona-45-1-e1631693915259-370x267.png\" alt=\"\" width=\"370\" height=\"267\" \/>\t\t<\/a>\n\t<\/div>\n        <div class=\"edgtf-ni-like-comments-share-holder\">\n                                            <\/div>\n\t<\/div>\n\t<div class=\"edgtf-ni-content\">\n\t\t<div class=\"edgtf-ni-info edgtf-ni-info-top\">\n            \t<div class=\"edgtf-post-info-category\">\n\t\t<a href=\"https:\/\/revistaazulyverde.com\/ediciones\/45\/category\/equipo-enagas\/de-persona-a-persona\/\" rel=\"category tag\">De persona a persona<\/a>\t<\/div>\n\t\t<\/div>\n\t\t\n<h3 itemprop=\"name\" class=\"entry-title edgtf-post-title \" >\n<a itemprop=\"url\" href=\"https:\/\/revistaazulyverde.com\/ediciones\/45\/enagas-experiencia-empleado\/\" title=\"La conexi\u00f3n que nos define\">\n    La conexi\u00f3n que nos define<\/a>\n<\/h3>\t\t\t\t<div class=\"edgtf-ni-info edgtf-ni-info-bottom\">\n                        \t\t<\/div>\n\t<\/div>\n<\/div><div class=\"edgtf-news-item edgtf-layout1-item edgtf-item-space\" data-color=\"#007aae\">\n\t<div class=\"edgtf-ni-image-holder\">\n\t\t\t<div class=\"edgtf-post-image\">\n\t\t<a itemprop=\"url\" href=\"https:\/\/revistaazulyverde.com\/ediciones\/45\/scale-gas-facilita-transicion\/\" title=\"Scale Gas facilita la transici\u00f3n energ\u00e9tica en el mercado de peque\u00f1a escala de GNL\">\n\t\t\t<img loading=\"lazy\" decoding=\"async\" src=\"https:\/\/revistaazulyverde.com\/ediciones\/45\/wp-content\/uploads\/sites\/7\/2020\/03\/13-copia-e1632157553788-370x267.png\" alt=\"\" width=\"370\" height=\"267\" \/>\t\t<\/a>\n\t<\/div>\n        <div class=\"edgtf-ni-like-comments-share-holder\">\n                                            <\/div>\n\t<\/div>\n\t<div class=\"edgtf-ni-content\">\n\t\t<div class=\"edgtf-ni-info edgtf-ni-info-top\">\n            \t<div class=\"edgtf-post-info-category\">\n\t\t<a href=\"https:\/\/revistaazulyverde.com\/ediciones\/45\/category\/nuestra-actividad\/adn-enagas-startups\/\" rel=\"category tag\">ADN startup<\/a>\t<\/div>\n\t\t<\/div>\n\t\t\n<h3 itemprop=\"name\" class=\"entry-title edgtf-post-title \" >\n<a itemprop=\"url\" href=\"https:\/\/revistaazulyverde.com\/ediciones\/45\/scale-gas-facilita-transicion\/\" title=\"Scale Gas facilita la transici\u00f3n energ\u00e9tica en el mercado de peque\u00f1a escala de GNL\">\n    Scale Gas facilita la transici\u00f3n energ\u00e9tica en el mercado de peque\u00f1a escala de GNL<\/a>\n<\/h3>\t\t\t\t<div class=\"edgtf-ni-info edgtf-ni-info-bottom\">\n                        \t\t<\/div>\n\t<\/div>\n<\/div><div class=\"edgtf-news-item edgtf-layout1-item edgtf-item-space\" data-color=\"#ffb81c\">\n\t<div class=\"edgtf-ni-image-holder\">\n\t\t\t<div class=\"edgtf-post-image\">\n\t\t<a itemprop=\"url\" href=\"https:\/\/revistaazulyverde.com\/ediciones\/45\/gerencia-comercial\/\" title=\"Gerencia Comercial\">\n\t\t\t<img loading=\"lazy\" decoding=\"async\" src=\"https:\/\/revistaazulyverde.com\/ediciones\/45\/wp-content\/uploads\/sites\/7\/2020\/03\/que-hacemos-en-45-copia-1-e1631867594524-370x267.png\" alt=\"\" width=\"370\" height=\"267\" \/>\t\t<\/a>\n\t<\/div>\n        <div class=\"edgtf-ni-like-comments-share-holder\">\n                                            <\/div>\n\t<\/div>\n\t<div class=\"edgtf-ni-content\">\n\t\t<div class=\"edgtf-ni-info edgtf-ni-info-top\">\n            \t<div class=\"edgtf-post-info-category\">\n\t\t<a href=\"https:\/\/revistaazulyverde.com\/ediciones\/45\/category\/equipo-enagas\/que-hacemos-en\/\" rel=\"category tag\">\u00bfQu\u00e9 hacemos en...?<\/a>\t<\/div>\n\t\t<\/div>\n\t\t\n<h3 itemprop=\"name\" class=\"entry-title edgtf-post-title \" >\n<a itemprop=\"url\" href=\"https:\/\/revistaazulyverde.com\/ediciones\/45\/gerencia-comercial\/\" title=\"Gerencia Comercial\">\n    Gerencia Comercial<\/a>\n<\/h3>\t\t\t\t<div class=\"edgtf-ni-info edgtf-ni-info-bottom\">\n                        \t\t<\/div>\n\t<\/div>\n<\/div><\/div><\/div>[\/vc_column][\/vc_row]<\/p>\n<\/div>","protected":false},"excerpt":{"rendered":"<p>[vc_row full_width=\u00bbstretch_row_content\u00bb el_class=\u00bbvisible\u00bb el_id=\u00bbheader-post\u00bb][vc_column][vc_column_text el_class=\u00bbamarillo\u00bb] [\/vc_column_text][vc_custom_heading source=\u00bbpost_title\u00bb font_container=\u00bbtag:h1|font_size:70px|text_align:center|color:%23ffffff\u00bb google_fonts=\u00bbfont_family:PT%20Serif%3Aregular%2Citalic%2C700%2C700italic|font_style:700%20bold%20italic%3A700%3Aitalic\u00bb el_class=\u00bblowercase\u00bb css=\u00bb.vc_custom_1622632823984{margin-top: 0px !important;margin-bottom: 0px !important;}\u00bb][\/vc_column][\/vc_row][vc_row el_class=\u00bbmw965&#8243; css=\u00bb.vc_custom_1594826693848{padding-top: 40px !important;}\u00bb][vc_column][vc_column_text el_class=\u00bbmw965&#8243;]El compromiso con la biodiversidad se reafirma como uno de los ejes de actuaci\u00f3n prioritarios de Enag\u00e1s. La compa\u00f1\u00eda ha participado, [&hellip;]<\/p>\n","protected":false},"author":1,"featured_media":7113,"comment_status":"open","ping_status":"open","sticky":false,"template":"","format":"standard","meta":{"_acf_changed":false,"footnotes":""},"categories":[55],"tags":[],"class_list":["post-4657","post","type-post","status-publish","format-standard","has-post-thumbnail","hentry","category-la-ola-sostenible"],"acf":[],"yoast_head":"<!-- This site is optimized with the Yoast SEO plugin v24.9 - https:\/\/yoast.com\/wordpress\/plugins\/seo\/ -->\n<title>Enag\u00e1s, agente activo de la Iniciativa Espa\u00f1ola Empresa y Biodiversidad - Revista Azul y Verde n\u00ba 45<\/title>\n<meta name=\"description\" content=\"Enag\u00e1s sigue avanzando en su compromiso de transparencia con inversores y reguladores.\" \/>\n<meta name=\"robots\" content=\"noindex, follow, max-snippet:-1, max-image-preview:large, max-video-preview:-1\" \/>\n<meta property=\"og:locale\" content=\"es_ES\" \/>\n<meta property=\"og:type\" content=\"article\" \/>\n<meta property=\"og:title\" content=\"Enag\u00e1s, agente activo de la Iniciativa Espa\u00f1ola Empresa y Biodiversidad\" \/>\n<meta property=\"og:description\" content=\"El compromiso con la biodiversidad se reafirma como uno de los ejes de actuaci\u00f3n prioritarios de Enag\u00e1s.\" \/>\n<meta property=\"og:url\" content=\"https:\/\/revistaazulyverde.com\/ediciones\/45\/enagas-iniciativa-espanola-empresa\/\" \/>\n<meta property=\"og:site_name\" content=\"Revista Azul y Verde n\u00ba 45\" \/>\n<meta property=\"article:published_time\" content=\"2020-03-10T12:54:59+00:00\" \/>\n<meta property=\"article:modified_time\" content=\"2021-09-21T16:03:57+00:00\" \/>\n<meta property=\"og:image\" content=\"https:\/\/revistaazulyverde.com\/ediciones\/45\/wp-content\/uploads\/sites\/7\/2020\/03\/img02-2.jpg\" \/>\n\t<meta property=\"og:image:width\" content=\"1920\" \/>\n\t<meta property=\"og:image:height\" content=\"890\" \/>\n\t<meta property=\"og:image:type\" content=\"image\/jpeg\" \/>\n<meta name=\"author\" content=\"labsgrup_david\" \/>\n<meta name=\"twitter:card\" content=\"summary_large_image\" \/>\n<meta name=\"twitter:title\" content=\"Enag\u00e1s, agente activo de la Iniciativa Espa\u00f1ola Empresa y Biodiversidad\" \/>\n<meta name=\"twitter:description\" content=\"El compromiso con la biodiversidad se reafirma como uno de los ejes de actuaci\u00f3n prioritarios de Enag\u00e1s.\" \/>\n<meta name=\"twitter:image\" content=\"https:\/\/revistaazulyverde.com\/ediciones\/45\/wp-content\/uploads\/sites\/7\/2020\/03\/img02-2.jpg\" \/>\n<meta name=\"twitter:label1\" content=\"Escrito por\" \/>\n\t<meta name=\"twitter:data1\" content=\"labsgrup_david\" \/>\n\t<meta name=\"twitter:label2\" content=\"Tiempo de lectura\" \/>\n\t<meta name=\"twitter:data2\" content=\"3 minutos\" \/>\n<script type=\"application\/ld+json\" class=\"yoast-schema-graph\">{\"@context\":\"https:\/\/schema.org\",\"@graph\":[{\"@type\":\"WebPage\",\"@id\":\"https:\/\/revistaazulyverde.com\/ediciones\/45\/enagas-iniciativa-espanola-empresa\/\",\"url\":\"https:\/\/revistaazulyverde.com\/ediciones\/45\/enagas-iniciativa-espanola-empresa\/\",\"name\":\"Enag\u00e1s, agente activo de la Iniciativa Espa\u00f1ola Empresa y Biodiversidad - Revista Azul y Verde n\u00ba 45\",\"isPartOf\":{\"@id\":\"https:\/\/revistaazulyverde.com\/ediciones\/45\/#website\"},\"primaryImageOfPage\":{\"@id\":\"https:\/\/revistaazulyverde.com\/ediciones\/45\/enagas-iniciativa-espanola-empresa\/#primaryimage\"},\"image\":{\"@id\":\"https:\/\/revistaazulyverde.com\/ediciones\/45\/enagas-iniciativa-espanola-empresa\/#primaryimage\"},\"thumbnailUrl\":\"https:\/\/revistaazulyverde.com\/ediciones\/45\/wp-content\/uploads\/sites\/7\/2020\/03\/img02-3-e1631702511715.jpg\",\"datePublished\":\"2020-03-10T12:54:59+00:00\",\"dateModified\":\"2021-09-21T16:03:57+00:00\",\"author\":{\"@id\":\"https:\/\/revistaazulyverde.com\/ediciones\/45\/#\/schema\/person\/74598fcf6aa3967744b6de5182a76d51\"},\"description\":\"Enag\u00e1s sigue avanzando en su compromiso de transparencia con inversores y reguladores.\",\"breadcrumb\":{\"@id\":\"https:\/\/revistaazulyverde.com\/ediciones\/45\/enagas-iniciativa-espanola-empresa\/#breadcrumb\"},\"inLanguage\":\"es\",\"potentialAction\":[{\"@type\":\"ReadAction\",\"target\":[\"https:\/\/revistaazulyverde.com\/ediciones\/45\/enagas-iniciativa-espanola-empresa\/\"]}]},{\"@type\":\"ImageObject\",\"inLanguage\":\"es\",\"@id\":\"https:\/\/revistaazulyverde.com\/ediciones\/45\/enagas-iniciativa-espanola-empresa\/#primaryimage\",\"url\":\"https:\/\/revistaazulyverde.com\/ediciones\/45\/wp-content\/uploads\/sites\/7\/2020\/03\/img02-3-e1631702511715.jpg\",\"contentUrl\":\"https:\/\/revistaazulyverde.com\/ediciones\/45\/wp-content\/uploads\/sites\/7\/2020\/03\/img02-3-e1631702511715.jpg\",\"width\":888,\"height\":888},{\"@type\":\"BreadcrumbList\",\"@id\":\"https:\/\/revistaazulyverde.com\/ediciones\/45\/enagas-iniciativa-espanola-empresa\/#breadcrumb\",\"itemListElement\":[{\"@type\":\"ListItem\",\"position\":1,\"name\":\"Portada\",\"item\":\"https:\/\/revistaazulyverde.com\/ediciones\/45\/\"},{\"@type\":\"ListItem\",\"position\":2,\"name\":\"Enag\u00e1s, agente activo de la Iniciativa Espa\u00f1ola Empresa y Biodiversidad\"}]},{\"@type\":\"WebSite\",\"@id\":\"https:\/\/revistaazulyverde.com\/ediciones\/45\/#website\",\"url\":\"https:\/\/revistaazulyverde.com\/ediciones\/45\/\",\"name\":\"Revista Azul y Verde n\u00ba 45\",\"description\":\"\",\"potentialAction\":[{\"@type\":\"SearchAction\",\"target\":{\"@type\":\"EntryPoint\",\"urlTemplate\":\"https:\/\/revistaazulyverde.com\/ediciones\/45\/?s={search_term_string}\"},\"query-input\":{\"@type\":\"PropertyValueSpecification\",\"valueRequired\":true,\"valueName\":\"search_term_string\"}}],\"inLanguage\":\"es\"},{\"@type\":\"Person\",\"@id\":\"https:\/\/revistaazulyverde.com\/ediciones\/45\/#\/schema\/person\/74598fcf6aa3967744b6de5182a76d51\",\"name\":\"labsgrup_david\",\"image\":{\"@type\":\"ImageObject\",\"inLanguage\":\"es\",\"@id\":\"https:\/\/revistaazulyverde.com\/ediciones\/45\/#\/schema\/person\/image\/\",\"url\":\"https:\/\/secure.gravatar.com\/avatar\/62084aa808bed3aa09d30a1491f370f354141a4cce95d43e329375d88b688338?s=96&d=mm&r=g\",\"contentUrl\":\"https:\/\/secure.gravatar.com\/avatar\/62084aa808bed3aa09d30a1491f370f354141a4cce95d43e329375d88b688338?s=96&d=mm&r=g\",\"caption\":\"labsgrup_david\"},\"url\":\"https:\/\/revistaazulyverde.com\/ediciones\/45\/author\/labsgrup_david\/\"}]}<\/script>\n<!-- \/ Yoast SEO plugin. -->","yoast_head_json":{"title":"Enag\u00e1s, agente activo de la Iniciativa Espa\u00f1ola Empresa y Biodiversidad - Revista Azul y Verde n\u00ba 45","description":"Enag\u00e1s sigue avanzando en su compromiso de transparencia con inversores y reguladores.","robots":{"index":"noindex","follow":"follow","max-snippet":"max-snippet:-1","max-image-preview":"max-image-preview:large","max-video-preview":"max-video-preview:-1"},"og_locale":"es_ES","og_type":"article","og_title":"Enag\u00e1s, agente activo de la Iniciativa Espa\u00f1ola Empresa y Biodiversidad","og_description":"El compromiso con la biodiversidad se reafirma como uno de los ejes de actuaci\u00f3n prioritarios de Enag\u00e1s.","og_url":"https:\/\/revistaazulyverde.com\/ediciones\/45\/enagas-iniciativa-espanola-empresa\/","og_site_name":"Revista Azul y Verde n\u00ba 45","article_published_time":"2020-03-10T12:54:59+00:00","article_modified_time":"2021-09-21T16:03:57+00:00","og_image":[{"width":1920,"height":890,"url":"https:\/\/revistaazulyverde.com\/ediciones\/45\/wp-content\/uploads\/sites\/7\/2020\/03\/img02-2.jpg","type":"image\/jpeg"}],"author":"labsgrup_david","twitter_card":"summary_large_image","twitter_title":"Enag\u00e1s, agente activo de la Iniciativa Espa\u00f1ola Empresa y Biodiversidad","twitter_description":"El compromiso con la biodiversidad se reafirma como uno de los ejes de actuaci\u00f3n prioritarios de Enag\u00e1s.","twitter_image":"https:\/\/revistaazulyverde.com\/ediciones\/45\/wp-content\/uploads\/sites\/7\/2020\/03\/img02-2.jpg","twitter_misc":{"Escrito por":"labsgrup_david","Tiempo de lectura":"3 minutos"},"schema":{"@context":"https:\/\/schema.org","@graph":[{"@type":"WebPage","@id":"https:\/\/revistaazulyverde.com\/ediciones\/45\/enagas-iniciativa-espanola-empresa\/","url":"https:\/\/revistaazulyverde.com\/ediciones\/45\/enagas-iniciativa-espanola-empresa\/","name":"Enag\u00e1s, agente activo de la Iniciativa Espa\u00f1ola Empresa y Biodiversidad - Revista Azul y Verde n\u00ba 45","isPartOf":{"@id":"https:\/\/revistaazulyverde.com\/ediciones\/45\/#website"},"primaryImageOfPage":{"@id":"https:\/\/revistaazulyverde.com\/ediciones\/45\/enagas-iniciativa-espanola-empresa\/#primaryimage"},"image":{"@id":"https:\/\/revistaazulyverde.com\/ediciones\/45\/enagas-iniciativa-espanola-empresa\/#primaryimage"},"thumbnailUrl":"https:\/\/revistaazulyverde.com\/ediciones\/45\/wp-content\/uploads\/sites\/7\/2020\/03\/img02-3-e1631702511715.jpg","datePublished":"2020-03-10T12:54:59+00:00","dateModified":"2021-09-21T16:03:57+00:00","author":{"@id":"https:\/\/revistaazulyverde.com\/ediciones\/45\/#\/schema\/person\/74598fcf6aa3967744b6de5182a76d51"},"description":"Enag\u00e1s sigue avanzando en su compromiso de transparencia con inversores y reguladores.","breadcrumb":{"@id":"https:\/\/revistaazulyverde.com\/ediciones\/45\/enagas-iniciativa-espanola-empresa\/#breadcrumb"},"inLanguage":"es","potentialAction":[{"@type":"ReadAction","target":["https:\/\/revistaazulyverde.com\/ediciones\/45\/enagas-iniciativa-espanola-empresa\/"]}]},{"@type":"ImageObject","inLanguage":"es","@id":"https:\/\/revistaazulyverde.com\/ediciones\/45\/enagas-iniciativa-espanola-empresa\/#primaryimage","url":"https:\/\/revistaazulyverde.com\/ediciones\/45\/wp-content\/uploads\/sites\/7\/2020\/03\/img02-3-e1631702511715.jpg","contentUrl":"https:\/\/revistaazulyverde.com\/ediciones\/45\/wp-content\/uploads\/sites\/7\/2020\/03\/img02-3-e1631702511715.jpg","width":888,"height":888},{"@type":"BreadcrumbList","@id":"https:\/\/revistaazulyverde.com\/ediciones\/45\/enagas-iniciativa-espanola-empresa\/#breadcrumb","itemListElement":[{"@type":"ListItem","position":1,"name":"Portada","item":"https:\/\/revistaazulyverde.com\/ediciones\/45\/"},{"@type":"ListItem","position":2,"name":"Enag\u00e1s, agente activo de la Iniciativa Espa\u00f1ola Empresa y Biodiversidad"}]},{"@type":"WebSite","@id":"https:\/\/revistaazulyverde.com\/ediciones\/45\/#website","url":"https:\/\/revistaazulyverde.com\/ediciones\/45\/","name":"Revista Azul y Verde n\u00ba 45","description":"","potentialAction":[{"@type":"SearchAction","target":{"@type":"EntryPoint","urlTemplate":"https:\/\/revistaazulyverde.com\/ediciones\/45\/?s={search_term_string}"},"query-input":{"@type":"PropertyValueSpecification","valueRequired":true,"valueName":"search_term_string"}}],"inLanguage":"es"},{"@type":"Person","@id":"https:\/\/revistaazulyverde.com\/ediciones\/45\/#\/schema\/person\/74598fcf6aa3967744b6de5182a76d51","name":"labsgrup_david","image":{"@type":"ImageObject","inLanguage":"es","@id":"https:\/\/revistaazulyverde.com\/ediciones\/45\/#\/schema\/person\/image\/","url":"https:\/\/secure.gravatar.com\/avatar\/62084aa808bed3aa09d30a1491f370f354141a4cce95d43e329375d88b688338?s=96&d=mm&r=g","contentUrl":"https:\/\/secure.gravatar.com\/avatar\/62084aa808bed3aa09d30a1491f370f354141a4cce95d43e329375d88b688338?s=96&d=mm&r=g","caption":"labsgrup_david"},"url":"https:\/\/revistaazulyverde.com\/ediciones\/45\/author\/labsgrup_david\/"}]}},"_links":{"self":[{"href":"https:\/\/revistaazulyverde.com\/ediciones\/45\/wp-json\/wp\/v2\/posts\/4657","targetHints":{"allow":["GET"]}}],"collection":[{"href":"https:\/\/revistaazulyverde.com\/ediciones\/45\/wp-json\/wp\/v2\/posts"}],"about":[{"href":"https:\/\/revistaazulyverde.com\/ediciones\/45\/wp-json\/wp\/v2\/types\/post"}],"author":[{"embeddable":true,"href":"https:\/\/revistaazulyverde.com\/ediciones\/45\/wp-json\/wp\/v2\/users\/1"}],"replies":[{"embeddable":true,"href":"https:\/\/revistaazulyverde.com\/ediciones\/45\/wp-json\/wp\/v2\/comments?post=4657"}],"version-history":[{"count":65,"href":"https:\/\/revistaazulyverde.com\/ediciones\/45\/wp-json\/wp\/v2\/posts\/4657\/revisions"}],"predecessor-version":[{"id":7211,"href":"https:\/\/revistaazulyverde.com\/ediciones\/45\/wp-json\/wp\/v2\/posts\/4657\/revisions\/7211"}],"wp:featuredmedia":[{"embeddable":true,"href":"https:\/\/revistaazulyverde.com\/ediciones\/45\/wp-json\/wp\/v2\/media\/7113"}],"wp:attachment":[{"href":"https:\/\/revistaazulyverde.com\/ediciones\/45\/wp-json\/wp\/v2\/media?parent=4657"}],"wp:term":[{"taxonomy":"category","embeddable":true,"href":"https:\/\/revistaazulyverde.com\/ediciones\/45\/wp-json\/wp\/v2\/categories?post=4657"},{"taxonomy":"post_tag","embeddable":true,"href":"https:\/\/revistaazulyverde.com\/ediciones\/45\/wp-json\/wp\/v2\/tags?post=4657"}],"curies":[{"name":"wp","href":"https:\/\/api.w.org\/{rel}","templated":true}]}}