{"id":5666,"date":"2020-03-25T08:09:58","date_gmt":"2020-03-25T08:09:58","guid":{"rendered":"https:\/\/revistaazulyverde.com\/ediciones\/43\/?p=5666"},"modified":"2021-03-09T11:30:04","modified_gmt":"2021-03-09T10:30:04","slug":"ingenia-energy-challenge-premia-soluciones-modelo-descarbonizado","status":"publish","type":"post","link":"https:\/\/revistaazulyverde.com\/ediciones\/43\/ingenia-energy-challenge-premia-soluciones-modelo-descarbonizado\/","title":{"rendered":"Soluciones para impulsar un nuevo modelo energ\u00e9tico descarbonizado"},"content":{"rendered":"<div class=\"wpb-content-wrapper\"><p>[vc_row full_width=\u00bbstretch_row_content\u00bb el_class=\u00bbvisible\u00bb el_id=\u00bbheader-post\u00bb][vc_column][vc_column_text el_class=\u00bbamarillo\u00bb]<div class=\"bg-post lazyload\" style=\"background-image:inherit\" data-bg-image=\"url(https:\/\/revistaazulyverde.com\/ediciones\/43\/wp-content\/uploads\/sites\/5\/2020\/03\/ADN-Start-up-1920_1-copia.jpg)\"><\/div><br \/>\n<div class=\"categoria\" data-color=\"#007aae\" style=\"background-color: #007aae\"><span class=\"parent\">Nuestra actividad<\/span><span class=\"cat\">ADN startup<\/span><\/div>[\/vc_column_text][vc_custom_heading source=\u00bbpost_title\u00bb font_container=\u00bbtag:h1|font_size:60px|text_align:center|color:%23ffffff\u00bb google_fonts=\u00bbfont_family:PT%20Serif%3Aregular%2Citalic%2C700%2C700italic|font_style:700%20bold%20italic%3A700%3Aitalic\u00bb el_class=\u00bblowercase title-responsive-bot\u00bb css=\u00bb.vc_custom_1614856063979{padding-top: 470px !important;padding-right: 200px !important;padding-bottom: 0px !important;padding-left: 200px !important;}\u00bb][\/vc_column][\/vc_row][vc_row el_class=\u00bbmw965&#8243;][vc_column][vc_empty_space][vc_column_text]<em>Ingenia Energy Challenge<\/em> ha vuelto a demostrar, una edici\u00f3n m\u00e1s, su relevancia como iniciativa comprometida con el fomento de la innovaci\u00f3n y el emprendimiento en un sector tan estrat\u00e9gico como el energ\u00e9tico.[\/vc_column_text][vc_column_text]El programa de Enag\u00e1s, dirigido a profesionales de la compa\u00f1\u00eda y, desde esta edici\u00f3n pasada, tambi\u00e9n a <em>startups<\/em> y emprendedores externos a la organizaci\u00f3n, ha distinguido dos iniciativas que abordan y ofrecen soluciones pioneras a los desaf\u00edos que impone la transici\u00f3n energ\u00e9tica. Entre las <strong>116 <\/strong>propuestas recibidas de <strong>107<\/strong> participantes, han sido premiadas <strong>ADDENA<\/strong>, dentro de la categor\u00eda dirigida a los empleados de Enag\u00e1s, y <strong>Orchestra Scientific<\/strong>, entre aquellas soluciones procedentes de fuera de la compa\u00f1\u00eda. Ambos proyectos encajan con las l\u00edneas de actuaci\u00f3n de Enag\u00e1s orientadas a impulsar la descarbonizaci\u00f3n y apostar por los gases renovables.[\/vc_column_text][vc_empty_space][vc_single_image image=\u00bb6514&#8243; img_size=\u00bbfull\u00bb alignment=\u00bbcenter\u00bb onclick=\u00bblink_image\u00bb][vc_empty_space][vc_column_text]El consejero delegado de Enag\u00e1s, <strong>Marcelino Oreja<\/strong>, destac\u00f3 durante el acto de entrega de los premios, celebrado de manera virtual ante el actual contexto sanitario, que \u201clas propuestas que se han presentado en los premios <em>Ingenia Energy Challenge <\/em>son la punta de lanza de la innovaci\u00f3n para la transici\u00f3n energ\u00e9tica, que desde Enag\u00e1s fomentamos e impulsamos\u201d.[\/vc_column_text][vc_column_text]En el caso de <strong>ADDENA<\/strong>, el jurado de los premios reconoci\u00f3 su propuesta dirigida a impulsar a trav\u00e9s de biog\u00e1s un mercado de producci\u00f3n de bioGNL. En este sentido, el equipo de ADDENA ha concebido una tecnolog\u00eda que permite abordar la licuaci\u00f3n del biog\u00e1s a peque\u00f1a escala en plantas alejadas de la red de gasoductos y de gas evaporado producido en plantas de suministro de GNL a barcos (<em>bunkering<\/em>).[\/vc_column_text][\/vc_column][\/vc_row][vc_row el_class=\u00bbmw965&#8243;][vc_column][vc_column_text]Por su parte, la <em>start up<\/em> <strong>Orchestra<\/strong> result\u00f3 premiada por su proyecto para optimizar el proceso de captura de CO<sub>2<\/sub> mediante el desarrollo de membranas que permiten separar el CO<sub>2<\/sub> de otros gases. Este procedimiento, que ya se encuentra en fase piloto, supone una oportunidad para descarbonizar industrias con elevadas emisiones y podr\u00eda implantarse en plantas de <em>upgrading <\/em>de biog\u00e1s.[\/vc_column_text][vc_empty_space][vc_video link=\u00bbhttps:\/\/www.youtube.com\/watch?v=gsJ5uR8mCmY\u00bb el_width=\u00bb70&#8243; align=\u00bbcenter\u00bb][vc_empty_space][vc_column_text]Durante la entrega de premios tambi\u00e9n recibieron acc\u00e9sits otros tres proyectos. En la categor\u00eda interna, fue distinguida <strong>B-Hydrogen<\/strong> por su soluci\u00f3n para producir hidr\u00f3geno renovable a partir de los residuos generados en el proceso de elaboraci\u00f3n de la cerveza. Respecto a los proyectos externos, fueron reconocidos <strong>Solatom<\/strong>, que propone mejorar la eficiencia energ\u00e9tica de sectores como el industrial mediante calderas solares para generar calor de forma renovable y <strong>Secure H2 storage in underground<\/strong>, que plantea la viabilidad de conservar mezclas de gas natural e hidr\u00f3geno en almacenamientos subterr\u00e1neos.[\/vc_column_text][vc_column_text]Los galardones, impulsados por la compa\u00f1\u00eda a trav\u00e9s de su <em>corporate venturing<\/em> <strong>Enag\u00e1s Emprende<\/strong>, fueron creados en 2015 con la denominaci\u00f3n <em>Ingenia Business<\/em>. Su objetivo inicial era el de aglutinar el talento interno y plasmar las ideas en proyectos transformadores para el sector.[\/vc_column_text][\/vc_column][\/vc_row][vc_row][vc_column][vc_empty_space height=\u00bb60px\u00bb][\/vc_column][\/vc_row][vc_row el_class=\u00bbmw965&#8243; css=\u00bb.vc_custom_1614789870800{padding-bottom: 50px !important;}\u00bb][vc_column width=\u00bb1\/2&#8243;][vc_column_text]<\/p>\n<p style=\"color: #017aae\"><strong>Antonio Mont\u00f3n, intraemprendedor de Enag\u00e1s y promotor de ADDENA<\/strong><\/p>\n<ol>\n<li><strong>\u00bfQu\u00e9 te motiv\u00f3 a emprender?<\/strong><\/li>\n<\/ol>\n<p>En mi caso, siempre me ha picado el \u201cgusanillo\u201d del emprendimiento. A esto le sumamos la promoci\u00f3n y apoyo que est\u00e1 dando Enag\u00e1s a trav\u00e9s de Enag\u00e1s Emprende. Estos motivos son los que me llevaron a tomar la decisi\u00f3n.<\/p>\n<ol start=\"2\">\n<li><strong>\u00bfEn qu\u00e9 medida es importante\u00a0 el apoyo, tanto en inversi\u00f3n como en <em>know-how<\/em>, por parte de terceros a la hora de emprender? y \u00bfpor qu\u00e9 decidiste presentarte a <em>Ingenia Energy Challenge<\/em>? <\/strong><\/li>\n<\/ol>\n<p>En nuestro caso, aqu\u00ed hablo en plural, creo que es muy importante este apoyo de terceros. Tanto es as\u00ed que nosotros hemos incorporado este soporte a nuestra idea original. Tal y como he comentado, toda la promoci\u00f3n y apoyo que est\u00e1 dando Enag\u00e1s al emprendimiento, lo focaliza, en parte, en <em>Ingenia Energy Challenge<\/em>. Por lo que considero que es una excelente oportunidad que se les ofrece a todos los empleados Enag\u00e1s que quieran convertirse en futuros emprendedores.<\/p>\n<ol start=\"3\">\n<li><strong>\u00bfC\u00f3mo crees que Enag\u00e1s te puede ayudar en este proceso?<\/strong><\/li>\n<\/ol>\n<p>Enag\u00e1s nos puede apoyar en muchas cosas, no s\u00f3lo financieramente, sino tambi\u00e9n aportando todo el \u201cexpertise\u201d, la excelencia y el personal con el que cuenta la compa\u00f1\u00eda en toda la cadena de valor del gas.<\/p>\n<ol start=\"4\">\n<li><strong>\u00bfC\u00f3mo puede contribuir el emprendimiento al proceso de transici\u00f3n ecol\u00f3gica? <\/strong><\/li>\n<\/ol>\n<p>Creo que es una de las v\u00edas que tenemos para desarrollar este proceso en el que estamos inmersos.[\/vc_column_text][\/vc_column][vc_column width=\u00bb1\/2&#8243;][vc_single_image image=\u00bb6612&#8243; img_size=\u00bb1212&#215;1716&#8243; alignment=\u00bbcenter\u00bb onclick=\u00bblink_image\u00bb][\/vc_column][\/vc_row][vc_row el_class=\u00bbmw965&#8243;][vc_column]<div class=\"edgtf-news-holder edgtf-post-carousel5 edgtf-small-space\"  data-post-status=publish data-ignore-sticky-posts=1 data-posts-per-page=6 data-paged=1 data-max-num-pages=2 data-next-page=2 data-title-tag=h3 data-image-size=custom data-custom-image-width=370 data-custom-image-height=267 data-display-categories=yes data-display-excerpt=no data-display-date=no data-date-format=difference data-display-like=no data-display-comments=no data-display-share=no data-display-hot-trending-icons=no data-layout=edgtf_post_carousel5><div class=\"edgtf-news-list-inner edgtf-owl-slider\" data-number-of-items=\"4\"   data-slider-speed=\"4000\" data-slider-speed-animation=\"600\"   data-enable-auto-height=\"yes\"><div class=\"edgtf-news-item edgtf-layout1-item edgtf-item-space\" data-color=\"#9cb700\">\n\t<div class=\"edgtf-ni-image-holder\">\n\t\t\t<div class=\"edgtf-post-image\">\n\t\t<a itemprop=\"url\" href=\"https:\/\/revistaazulyverde.com\/ediciones\/43\/estrategia-2021-2026\/\" title=\"La descarbonizaci\u00f3n, un pilar del plan estrat\u00e9gico\">\n\t\t\t<img decoding=\"async\" data-src=\"https:\/\/revistaazulyverde.com\/ediciones\/43\/wp-content\/uploads\/sites\/5\/2021\/02\/Home_Headers_febrero2021_1_es_1920-1-e1614609783856-370x267.jpg\" alt=\"\" width=\"370\" height=\"267\" src=\"data:image\/gif;base64,R0lGODlhAQABAAAAACH5BAEKAAEALAAAAAABAAEAAAICTAEAOw==\" class=\"lazyload\" style=\"--smush-placeholder-width: 370px; --smush-placeholder-aspect-ratio: 370\/267;\" \/>\t\t<\/a>\n\t<\/div>\n        <div class=\"edgtf-ni-like-comments-share-holder\">\n                                            <\/div>\n\t<\/div>\n\t<div class=\"edgtf-ni-content\">\n\t\t<div class=\"edgtf-ni-info edgtf-ni-info-top\">\n            \t<div class=\"edgtf-post-info-category\">\n\t\t<a href=\"https:\/\/revistaazulyverde.com\/ediciones\/43\/category\/actualidad\/estrategia-2021-2026\/\" rel=\"category tag\">Estrategia 2021-2026<\/a>\t<\/div>\n\t\t<\/div>\n\t\t\n<h3 itemprop=\"name\" class=\"entry-title edgtf-post-title \" >\n<a itemprop=\"url\" href=\"https:\/\/revistaazulyverde.com\/ediciones\/43\/estrategia-2021-2026\/\" title=\"La descarbonizaci\u00f3n, un pilar del plan estrat\u00e9gico\">\n    La descarbonizaci\u00f3n, un pilar del plan estrat\u00e9gico<\/a>\n<\/h3>\t\t\t\t<div class=\"edgtf-ni-info edgtf-ni-info-bottom\">\n                        \t\t<\/div>\n\t<\/div>\n<\/div><div class=\"edgtf-news-item edgtf-layout1-item edgtf-item-space\" data-color=\"#9cb700\">\n\t<div class=\"edgtf-ni-image-holder\">\n\t\t\t<div class=\"edgtf-post-image\">\n\t\t<a itemprop=\"url\" href=\"https:\/\/revistaazulyverde.com\/ediciones\/43\/el-gas-natural-acelera-la-movilidad-sostenible\/\" title=\"El gas natural acelera la movilidad sostenible\">\n\t\t\t<img decoding=\"async\" data-src=\"https:\/\/revistaazulyverde.com\/ediciones\/43\/wp-content\/uploads\/sites\/5\/2020\/04\/shutterstock_1298297143-copia-1-e1613668745268-370x267.jpg\" alt=\"\" width=\"370\" height=\"267\" src=\"data:image\/gif;base64,R0lGODlhAQABAAAAACH5BAEKAAEALAAAAAABAAEAAAICTAEAOw==\" class=\"lazyload\" style=\"--smush-placeholder-width: 370px; --smush-placeholder-aspect-ratio: 370\/267;\" \/>\t\t<\/a>\n\t<\/div>\n        <div class=\"edgtf-ni-like-comments-share-holder\">\n                                            <\/div>\n\t<\/div>\n\t<div class=\"edgtf-ni-content\">\n\t\t<div class=\"edgtf-ni-info edgtf-ni-info-top\">\n            \t<div class=\"edgtf-post-info-category\">\n\t\t<a href=\"https:\/\/revistaazulyverde.com\/ediciones\/43\/category\/actualidad\/a-fondo\/\" rel=\"category tag\">A fondo<\/a>\t<\/div>\n\t\t<\/div>\n\t\t\n<h3 itemprop=\"name\" class=\"entry-title edgtf-post-title \" >\n<a itemprop=\"url\" href=\"https:\/\/revistaazulyverde.com\/ediciones\/43\/el-gas-natural-acelera-la-movilidad-sostenible\/\" title=\"El gas natural acelera la movilidad sostenible\">\n    El gas natural acelera la movilidad sostenible<\/a>\n<\/h3>\t\t\t\t<div class=\"edgtf-ni-info edgtf-ni-info-bottom\">\n                        \t\t<\/div>\n\t<\/div>\n<\/div><div class=\"edgtf-news-item edgtf-layout1-item edgtf-item-space\" data-color=\"#007aae\">\n\t<div class=\"edgtf-ni-image-holder\">\n\t\t\t<div class=\"edgtf-post-image\">\n\t\t<a itemprop=\"url\" href=\"https:\/\/revistaazulyverde.com\/ediciones\/43\/editorial-43\/\" title=\"Transformar el modelo para responder a los retos\">\n\t\t\t<img decoding=\"async\" data-src=\"https:\/\/revistaazulyverde.com\/ediciones\/43\/wp-content\/uploads\/sites\/5\/2020\/04\/Paisaje3-1-e1614679084484-370x267.jpg\" alt=\"\" width=\"370\" height=\"267\" src=\"data:image\/gif;base64,R0lGODlhAQABAAAAACH5BAEKAAEALAAAAAABAAEAAAICTAEAOw==\" class=\"lazyload\" style=\"--smush-placeholder-width: 370px; --smush-placeholder-aspect-ratio: 370\/267;\" \/>\t\t<\/a>\n\t<\/div>\n        <div class=\"edgtf-ni-like-comments-share-holder\">\n                                            <\/div>\n\t<\/div>\n\t<div class=\"edgtf-ni-content\">\n\t\t<div class=\"edgtf-ni-info edgtf-ni-info-top\">\n            \t<div class=\"edgtf-post-info-category\">\n\t\t<a href=\"https:\/\/revistaazulyverde.com\/ediciones\/43\/category\/editorial\/\" rel=\"category tag\">Editorial<\/a>\t<\/div>\n\t\t<\/div>\n\t\t\n<h3 itemprop=\"name\" class=\"entry-title edgtf-post-title \" >\n<a itemprop=\"url\" href=\"https:\/\/revistaazulyverde.com\/ediciones\/43\/editorial-43\/\" title=\"Transformar el modelo para responder a los retos\">\n    Transformar el modelo para responder a los retos<\/a>\n<\/h3>\t\t\t\t<div class=\"edgtf-ni-info edgtf-ni-info-bottom\">\n                        \t\t<\/div>\n\t<\/div>\n<\/div><div class=\"edgtf-news-item edgtf-layout1-item edgtf-item-space\" data-color=\"#ffb81c\">\n\t<div class=\"edgtf-ni-image-holder\">\n\t\t\t<div class=\"edgtf-post-image\">\n\t\t<a itemprop=\"url\" href=\"https:\/\/revistaazulyverde.com\/ediciones\/43\/la-segunda-vida-de-los-muebles-ines-melchor\/\" title=\"La segunda vida de los muebles restaurados por In\u00e9s Melchor\">\n\t\t\t<img decoding=\"async\" data-src=\"https:\/\/revistaazulyverde.com\/ediciones\/43\/wp-content\/uploads\/sites\/5\/2020\/03\/001_Sa?nchez20Melchor-Huete_Ine?s_G_20Desarrollo_2018_m-copia-2-370x267.jpg\" alt=\"\" width=\"370\" height=\"267\" src=\"data:image\/gif;base64,R0lGODlhAQABAAAAACH5BAEKAAEALAAAAAABAAEAAAICTAEAOw==\" class=\"lazyload\" style=\"--smush-placeholder-width: 370px; --smush-placeholder-aspect-ratio: 370\/267;\" \/>\t\t<\/a>\n\t<\/div>\n        <div class=\"edgtf-ni-like-comments-share-holder\">\n                                            <\/div>\n\t<\/div>\n\t<div class=\"edgtf-ni-content\">\n\t\t<div class=\"edgtf-ni-info edgtf-ni-info-top\">\n            \t<div class=\"edgtf-post-info-category\">\n\t\t<a href=\"https:\/\/revistaazulyverde.com\/ediciones\/43\/category\/equipo-enagas\/mas-alla-de-enagas\/\" rel=\"category tag\">M\u00e1s all\u00e1 de Enag\u00e1s<\/a>\t<\/div>\n\t\t<\/div>\n\t\t\n<h3 itemprop=\"name\" class=\"entry-title edgtf-post-title \" >\n<a itemprop=\"url\" href=\"https:\/\/revistaazulyverde.com\/ediciones\/43\/la-segunda-vida-de-los-muebles-ines-melchor\/\" title=\"La segunda vida de los muebles restaurados por In\u00e9s Melchor\">\n    La segunda vida de los muebles restaurados por In\u00e9s Melchor<\/a>\n<\/h3>\t\t\t\t<div class=\"edgtf-ni-info edgtf-ni-info-bottom\">\n                        \t\t<\/div>\n\t<\/div>\n<\/div><div class=\"edgtf-news-item edgtf-layout1-item edgtf-item-space\" data-color=\"#ffb81c\">\n\t<div class=\"edgtf-ni-image-holder\">\n\t\t\t<div class=\"edgtf-post-image\">\n\t\t<a itemprop=\"url\" href=\"https:\/\/revistaazulyverde.com\/ediciones\/43\/enagas-escucha-profesionales\/\" title=\"Enag\u00e1s, abanderada de la desconexi\u00f3n digital\">\n\t\t\t<img decoding=\"async\" data-src=\"https:\/\/revistaazulyverde.com\/ediciones\/43\/wp-content\/uploads\/sites\/5\/2020\/03\/DePersonaPersona1920-1-e1613670242715-370x267.jpg\" alt=\"\" width=\"370\" height=\"267\" src=\"data:image\/gif;base64,R0lGODlhAQABAAAAACH5BAEKAAEALAAAAAABAAEAAAICTAEAOw==\" class=\"lazyload\" style=\"--smush-placeholder-width: 370px; --smush-placeholder-aspect-ratio: 370\/267;\" \/>\t\t<\/a>\n\t<\/div>\n        <div class=\"edgtf-ni-like-comments-share-holder\">\n                                            <\/div>\n\t<\/div>\n\t<div class=\"edgtf-ni-content\">\n\t\t<div class=\"edgtf-ni-info edgtf-ni-info-top\">\n            \t<div class=\"edgtf-post-info-category\">\n\t\t<a href=\"https:\/\/revistaazulyverde.com\/ediciones\/43\/category\/equipo-enagas\/de-persona-a-persona\/\" rel=\"category tag\">De persona a persona<\/a>\t<\/div>\n\t\t<\/div>\n\t\t\n<h3 itemprop=\"name\" class=\"entry-title edgtf-post-title \" >\n<a itemprop=\"url\" href=\"https:\/\/revistaazulyverde.com\/ediciones\/43\/enagas-escucha-profesionales\/\" title=\"Enag\u00e1s, abanderada de la desconexi\u00f3n digital\">\n    Enag\u00e1s, abanderada de la desconexi\u00f3n digital<\/a>\n<\/h3>\t\t\t\t<div class=\"edgtf-ni-info edgtf-ni-info-bottom\">\n                        \t\t<\/div>\n\t<\/div>\n<\/div><div class=\"edgtf-news-item edgtf-layout1-item edgtf-item-space\" data-color=\"#007aae\">\n\t<div class=\"edgtf-ni-image-holder\">\n\t\t\t<div class=\"edgtf-post-image\">\n\t\t<a itemprop=\"url\" href=\"https:\/\/revistaazulyverde.com\/ediciones\/43\/ingenia-energy-challenge-premia-soluciones-modelo-descarbonizado\/\" title=\"Soluciones para impulsar un nuevo modelo energ\u00e9tico descarbonizado\">\n\t\t\t<img decoding=\"async\" data-src=\"https:\/\/revistaazulyverde.com\/ediciones\/43\/wp-content\/uploads\/sites\/5\/2020\/03\/ingenia-square-370x267.png\" alt=\"\" width=\"370\" height=\"267\" src=\"data:image\/gif;base64,R0lGODlhAQABAAAAACH5BAEKAAEALAAAAAABAAEAAAICTAEAOw==\" class=\"lazyload\" style=\"--smush-placeholder-width: 370px; --smush-placeholder-aspect-ratio: 370\/267;\" \/>\t\t<\/a>\n\t<\/div>\n        <div class=\"edgtf-ni-like-comments-share-holder\">\n                                            <\/div>\n\t<\/div>\n\t<div class=\"edgtf-ni-content\">\n\t\t<div class=\"edgtf-ni-info edgtf-ni-info-top\">\n            \t<div class=\"edgtf-post-info-category\">\n\t\t<a href=\"https:\/\/revistaazulyverde.com\/ediciones\/43\/category\/nuestra-actividad\/adn-enagas-startups\/\" rel=\"category tag\">ADN startup<\/a>\t<\/div>\n\t\t<\/div>\n\t\t\n<h3 itemprop=\"name\" class=\"entry-title edgtf-post-title \" >\n<a itemprop=\"url\" href=\"https:\/\/revistaazulyverde.com\/ediciones\/43\/ingenia-energy-challenge-premia-soluciones-modelo-descarbonizado\/\" title=\"Soluciones para impulsar un nuevo modelo energ\u00e9tico descarbonizado\">\n    Soluciones para impulsar un nuevo modelo energ\u00e9tico descarbonizado<\/a>\n<\/h3>\t\t\t\t<div class=\"edgtf-ni-info edgtf-ni-info-bottom\">\n                        \t\t<\/div>\n\t<\/div>\n<\/div><\/div><\/div>[\/vc_column][\/vc_row]<\/p>\n<\/div>","protected":false},"excerpt":{"rendered":"<p>[vc_row full_width=\u00bbstretch_row_content\u00bb el_class=\u00bbvisible\u00bb el_id=\u00bbheader-post\u00bb][vc_column][vc_column_text el_class=\u00bbamarillo\u00bb] [\/vc_column_text][vc_custom_heading source=\u00bbpost_title\u00bb font_container=\u00bbtag:h1|font_size:60px|text_align:center|color:%23ffffff\u00bb google_fonts=\u00bbfont_family:PT%20Serif%3Aregular%2Citalic%2C700%2C700italic|font_style:700%20bold%20italic%3A700%3Aitalic\u00bb el_class=\u00bblowercase title-responsive-bot\u00bb css=\u00bb.vc_custom_1614856063979{padding-top: 470px !important;padding-right: 200px !important;padding-bottom: 0px !important;padding-left: 200px !important;}\u00bb][\/vc_column][\/vc_row][vc_row el_class=\u00bbmw965&#8243;][vc_column][vc_empty_space][vc_column_text]Ingenia Energy Challenge ha vuelto a demostrar, una edici\u00f3n m\u00e1s, su relevancia como iniciativa comprometida con el fomento de la [&hellip;]<\/p>\n","protected":false},"author":2,"featured_media":6671,"comment_status":"open","ping_status":"open","sticky":false,"template":"","format":"standard","meta":{"_acf_changed":false,"footnotes":""},"categories":[63],"tags":[],"class_list":["post-5666","post","type-post","status-publish","format-standard","has-post-thumbnail","hentry","category-adn-enagas-startups"],"acf":[],"yoast_head":"<!-- This site is optimized with the Yoast SEO plugin v24.9 - https:\/\/yoast.com\/wordpress\/plugins\/seo\/ -->\n<title>Soluciones para impulsar un nuevo modelo energ\u00e9tico descarbonizado - Revista Azul y Verde n\u00ba 43<\/title>\n<meta name=\"robots\" content=\"noindex, follow, max-snippet:-1, max-image-preview:large, max-video-preview:-1\" \/>\n<meta property=\"og:locale\" content=\"es_ES\" \/>\n<meta property=\"og:type\" content=\"article\" \/>\n<meta property=\"og:title\" content=\"Soluciones para impulsar un nuevo modelo energ\u00e9tico descarbonizado\" \/>\n<meta property=\"og:description\" content=\"[vc_row full_width=\u00bbstretch_row_content\u00bb el_class=\u00bbvisible\u00bb el_id=\u00bbheader-post\u00bb][vc_column][vc_column_text el_class=\u00bbamarillo\u00bb] [\/vc_column_text][vc_custom_heading source=\u00bbpost_title\u00bb font_container=\u00bbtag:h1|font_size:60px|text_align:center|color:%23ffffff\u00bb google_fonts=\u00bbfont_family:PT%20Serif%3Aregular%2Citalic%2C700%2C700italic|font_style:700%20bold%20italic%3A700%3Aitalic\u00bb el_class=\u00bblowercase title-responsive-bot\u00bb css=\u00bb.vc_custom_1614856063979{padding-top: 470px !important;padding-right: 200px !important;padding-bottom: 0px !important;padding-left: 200px !important;}\u00bb][\/vc_column][\/vc_row][vc_row el_class=\u00bbmw965&#8243;][vc_column][vc_empty_space][vc_column_text]Ingenia Energy Challenge ha vuelto a demostrar, una edici\u00f3n m\u00e1s, su relevancia como iniciativa comprometida con el fomento de la [&hellip;]\" \/>\n<meta property=\"og:url\" content=\"https:\/\/revistaazulyverde.com\/ediciones\/43\/ingenia-energy-challenge-premia-soluciones-modelo-descarbonizado\/\" \/>\n<meta property=\"og:site_name\" content=\"Revista Azul y Verde n\u00ba 43\" \/>\n<meta property=\"article:published_time\" content=\"2020-03-25T08:09:58+00:00\" \/>\n<meta property=\"article:modified_time\" content=\"2021-03-09T10:30:04+00:00\" \/>\n<meta property=\"og:image\" content=\"https:\/\/revistaazulyverde.com\/ediciones\/43\/wp-content\/uploads\/sites\/5\/2020\/03\/ADN-Start-up-1920_1.jpg\" \/>\n\t<meta property=\"og:image:width\" content=\"1920\" \/>\n\t<meta property=\"og:image:height\" content=\"890\" \/>\n\t<meta property=\"og:image:type\" content=\"image\/jpeg\" \/>\n<meta name=\"author\" content=\"kreab\" \/>\n<meta name=\"twitter:card\" content=\"summary_large_image\" \/>\n<meta name=\"twitter:title\" content=\"Soluciones para impulsar un nuevo modelo energ\u00e9tico descarbonizado\" \/>\n<meta name=\"twitter:image\" content=\"https:\/\/revistaazulyverde.com\/ediciones\/43\/wp-content\/uploads\/sites\/5\/2020\/03\/ADN-Start-up-1920_1.jpg\" \/>\n<meta name=\"twitter:label1\" content=\"Escrito por\" \/>\n\t<meta name=\"twitter:data1\" content=\"kreab\" \/>\n\t<meta name=\"twitter:label2\" content=\"Tiempo de lectura\" \/>\n\t<meta name=\"twitter:data2\" content=\"4 minutos\" \/>\n<script type=\"application\/ld+json\" class=\"yoast-schema-graph\">{\"@context\":\"https:\/\/schema.org\",\"@graph\":[{\"@type\":\"WebPage\",\"@id\":\"https:\/\/revistaazulyverde.com\/ediciones\/43\/ingenia-energy-challenge-premia-soluciones-modelo-descarbonizado\/\",\"url\":\"https:\/\/revistaazulyverde.com\/ediciones\/43\/ingenia-energy-challenge-premia-soluciones-modelo-descarbonizado\/\",\"name\":\"Soluciones para impulsar un nuevo modelo energ\u00e9tico descarbonizado - Revista Azul y Verde n\u00ba 43\",\"isPartOf\":{\"@id\":\"https:\/\/revistaazulyverde.com\/ediciones\/43\/#website\"},\"primaryImageOfPage\":{\"@id\":\"https:\/\/revistaazulyverde.com\/ediciones\/43\/ingenia-energy-challenge-premia-soluciones-modelo-descarbonizado\/#primaryimage\"},\"image\":{\"@id\":\"https:\/\/revistaazulyverde.com\/ediciones\/43\/ingenia-energy-challenge-premia-soluciones-modelo-descarbonizado\/#primaryimage\"},\"thumbnailUrl\":\"https:\/\/revistaazulyverde.com\/ediciones\/43\/wp-content\/uploads\/sites\/5\/2020\/03\/ingenia-square.png\",\"datePublished\":\"2020-03-25T08:09:58+00:00\",\"dateModified\":\"2021-03-09T10:30:04+00:00\",\"author\":{\"@id\":\"https:\/\/revistaazulyverde.com\/ediciones\/43\/#\/schema\/person\/9b72c1b1d7cc35e1bda14649587ba0d5\"},\"breadcrumb\":{\"@id\":\"https:\/\/revistaazulyverde.com\/ediciones\/43\/ingenia-energy-challenge-premia-soluciones-modelo-descarbonizado\/#breadcrumb\"},\"inLanguage\":\"es\",\"potentialAction\":[{\"@type\":\"ReadAction\",\"target\":[\"https:\/\/revistaazulyverde.com\/ediciones\/43\/ingenia-energy-challenge-premia-soluciones-modelo-descarbonizado\/\"]}]},{\"@type\":\"ImageObject\",\"inLanguage\":\"es\",\"@id\":\"https:\/\/revistaazulyverde.com\/ediciones\/43\/ingenia-energy-challenge-premia-soluciones-modelo-descarbonizado\/#primaryimage\",\"url\":\"https:\/\/revistaazulyverde.com\/ediciones\/43\/wp-content\/uploads\/sites\/5\/2020\/03\/ingenia-square.png\",\"contentUrl\":\"https:\/\/revistaazulyverde.com\/ediciones\/43\/wp-content\/uploads\/sites\/5\/2020\/03\/ingenia-square.png\",\"width\":981,\"height\":980},{\"@type\":\"BreadcrumbList\",\"@id\":\"https:\/\/revistaazulyverde.com\/ediciones\/43\/ingenia-energy-challenge-premia-soluciones-modelo-descarbonizado\/#breadcrumb\",\"itemListElement\":[{\"@type\":\"ListItem\",\"position\":1,\"name\":\"Portada\",\"item\":\"https:\/\/revistaazulyverde.com\/ediciones\/43\/\"},{\"@type\":\"ListItem\",\"position\":2,\"name\":\"Soluciones para impulsar un nuevo modelo energ\u00e9tico descarbonizado\"}]},{\"@type\":\"WebSite\",\"@id\":\"https:\/\/revistaazulyverde.com\/ediciones\/43\/#website\",\"url\":\"https:\/\/revistaazulyverde.com\/ediciones\/43\/\",\"name\":\"Revista Azul y Verde n\u00ba 43\",\"description\":\"\",\"potentialAction\":[{\"@type\":\"SearchAction\",\"target\":{\"@type\":\"EntryPoint\",\"urlTemplate\":\"https:\/\/revistaazulyverde.com\/ediciones\/43\/?s={search_term_string}\"},\"query-input\":{\"@type\":\"PropertyValueSpecification\",\"valueRequired\":true,\"valueName\":\"search_term_string\"}}],\"inLanguage\":\"es\"},{\"@type\":\"Person\",\"@id\":\"https:\/\/revistaazulyverde.com\/ediciones\/43\/#\/schema\/person\/9b72c1b1d7cc35e1bda14649587ba0d5\",\"name\":\"kreab\",\"image\":{\"@type\":\"ImageObject\",\"inLanguage\":\"es\",\"@id\":\"https:\/\/revistaazulyverde.com\/ediciones\/43\/#\/schema\/person\/image\/\",\"url\":\"https:\/\/secure.gravatar.com\/avatar\/381c1020e19602250e930f9f3b52d2009c532e4a637f87af74bf6ab72f27096c?s=96&d=mm&r=g\",\"contentUrl\":\"https:\/\/secure.gravatar.com\/avatar\/381c1020e19602250e930f9f3b52d2009c532e4a637f87af74bf6ab72f27096c?s=96&d=mm&r=g\",\"caption\":\"kreab\"},\"url\":\"https:\/\/revistaazulyverde.com\/ediciones\/43\/author\/kreab\/\"}]}<\/script>\n<!-- \/ Yoast SEO plugin. -->","yoast_head_json":{"title":"Soluciones para impulsar un nuevo modelo energ\u00e9tico descarbonizado - Revista Azul y Verde n\u00ba 43","robots":{"index":"noindex","follow":"follow","max-snippet":"max-snippet:-1","max-image-preview":"max-image-preview:large","max-video-preview":"max-video-preview:-1"},"og_locale":"es_ES","og_type":"article","og_title":"Soluciones para impulsar un nuevo modelo energ\u00e9tico descarbonizado","og_description":"[vc_row full_width=\u00bbstretch_row_content\u00bb el_class=\u00bbvisible\u00bb el_id=\u00bbheader-post\u00bb][vc_column][vc_column_text el_class=\u00bbamarillo\u00bb] [\/vc_column_text][vc_custom_heading source=\u00bbpost_title\u00bb font_container=\u00bbtag:h1|font_size:60px|text_align:center|color:%23ffffff\u00bb google_fonts=\u00bbfont_family:PT%20Serif%3Aregular%2Citalic%2C700%2C700italic|font_style:700%20bold%20italic%3A700%3Aitalic\u00bb el_class=\u00bblowercase title-responsive-bot\u00bb css=\u00bb.vc_custom_1614856063979{padding-top: 470px !important;padding-right: 200px !important;padding-bottom: 0px !important;padding-left: 200px !important;}\u00bb][\/vc_column][\/vc_row][vc_row el_class=\u00bbmw965&#8243;][vc_column][vc_empty_space][vc_column_text]Ingenia Energy Challenge ha vuelto a demostrar, una edici\u00f3n m\u00e1s, su relevancia como iniciativa comprometida con el fomento de la [&hellip;]","og_url":"https:\/\/revistaazulyverde.com\/ediciones\/43\/ingenia-energy-challenge-premia-soluciones-modelo-descarbonizado\/","og_site_name":"Revista Azul y Verde n\u00ba 43","article_published_time":"2020-03-25T08:09:58+00:00","article_modified_time":"2021-03-09T10:30:04+00:00","og_image":[{"width":1920,"height":890,"url":"https:\/\/revistaazulyverde.com\/ediciones\/43\/wp-content\/uploads\/sites\/5\/2020\/03\/ADN-Start-up-1920_1.jpg","type":"image\/jpeg"}],"author":"kreab","twitter_card":"summary_large_image","twitter_title":"Soluciones para impulsar un nuevo modelo energ\u00e9tico descarbonizado","twitter_image":"https:\/\/revistaazulyverde.com\/ediciones\/43\/wp-content\/uploads\/sites\/5\/2020\/03\/ADN-Start-up-1920_1.jpg","twitter_misc":{"Escrito por":"kreab","Tiempo de lectura":"4 minutos"},"schema":{"@context":"https:\/\/schema.org","@graph":[{"@type":"WebPage","@id":"https:\/\/revistaazulyverde.com\/ediciones\/43\/ingenia-energy-challenge-premia-soluciones-modelo-descarbonizado\/","url":"https:\/\/revistaazulyverde.com\/ediciones\/43\/ingenia-energy-challenge-premia-soluciones-modelo-descarbonizado\/","name":"Soluciones para impulsar un nuevo modelo energ\u00e9tico descarbonizado - Revista Azul y Verde n\u00ba 43","isPartOf":{"@id":"https:\/\/revistaazulyverde.com\/ediciones\/43\/#website"},"primaryImageOfPage":{"@id":"https:\/\/revistaazulyverde.com\/ediciones\/43\/ingenia-energy-challenge-premia-soluciones-modelo-descarbonizado\/#primaryimage"},"image":{"@id":"https:\/\/revistaazulyverde.com\/ediciones\/43\/ingenia-energy-challenge-premia-soluciones-modelo-descarbonizado\/#primaryimage"},"thumbnailUrl":"https:\/\/revistaazulyverde.com\/ediciones\/43\/wp-content\/uploads\/sites\/5\/2020\/03\/ingenia-square.png","datePublished":"2020-03-25T08:09:58+00:00","dateModified":"2021-03-09T10:30:04+00:00","author":{"@id":"https:\/\/revistaazulyverde.com\/ediciones\/43\/#\/schema\/person\/9b72c1b1d7cc35e1bda14649587ba0d5"},"breadcrumb":{"@id":"https:\/\/revistaazulyverde.com\/ediciones\/43\/ingenia-energy-challenge-premia-soluciones-modelo-descarbonizado\/#breadcrumb"},"inLanguage":"es","potentialAction":[{"@type":"ReadAction","target":["https:\/\/revistaazulyverde.com\/ediciones\/43\/ingenia-energy-challenge-premia-soluciones-modelo-descarbonizado\/"]}]},{"@type":"ImageObject","inLanguage":"es","@id":"https:\/\/revistaazulyverde.com\/ediciones\/43\/ingenia-energy-challenge-premia-soluciones-modelo-descarbonizado\/#primaryimage","url":"https:\/\/revistaazulyverde.com\/ediciones\/43\/wp-content\/uploads\/sites\/5\/2020\/03\/ingenia-square.png","contentUrl":"https:\/\/revistaazulyverde.com\/ediciones\/43\/wp-content\/uploads\/sites\/5\/2020\/03\/ingenia-square.png","width":981,"height":980},{"@type":"BreadcrumbList","@id":"https:\/\/revistaazulyverde.com\/ediciones\/43\/ingenia-energy-challenge-premia-soluciones-modelo-descarbonizado\/#breadcrumb","itemListElement":[{"@type":"ListItem","position":1,"name":"Portada","item":"https:\/\/revistaazulyverde.com\/ediciones\/43\/"},{"@type":"ListItem","position":2,"name":"Soluciones para impulsar un nuevo modelo energ\u00e9tico descarbonizado"}]},{"@type":"WebSite","@id":"https:\/\/revistaazulyverde.com\/ediciones\/43\/#website","url":"https:\/\/revistaazulyverde.com\/ediciones\/43\/","name":"Revista Azul y Verde n\u00ba 43","description":"","potentialAction":[{"@type":"SearchAction","target":{"@type":"EntryPoint","urlTemplate":"https:\/\/revistaazulyverde.com\/ediciones\/43\/?s={search_term_string}"},"query-input":{"@type":"PropertyValueSpecification","valueRequired":true,"valueName":"search_term_string"}}],"inLanguage":"es"},{"@type":"Person","@id":"https:\/\/revistaazulyverde.com\/ediciones\/43\/#\/schema\/person\/9b72c1b1d7cc35e1bda14649587ba0d5","name":"kreab","image":{"@type":"ImageObject","inLanguage":"es","@id":"https:\/\/revistaazulyverde.com\/ediciones\/43\/#\/schema\/person\/image\/","url":"https:\/\/secure.gravatar.com\/avatar\/381c1020e19602250e930f9f3b52d2009c532e4a637f87af74bf6ab72f27096c?s=96&d=mm&r=g","contentUrl":"https:\/\/secure.gravatar.com\/avatar\/381c1020e19602250e930f9f3b52d2009c532e4a637f87af74bf6ab72f27096c?s=96&d=mm&r=g","caption":"kreab"},"url":"https:\/\/revistaazulyverde.com\/ediciones\/43\/author\/kreab\/"}]}},"_links":{"self":[{"href":"https:\/\/revistaazulyverde.com\/ediciones\/43\/wp-json\/wp\/v2\/posts\/5666","targetHints":{"allow":["GET"]}}],"collection":[{"href":"https:\/\/revistaazulyverde.com\/ediciones\/43\/wp-json\/wp\/v2\/posts"}],"about":[{"href":"https:\/\/revistaazulyverde.com\/ediciones\/43\/wp-json\/wp\/v2\/types\/post"}],"author":[{"embeddable":true,"href":"https:\/\/revistaazulyverde.com\/ediciones\/43\/wp-json\/wp\/v2\/users\/2"}],"replies":[{"embeddable":true,"href":"https:\/\/revistaazulyverde.com\/ediciones\/43\/wp-json\/wp\/v2\/comments?post=5666"}],"version-history":[{"count":92,"href":"https:\/\/revistaazulyverde.com\/ediciones\/43\/wp-json\/wp\/v2\/posts\/5666\/revisions"}],"predecessor-version":[{"id":6702,"href":"https:\/\/revistaazulyverde.com\/ediciones\/43\/wp-json\/wp\/v2\/posts\/5666\/revisions\/6702"}],"wp:featuredmedia":[{"embeddable":true,"href":"https:\/\/revistaazulyverde.com\/ediciones\/43\/wp-json\/wp\/v2\/media\/6671"}],"wp:attachment":[{"href":"https:\/\/revistaazulyverde.com\/ediciones\/43\/wp-json\/wp\/v2\/media?parent=5666"}],"wp:term":[{"taxonomy":"category","embeddable":true,"href":"https:\/\/revistaazulyverde.com\/ediciones\/43\/wp-json\/wp\/v2\/categories?post=5666"},{"taxonomy":"post_tag","embeddable":true,"href":"https:\/\/revistaazulyverde.com\/ediciones\/43\/wp-json\/wp\/v2\/tags?post=5666"}],"curies":[{"name":"wp","href":"https:\/\/api.w.org\/{rel}","templated":true}]}}