{"id":5613,"date":"2021-02-22T13:22:06","date_gmt":"2021-02-22T12:22:06","guid":{"rendered":"https:\/\/revistaazulyverde.com\/ediciones\/43\/?p=5613"},"modified":"2021-03-09T11:28:57","modified_gmt":"2021-03-09T10:28:57","slug":"estrategia-2021-2026","status":"publish","type":"post","link":"https:\/\/revistaazulyverde.com\/ediciones\/43\/estrategia-2021-2026\/","title":{"rendered":"La descarbonizaci\u00f3n, un pilar del plan estrat\u00e9gico"},"content":{"rendered":"<div class=\"wpb-content-wrapper\"><p>[vc_row full_width=\u00bbstretch_row_content\u00bb el_class=\u00bbvisible\u00bb el_id=\u00bbheader-post\u00bb][vc_column][vc_column_text el_class=\u00bbamarillo bg-top\u00bb]<div class=\"bg-post lazyload\" style=\"background-image:inherit\" data-bg-image=\"url(https:\/\/revistaazulyverde.com\/ediciones\/43\/wp-content\/uploads\/sites\/5\/2021\/02\/Foto_CeroEmisiones2040-copia.jpg)\"><\/div><br \/>\n<div class=\"categoria\" data-color=\"#9cb700\" style=\"background-color: #9cb700\"><span class=\"parent\">Actualidad<\/span><span class=\"cat\">Estrategia 2021-2026<\/span><\/div>[\/vc_column_text][vc_custom_heading source=\u00bbpost_title\u00bb font_container=\u00bbtag:h1|font_size:80px|text_align:center|color:%23ffffff\u00bb google_fonts=\u00bbfont_family:PT%20Serif%3Aregular%2Citalic%2C700%2C700italic|font_style:700%20bold%20italic%3A700%3Aitalic\u00bb el_class=\u00bblowercase\u00bb css=\u00bb.vc_custom_1584089087679{margin-top: 0px !important;margin-bottom: 0px !important;}\u00bb][\/vc_column][\/vc_row][vc_row el_class=\u00bbmw965&#8243; css=\u00bb.vc_custom_1594814415051{padding-top: 40px !important;}\u00bb][vc_column][vc_column_text]Enag\u00e1s ha actualizado su <strong>Plan Estrat\u00e9gico 2021-2026<\/strong> en torno a tres pilares fundamentales: el <strong>compromiso con la descarbonizaci\u00f3n <\/strong>y la <strong>generaci\u00f3n de valor para el accionista<\/strong>\u00a0 y <strong>todos los grupos de inter\u00e9s<\/strong>. La actualizaci\u00f3n de sus l\u00edneas generales de actuaci\u00f3n se produce tras un a\u00f1o complejo, en el que la compa\u00f1\u00eda, como lleva haciendo desde 2007, ha cumplido con todos sus compromisos, ha mantenido empleo y, adem\u00e1s, ha garantizado el correcto funcionamiento del Sistema Gasista espa\u00f1ol en plena pandemia de la COVID-19.[\/vc_column_text][vc_column_text]En este contexto de incertidumbre mundial, <strong>la compa\u00f1\u00eda ha logrado <a href=\"https:\/\/www.enagas.es\/enagas\/es\/Comunicacion\/NotasPrensa\/23_02_2021_NP_Resultados_2020_y_Act_Estrategica_2021-2026\">mejorar sus resultados<\/a><\/strong>, <strong>incrementando su beneficio neto un 5,1% frente a 2019, hasta alcanzar los 444 millones de euros.<\/strong> Esta evoluci\u00f3n positiva se ha sustentado en un perfecto funcionamiento de sus infraestructuras, una gesti\u00f3n eficiente de los gastos operativos y financieros y en la contribuci\u00f3n de las sociedades participadas, casi un 8% superior que el a\u00f1o anterior.[\/vc_column_text][vc_custom_heading text=\u00bbEn este contexto de incertidumbre mundial, la compa\u00f1\u00eda ha logrado mejorar sus resultados, incrementando su beneficio neto un 5,1% frente a 2019, hasta alcanzar los 444 millones de euros\u00bb font_container=\u00bbtag:h3|font_size:28px|text_align:center|color:%23777777|line_height:34px\u00bb google_fonts=\u00bbfont_family:PT%20Serif%3Aregular%2Citalic%2C700%2C700italic|font_style:700%20bold%20italic%3A700%3Aitalic\u00bb el_class=\u00bblowercase pl120 f30&#8243;][vc_column_text]La <strong>estrategia actualizada de Enag\u00e1s se llevar\u00e1 a cabo en dos fases<\/strong>. En el primer periodo, comprendido hasta 2023, el objetivo ser\u00e1 establecer los fundamentos del crecimiento futuro y reforzar el balance para ejecutar las inversiones asociadas a la descarbonizaci\u00f3n. Entre 2024 y 2026 se acelerar\u00e1n las inversiones en propuestas sostenibles orientadas a avanzar en la transici\u00f3n ecol\u00f3gica, poniendo en valor el papel del gas y de las infraestructuras en el despliegue del hidr\u00f3geno verde y otros gases renovables.[\/vc_column_text][vc_column_text]En la actualidad, <strong>Enag\u00e1s participa en 46 proyectos de gases renovables<\/strong>, vinculados a la descarbonizaci\u00f3n y con m\u00e1s de 50 socios, que pueden llegar a movilizar una inversi\u00f3n conjunta cercana a los 5.000 millones de euros. La contribuci\u00f3n a una transici\u00f3n justa e inclusiva y la generaci\u00f3n de empleo estable son algunos de los criterios que emplea Enag\u00e1s a la hora de invertir en estos proyectos.[\/vc_column_text][vc_column_text]Prueba de su <strong>compromiso con la descarbonizaci\u00f3n<\/strong> es que ha adelantado a 2040 su objetivo de ser neutra en carbono, una d\u00e9cada antes de las previsiones realizadas hace un a\u00f1o. Para ello, cuenta con m\u00e1s de 50 proyectos de eficiencia energ\u00e9tica y los avances conseguidos en los \u00faltimos a\u00f1os: entre 2014 y 2020 Enag\u00e1s ha logrado reducir sus emisiones un 63,2%.[\/vc_column_text][\/vc_column][\/vc_row][vc_row el_class=\u00bbmw1230&#8243; css=\u00bb.vc_custom_1584093612893{padding-top: 40px !important;}\u00bb][vc_column]<div class=\"edgtf-news-holder edgtf-post-carousel5 edgtf-small-space\"  data-post-status=publish data-ignore-sticky-posts=1 data-posts-per-page=6 data-paged=1 data-max-num-pages=2 data-next-page=2 data-title-tag=h3 data-image-size=custom data-custom-image-width=370 data-custom-image-height=267 data-display-categories=yes data-display-excerpt=no data-display-date=no data-date-format=difference data-display-like=no data-display-comments=no data-display-share=no data-display-hot-trending-icons=no data-layout=edgtf_post_carousel5><div class=\"edgtf-news-list-inner edgtf-owl-slider\" data-number-of-items=\"4\"   data-slider-speed=\"4000\" data-slider-speed-animation=\"600\"   data-enable-auto-height=\"yes\"><div class=\"edgtf-news-item edgtf-layout1-item edgtf-item-space\" data-color=\"#9cb700\">\n\t<div class=\"edgtf-ni-image-holder\">\n\t\t\t<div class=\"edgtf-post-image\">\n\t\t<a itemprop=\"url\" href=\"https:\/\/revistaazulyverde.com\/ediciones\/43\/estrategia-2021-2026\/\" title=\"La descarbonizaci\u00f3n, un pilar del plan estrat\u00e9gico\">\n\t\t\t<img decoding=\"async\" data-src=\"https:\/\/revistaazulyverde.com\/ediciones\/43\/wp-content\/uploads\/sites\/5\/2021\/02\/Home_Headers_febrero2021_1_es_1920-1-e1614609783856-370x267.jpg\" alt=\"\" width=\"370\" height=\"267\" src=\"data:image\/gif;base64,R0lGODlhAQABAAAAACH5BAEKAAEALAAAAAABAAEAAAICTAEAOw==\" class=\"lazyload\" style=\"--smush-placeholder-width: 370px; --smush-placeholder-aspect-ratio: 370\/267;\" \/>\t\t<\/a>\n\t<\/div>\n        <div class=\"edgtf-ni-like-comments-share-holder\">\n                                            <\/div>\n\t<\/div>\n\t<div class=\"edgtf-ni-content\">\n\t\t<div class=\"edgtf-ni-info edgtf-ni-info-top\">\n            \t<div class=\"edgtf-post-info-category\">\n\t\t<a href=\"https:\/\/revistaazulyverde.com\/ediciones\/43\/category\/actualidad\/estrategia-2021-2026\/\" rel=\"category tag\">Estrategia 2021-2026<\/a>\t<\/div>\n\t\t<\/div>\n\t\t\n<h3 itemprop=\"name\" class=\"entry-title edgtf-post-title \" >\n<a itemprop=\"url\" href=\"https:\/\/revistaazulyverde.com\/ediciones\/43\/estrategia-2021-2026\/\" title=\"La descarbonizaci\u00f3n, un pilar del plan estrat\u00e9gico\">\n    La descarbonizaci\u00f3n, un pilar del plan estrat\u00e9gico<\/a>\n<\/h3>\t\t\t\t<div class=\"edgtf-ni-info edgtf-ni-info-bottom\">\n                        \t\t<\/div>\n\t<\/div>\n<\/div><div class=\"edgtf-news-item edgtf-layout1-item edgtf-item-space\" data-color=\"#9cb700\">\n\t<div class=\"edgtf-ni-image-holder\">\n\t\t\t<div class=\"edgtf-post-image\">\n\t\t<a itemprop=\"url\" href=\"https:\/\/revistaazulyverde.com\/ediciones\/43\/el-gas-natural-acelera-la-movilidad-sostenible\/\" title=\"El gas natural acelera la movilidad sostenible\">\n\t\t\t<img decoding=\"async\" data-src=\"https:\/\/revistaazulyverde.com\/ediciones\/43\/wp-content\/uploads\/sites\/5\/2020\/04\/shutterstock_1298297143-copia-1-e1613668745268-370x267.jpg\" alt=\"\" width=\"370\" height=\"267\" src=\"data:image\/gif;base64,R0lGODlhAQABAAAAACH5BAEKAAEALAAAAAABAAEAAAICTAEAOw==\" class=\"lazyload\" style=\"--smush-placeholder-width: 370px; --smush-placeholder-aspect-ratio: 370\/267;\" \/>\t\t<\/a>\n\t<\/div>\n        <div class=\"edgtf-ni-like-comments-share-holder\">\n                                            <\/div>\n\t<\/div>\n\t<div class=\"edgtf-ni-content\">\n\t\t<div class=\"edgtf-ni-info edgtf-ni-info-top\">\n            \t<div class=\"edgtf-post-info-category\">\n\t\t<a href=\"https:\/\/revistaazulyverde.com\/ediciones\/43\/category\/actualidad\/a-fondo\/\" rel=\"category tag\">A fondo<\/a>\t<\/div>\n\t\t<\/div>\n\t\t\n<h3 itemprop=\"name\" class=\"entry-title edgtf-post-title \" >\n<a itemprop=\"url\" href=\"https:\/\/revistaazulyverde.com\/ediciones\/43\/el-gas-natural-acelera-la-movilidad-sostenible\/\" title=\"El gas natural acelera la movilidad sostenible\">\n    El gas natural acelera la movilidad sostenible<\/a>\n<\/h3>\t\t\t\t<div class=\"edgtf-ni-info edgtf-ni-info-bottom\">\n                        \t\t<\/div>\n\t<\/div>\n<\/div><div class=\"edgtf-news-item edgtf-layout1-item edgtf-item-space\" data-color=\"#007aae\">\n\t<div class=\"edgtf-ni-image-holder\">\n\t\t\t<div class=\"edgtf-post-image\">\n\t\t<a itemprop=\"url\" href=\"https:\/\/revistaazulyverde.com\/ediciones\/43\/editorial-43\/\" title=\"Transformar el modelo para responder a los retos\">\n\t\t\t<img decoding=\"async\" data-src=\"https:\/\/revistaazulyverde.com\/ediciones\/43\/wp-content\/uploads\/sites\/5\/2020\/04\/Paisaje3-1-e1614679084484-370x267.jpg\" alt=\"\" width=\"370\" height=\"267\" src=\"data:image\/gif;base64,R0lGODlhAQABAAAAACH5BAEKAAEALAAAAAABAAEAAAICTAEAOw==\" class=\"lazyload\" style=\"--smush-placeholder-width: 370px; --smush-placeholder-aspect-ratio: 370\/267;\" \/>\t\t<\/a>\n\t<\/div>\n        <div class=\"edgtf-ni-like-comments-share-holder\">\n                                            <\/div>\n\t<\/div>\n\t<div class=\"edgtf-ni-content\">\n\t\t<div class=\"edgtf-ni-info edgtf-ni-info-top\">\n            \t<div class=\"edgtf-post-info-category\">\n\t\t<a href=\"https:\/\/revistaazulyverde.com\/ediciones\/43\/category\/editorial\/\" rel=\"category tag\">Editorial<\/a>\t<\/div>\n\t\t<\/div>\n\t\t\n<h3 itemprop=\"name\" class=\"entry-title edgtf-post-title \" >\n<a itemprop=\"url\" href=\"https:\/\/revistaazulyverde.com\/ediciones\/43\/editorial-43\/\" title=\"Transformar el modelo para responder a los retos\">\n    Transformar el modelo para responder a los retos<\/a>\n<\/h3>\t\t\t\t<div class=\"edgtf-ni-info edgtf-ni-info-bottom\">\n                        \t\t<\/div>\n\t<\/div>\n<\/div><div class=\"edgtf-news-item edgtf-layout1-item edgtf-item-space\" data-color=\"#ffb81c\">\n\t<div class=\"edgtf-ni-image-holder\">\n\t\t\t<div class=\"edgtf-post-image\">\n\t\t<a itemprop=\"url\" href=\"https:\/\/revistaazulyverde.com\/ediciones\/43\/la-segunda-vida-de-los-muebles-ines-melchor\/\" title=\"La segunda vida de los muebles restaurados por In\u00e9s Melchor\">\n\t\t\t<img decoding=\"async\" data-src=\"https:\/\/revistaazulyverde.com\/ediciones\/43\/wp-content\/uploads\/sites\/5\/2020\/03\/001_Sa?nchez20Melchor-Huete_Ine?s_G_20Desarrollo_2018_m-copia-2-370x267.jpg\" alt=\"\" width=\"370\" height=\"267\" src=\"data:image\/gif;base64,R0lGODlhAQABAAAAACH5BAEKAAEALAAAAAABAAEAAAICTAEAOw==\" class=\"lazyload\" style=\"--smush-placeholder-width: 370px; --smush-placeholder-aspect-ratio: 370\/267;\" \/>\t\t<\/a>\n\t<\/div>\n        <div class=\"edgtf-ni-like-comments-share-holder\">\n                                            <\/div>\n\t<\/div>\n\t<div class=\"edgtf-ni-content\">\n\t\t<div class=\"edgtf-ni-info edgtf-ni-info-top\">\n            \t<div class=\"edgtf-post-info-category\">\n\t\t<a href=\"https:\/\/revistaazulyverde.com\/ediciones\/43\/category\/equipo-enagas\/mas-alla-de-enagas\/\" rel=\"category tag\">M\u00e1s all\u00e1 de Enag\u00e1s<\/a>\t<\/div>\n\t\t<\/div>\n\t\t\n<h3 itemprop=\"name\" class=\"entry-title edgtf-post-title \" >\n<a itemprop=\"url\" href=\"https:\/\/revistaazulyverde.com\/ediciones\/43\/la-segunda-vida-de-los-muebles-ines-melchor\/\" title=\"La segunda vida de los muebles restaurados por In\u00e9s Melchor\">\n    La segunda vida de los muebles restaurados por In\u00e9s Melchor<\/a>\n<\/h3>\t\t\t\t<div class=\"edgtf-ni-info edgtf-ni-info-bottom\">\n                        \t\t<\/div>\n\t<\/div>\n<\/div><div class=\"edgtf-news-item edgtf-layout1-item edgtf-item-space\" data-color=\"#ffb81c\">\n\t<div class=\"edgtf-ni-image-holder\">\n\t\t\t<div class=\"edgtf-post-image\">\n\t\t<a itemprop=\"url\" href=\"https:\/\/revistaazulyverde.com\/ediciones\/43\/enagas-escucha-profesionales\/\" title=\"Enag\u00e1s, abanderada de la desconexi\u00f3n digital\">\n\t\t\t<img decoding=\"async\" data-src=\"https:\/\/revistaazulyverde.com\/ediciones\/43\/wp-content\/uploads\/sites\/5\/2020\/03\/DePersonaPersona1920-1-e1613670242715-370x267.jpg\" alt=\"\" width=\"370\" height=\"267\" src=\"data:image\/gif;base64,R0lGODlhAQABAAAAACH5BAEKAAEALAAAAAABAAEAAAICTAEAOw==\" class=\"lazyload\" style=\"--smush-placeholder-width: 370px; --smush-placeholder-aspect-ratio: 370\/267;\" \/>\t\t<\/a>\n\t<\/div>\n        <div class=\"edgtf-ni-like-comments-share-holder\">\n                                            <\/div>\n\t<\/div>\n\t<div class=\"edgtf-ni-content\">\n\t\t<div class=\"edgtf-ni-info edgtf-ni-info-top\">\n            \t<div class=\"edgtf-post-info-category\">\n\t\t<a href=\"https:\/\/revistaazulyverde.com\/ediciones\/43\/category\/equipo-enagas\/de-persona-a-persona\/\" rel=\"category tag\">De persona a persona<\/a>\t<\/div>\n\t\t<\/div>\n\t\t\n<h3 itemprop=\"name\" class=\"entry-title edgtf-post-title \" >\n<a itemprop=\"url\" href=\"https:\/\/revistaazulyverde.com\/ediciones\/43\/enagas-escucha-profesionales\/\" title=\"Enag\u00e1s, abanderada de la desconexi\u00f3n digital\">\n    Enag\u00e1s, abanderada de la desconexi\u00f3n digital<\/a>\n<\/h3>\t\t\t\t<div class=\"edgtf-ni-info edgtf-ni-info-bottom\">\n                        \t\t<\/div>\n\t<\/div>\n<\/div><div class=\"edgtf-news-item edgtf-layout1-item edgtf-item-space\" data-color=\"#007aae\">\n\t<div class=\"edgtf-ni-image-holder\">\n\t\t\t<div class=\"edgtf-post-image\">\n\t\t<a itemprop=\"url\" href=\"https:\/\/revistaazulyverde.com\/ediciones\/43\/ingenia-energy-challenge-premia-soluciones-modelo-descarbonizado\/\" title=\"Soluciones para impulsar un nuevo modelo energ\u00e9tico descarbonizado\">\n\t\t\t<img decoding=\"async\" data-src=\"https:\/\/revistaazulyverde.com\/ediciones\/43\/wp-content\/uploads\/sites\/5\/2020\/03\/ingenia-square-370x267.png\" alt=\"\" width=\"370\" height=\"267\" src=\"data:image\/gif;base64,R0lGODlhAQABAAAAACH5BAEKAAEALAAAAAABAAEAAAICTAEAOw==\" class=\"lazyload\" style=\"--smush-placeholder-width: 370px; --smush-placeholder-aspect-ratio: 370\/267;\" \/>\t\t<\/a>\n\t<\/div>\n        <div class=\"edgtf-ni-like-comments-share-holder\">\n                                            <\/div>\n\t<\/div>\n\t<div class=\"edgtf-ni-content\">\n\t\t<div class=\"edgtf-ni-info edgtf-ni-info-top\">\n            \t<div class=\"edgtf-post-info-category\">\n\t\t<a href=\"https:\/\/revistaazulyverde.com\/ediciones\/43\/category\/nuestra-actividad\/adn-enagas-startups\/\" rel=\"category tag\">ADN startup<\/a>\t<\/div>\n\t\t<\/div>\n\t\t\n<h3 itemprop=\"name\" class=\"entry-title edgtf-post-title \" >\n<a itemprop=\"url\" href=\"https:\/\/revistaazulyverde.com\/ediciones\/43\/ingenia-energy-challenge-premia-soluciones-modelo-descarbonizado\/\" title=\"Soluciones para impulsar un nuevo modelo energ\u00e9tico descarbonizado\">\n    Soluciones para impulsar un nuevo modelo energ\u00e9tico descarbonizado<\/a>\n<\/h3>\t\t\t\t<div class=\"edgtf-ni-info edgtf-ni-info-bottom\">\n                        \t\t<\/div>\n\t<\/div>\n<\/div><\/div><\/div>[\/vc_column][\/vc_row]<\/p>\n<\/div>","protected":false},"excerpt":{"rendered":"<p>[vc_row full_width=\u00bbstretch_row_content\u00bb el_class=\u00bbvisible\u00bb el_id=\u00bbheader-post\u00bb][vc_column][vc_column_text el_class=\u00bbamarillo bg-top\u00bb] [\/vc_column_text][vc_custom_heading source=\u00bbpost_title\u00bb font_container=\u00bbtag:h1|font_size:80px|text_align:center|color:%23ffffff\u00bb google_fonts=\u00bbfont_family:PT%20Serif%3Aregular%2Citalic%2C700%2C700italic|font_style:700%20bold%20italic%3A700%3Aitalic\u00bb el_class=\u00bblowercase\u00bb css=\u00bb.vc_custom_1584089087679{margin-top: 0px !important;margin-bottom: 0px !important;}\u00bb][\/vc_column][\/vc_row][vc_row el_class=\u00bbmw965&#8243; css=\u00bb.vc_custom_1594814415051{padding-top: 40px !important;}\u00bb][vc_column][vc_column_text]Enag\u00e1s ha actualizado su Plan Estrat\u00e9gico 2021-2026 en torno a tres pilares fundamentales: el compromiso con la descarbonizaci\u00f3n y la generaci\u00f3n [&hellip;]<\/p>\n","protected":false},"author":2,"featured_media":6573,"comment_status":"open","ping_status":"open","sticky":false,"template":"","format":"standard","meta":{"_acf_changed":false,"footnotes":""},"categories":[68],"tags":[],"class_list":["post-5613","post","type-post","status-publish","format-standard","has-post-thumbnail","hentry","category-estrategia-2021-2026"],"acf":[],"yoast_head":"<!-- This site is optimized with the Yoast SEO plugin v24.9 - https:\/\/yoast.com\/wordpress\/plugins\/seo\/ -->\n<title>La descarbonizaci\u00f3n, un pilar del plan estrat\u00e9gico - Revista Azul y Verde n\u00ba 43<\/title>\n<meta name=\"robots\" content=\"noindex, follow, max-snippet:-1, max-image-preview:large, max-video-preview:-1\" \/>\n<meta property=\"og:locale\" content=\"es_ES\" \/>\n<meta property=\"og:type\" content=\"article\" \/>\n<meta property=\"og:title\" content=\"Transici\u00f3n ecol\u00f3gica y valor para el accionista, pilares del Plan Estrat\u00e9gico\" \/>\n<meta property=\"og:description\" content=\"En este contexto de incertidumbre mundial, la compa\u00f1\u00eda ha logrado mejorar sus resultados, incrementando su beneficio neto un 5,1% frente a 2019\" \/>\n<meta property=\"og:url\" content=\"https:\/\/revistaazulyverde.com\/ediciones\/43\/estrategia-2021-2026\/\" \/>\n<meta property=\"og:site_name\" content=\"Revista Azul y Verde n\u00ba 43\" \/>\n<meta property=\"article:published_time\" content=\"2021-02-22T12:22:06+00:00\" \/>\n<meta property=\"article:modified_time\" content=\"2021-03-09T10:28:57+00:00\" \/>\n<meta property=\"og:image\" content=\"https:\/\/revistaazulyverde.com\/ediciones\/43\/wp-content\/uploads\/sites\/5\/2021\/02\/Home_Headers_febrero2021_1_es_1920.jpg\" \/>\n\t<meta property=\"og:image:width\" content=\"1920\" \/>\n\t<meta property=\"og:image:height\" content=\"890\" \/>\n\t<meta property=\"og:image:type\" content=\"image\/jpeg\" \/>\n<meta name=\"author\" content=\"kreab\" \/>\n<meta name=\"twitter:card\" content=\"summary_large_image\" \/>\n<meta name=\"twitter:title\" content=\"Transici\u00f3n ecol\u00f3gica y valor para el accionista, pilares del Plan Estrat\u00e9gico\" \/>\n<meta name=\"twitter:description\" content=\"En este contexto de incertidumbre mundial, la compa\u00f1\u00eda ha logrado mejorar sus resultados, incrementando su beneficio neto un 5,1% frente a 2019\" \/>\n<meta name=\"twitter:image\" content=\"https:\/\/revistaazulyverde.com\/ediciones\/43\/wp-content\/uploads\/sites\/5\/2021\/02\/Home_Headers_febrero2021_1_es_1920.jpg\" \/>\n<meta name=\"twitter:label1\" content=\"Escrito por\" \/>\n\t<meta name=\"twitter:data1\" content=\"kreab\" \/>\n\t<meta name=\"twitter:label2\" content=\"Tiempo de lectura\" \/>\n\t<meta name=\"twitter:data2\" content=\"2 minutos\" \/>\n<script type=\"application\/ld+json\" class=\"yoast-schema-graph\">{\"@context\":\"https:\/\/schema.org\",\"@graph\":[{\"@type\":\"WebPage\",\"@id\":\"https:\/\/revistaazulyverde.com\/ediciones\/43\/estrategia-2021-2026\/\",\"url\":\"https:\/\/revistaazulyverde.com\/ediciones\/43\/estrategia-2021-2026\/\",\"name\":\"La descarbonizaci\u00f3n, un pilar del plan estrat\u00e9gico - Revista Azul y Verde n\u00ba 43\",\"isPartOf\":{\"@id\":\"https:\/\/revistaazulyverde.com\/ediciones\/43\/#website\"},\"primaryImageOfPage\":{\"@id\":\"https:\/\/revistaazulyverde.com\/ediciones\/43\/estrategia-2021-2026\/#primaryimage\"},\"image\":{\"@id\":\"https:\/\/revistaazulyverde.com\/ediciones\/43\/estrategia-2021-2026\/#primaryimage\"},\"thumbnailUrl\":\"https:\/\/revistaazulyverde.com\/ediciones\/43\/wp-content\/uploads\/sites\/5\/2021\/02\/Home_Headers_febrero2021_1_es_1920-1-e1614609783856.jpg\",\"datePublished\":\"2021-02-22T12:22:06+00:00\",\"dateModified\":\"2021-03-09T10:28:57+00:00\",\"author\":{\"@id\":\"https:\/\/revistaazulyverde.com\/ediciones\/43\/#\/schema\/person\/9b72c1b1d7cc35e1bda14649587ba0d5\"},\"breadcrumb\":{\"@id\":\"https:\/\/revistaazulyverde.com\/ediciones\/43\/estrategia-2021-2026\/#breadcrumb\"},\"inLanguage\":\"es\",\"potentialAction\":[{\"@type\":\"ReadAction\",\"target\":[\"https:\/\/revistaazulyverde.com\/ediciones\/43\/estrategia-2021-2026\/\"]}]},{\"@type\":\"ImageObject\",\"inLanguage\":\"es\",\"@id\":\"https:\/\/revistaazulyverde.com\/ediciones\/43\/estrategia-2021-2026\/#primaryimage\",\"url\":\"https:\/\/revistaazulyverde.com\/ediciones\/43\/wp-content\/uploads\/sites\/5\/2021\/02\/Home_Headers_febrero2021_1_es_1920-1-e1614609783856.jpg\",\"contentUrl\":\"https:\/\/revistaazulyverde.com\/ediciones\/43\/wp-content\/uploads\/sites\/5\/2021\/02\/Home_Headers_febrero2021_1_es_1920-1-e1614609783856.jpg\",\"width\":888,\"height\":888},{\"@type\":\"BreadcrumbList\",\"@id\":\"https:\/\/revistaazulyverde.com\/ediciones\/43\/estrategia-2021-2026\/#breadcrumb\",\"itemListElement\":[{\"@type\":\"ListItem\",\"position\":1,\"name\":\"Portada\",\"item\":\"https:\/\/revistaazulyverde.com\/ediciones\/43\/\"},{\"@type\":\"ListItem\",\"position\":2,\"name\":\"La descarbonizaci\u00f3n, un pilar del plan estrat\u00e9gico\"}]},{\"@type\":\"WebSite\",\"@id\":\"https:\/\/revistaazulyverde.com\/ediciones\/43\/#website\",\"url\":\"https:\/\/revistaazulyverde.com\/ediciones\/43\/\",\"name\":\"Revista Azul y Verde n\u00ba 43\",\"description\":\"\",\"potentialAction\":[{\"@type\":\"SearchAction\",\"target\":{\"@type\":\"EntryPoint\",\"urlTemplate\":\"https:\/\/revistaazulyverde.com\/ediciones\/43\/?s={search_term_string}\"},\"query-input\":{\"@type\":\"PropertyValueSpecification\",\"valueRequired\":true,\"valueName\":\"search_term_string\"}}],\"inLanguage\":\"es\"},{\"@type\":\"Person\",\"@id\":\"https:\/\/revistaazulyverde.com\/ediciones\/43\/#\/schema\/person\/9b72c1b1d7cc35e1bda14649587ba0d5\",\"name\":\"kreab\",\"image\":{\"@type\":\"ImageObject\",\"inLanguage\":\"es\",\"@id\":\"https:\/\/revistaazulyverde.com\/ediciones\/43\/#\/schema\/person\/image\/\",\"url\":\"https:\/\/secure.gravatar.com\/avatar\/381c1020e19602250e930f9f3b52d2009c532e4a637f87af74bf6ab72f27096c?s=96&d=mm&r=g\",\"contentUrl\":\"https:\/\/secure.gravatar.com\/avatar\/381c1020e19602250e930f9f3b52d2009c532e4a637f87af74bf6ab72f27096c?s=96&d=mm&r=g\",\"caption\":\"kreab\"},\"url\":\"https:\/\/revistaazulyverde.com\/ediciones\/43\/author\/kreab\/\"}]}<\/script>\n<!-- \/ Yoast SEO plugin. -->","yoast_head_json":{"title":"La descarbonizaci\u00f3n, un pilar del plan estrat\u00e9gico - Revista Azul y Verde n\u00ba 43","robots":{"index":"noindex","follow":"follow","max-snippet":"max-snippet:-1","max-image-preview":"max-image-preview:large","max-video-preview":"max-video-preview:-1"},"og_locale":"es_ES","og_type":"article","og_title":"Transici\u00f3n ecol\u00f3gica y valor para el accionista, pilares del Plan Estrat\u00e9gico","og_description":"En este contexto de incertidumbre mundial, la compa\u00f1\u00eda ha logrado mejorar sus resultados, incrementando su beneficio neto un 5,1% frente a 2019","og_url":"https:\/\/revistaazulyverde.com\/ediciones\/43\/estrategia-2021-2026\/","og_site_name":"Revista Azul y Verde n\u00ba 43","article_published_time":"2021-02-22T12:22:06+00:00","article_modified_time":"2021-03-09T10:28:57+00:00","og_image":[{"width":1920,"height":890,"url":"https:\/\/revistaazulyverde.com\/ediciones\/43\/wp-content\/uploads\/sites\/5\/2021\/02\/Home_Headers_febrero2021_1_es_1920.jpg","type":"image\/jpeg"}],"author":"kreab","twitter_card":"summary_large_image","twitter_title":"Transici\u00f3n ecol\u00f3gica y valor para el accionista, pilares del Plan Estrat\u00e9gico","twitter_description":"En este contexto de incertidumbre mundial, la compa\u00f1\u00eda ha logrado mejorar sus resultados, incrementando su beneficio neto un 5,1% frente a 2019","twitter_image":"https:\/\/revistaazulyverde.com\/ediciones\/43\/wp-content\/uploads\/sites\/5\/2021\/02\/Home_Headers_febrero2021_1_es_1920.jpg","twitter_misc":{"Escrito por":"kreab","Tiempo de lectura":"2 minutos"},"schema":{"@context":"https:\/\/schema.org","@graph":[{"@type":"WebPage","@id":"https:\/\/revistaazulyverde.com\/ediciones\/43\/estrategia-2021-2026\/","url":"https:\/\/revistaazulyverde.com\/ediciones\/43\/estrategia-2021-2026\/","name":"La descarbonizaci\u00f3n, un pilar del plan estrat\u00e9gico - Revista Azul y Verde n\u00ba 43","isPartOf":{"@id":"https:\/\/revistaazulyverde.com\/ediciones\/43\/#website"},"primaryImageOfPage":{"@id":"https:\/\/revistaazulyverde.com\/ediciones\/43\/estrategia-2021-2026\/#primaryimage"},"image":{"@id":"https:\/\/revistaazulyverde.com\/ediciones\/43\/estrategia-2021-2026\/#primaryimage"},"thumbnailUrl":"https:\/\/revistaazulyverde.com\/ediciones\/43\/wp-content\/uploads\/sites\/5\/2021\/02\/Home_Headers_febrero2021_1_es_1920-1-e1614609783856.jpg","datePublished":"2021-02-22T12:22:06+00:00","dateModified":"2021-03-09T10:28:57+00:00","author":{"@id":"https:\/\/revistaazulyverde.com\/ediciones\/43\/#\/schema\/person\/9b72c1b1d7cc35e1bda14649587ba0d5"},"breadcrumb":{"@id":"https:\/\/revistaazulyverde.com\/ediciones\/43\/estrategia-2021-2026\/#breadcrumb"},"inLanguage":"es","potentialAction":[{"@type":"ReadAction","target":["https:\/\/revistaazulyverde.com\/ediciones\/43\/estrategia-2021-2026\/"]}]},{"@type":"ImageObject","inLanguage":"es","@id":"https:\/\/revistaazulyverde.com\/ediciones\/43\/estrategia-2021-2026\/#primaryimage","url":"https:\/\/revistaazulyverde.com\/ediciones\/43\/wp-content\/uploads\/sites\/5\/2021\/02\/Home_Headers_febrero2021_1_es_1920-1-e1614609783856.jpg","contentUrl":"https:\/\/revistaazulyverde.com\/ediciones\/43\/wp-content\/uploads\/sites\/5\/2021\/02\/Home_Headers_febrero2021_1_es_1920-1-e1614609783856.jpg","width":888,"height":888},{"@type":"BreadcrumbList","@id":"https:\/\/revistaazulyverde.com\/ediciones\/43\/estrategia-2021-2026\/#breadcrumb","itemListElement":[{"@type":"ListItem","position":1,"name":"Portada","item":"https:\/\/revistaazulyverde.com\/ediciones\/43\/"},{"@type":"ListItem","position":2,"name":"La descarbonizaci\u00f3n, un pilar del plan estrat\u00e9gico"}]},{"@type":"WebSite","@id":"https:\/\/revistaazulyverde.com\/ediciones\/43\/#website","url":"https:\/\/revistaazulyverde.com\/ediciones\/43\/","name":"Revista Azul y Verde n\u00ba 43","description":"","potentialAction":[{"@type":"SearchAction","target":{"@type":"EntryPoint","urlTemplate":"https:\/\/revistaazulyverde.com\/ediciones\/43\/?s={search_term_string}"},"query-input":{"@type":"PropertyValueSpecification","valueRequired":true,"valueName":"search_term_string"}}],"inLanguage":"es"},{"@type":"Person","@id":"https:\/\/revistaazulyverde.com\/ediciones\/43\/#\/schema\/person\/9b72c1b1d7cc35e1bda14649587ba0d5","name":"kreab","image":{"@type":"ImageObject","inLanguage":"es","@id":"https:\/\/revistaazulyverde.com\/ediciones\/43\/#\/schema\/person\/image\/","url":"https:\/\/secure.gravatar.com\/avatar\/381c1020e19602250e930f9f3b52d2009c532e4a637f87af74bf6ab72f27096c?s=96&d=mm&r=g","contentUrl":"https:\/\/secure.gravatar.com\/avatar\/381c1020e19602250e930f9f3b52d2009c532e4a637f87af74bf6ab72f27096c?s=96&d=mm&r=g","caption":"kreab"},"url":"https:\/\/revistaazulyverde.com\/ediciones\/43\/author\/kreab\/"}]}},"_links":{"self":[{"href":"https:\/\/revistaazulyverde.com\/ediciones\/43\/wp-json\/wp\/v2\/posts\/5613","targetHints":{"allow":["GET"]}}],"collection":[{"href":"https:\/\/revistaazulyverde.com\/ediciones\/43\/wp-json\/wp\/v2\/posts"}],"about":[{"href":"https:\/\/revistaazulyverde.com\/ediciones\/43\/wp-json\/wp\/v2\/types\/post"}],"author":[{"embeddable":true,"href":"https:\/\/revistaazulyverde.com\/ediciones\/43\/wp-json\/wp\/v2\/users\/2"}],"replies":[{"embeddable":true,"href":"https:\/\/revistaazulyverde.com\/ediciones\/43\/wp-json\/wp\/v2\/comments?post=5613"}],"version-history":[{"count":41,"href":"https:\/\/revistaazulyverde.com\/ediciones\/43\/wp-json\/wp\/v2\/posts\/5613\/revisions"}],"predecessor-version":[{"id":6701,"href":"https:\/\/revistaazulyverde.com\/ediciones\/43\/wp-json\/wp\/v2\/posts\/5613\/revisions\/6701"}],"wp:featuredmedia":[{"embeddable":true,"href":"https:\/\/revistaazulyverde.com\/ediciones\/43\/wp-json\/wp\/v2\/media\/6573"}],"wp:attachment":[{"href":"https:\/\/revistaazulyverde.com\/ediciones\/43\/wp-json\/wp\/v2\/media?parent=5613"}],"wp:term":[{"taxonomy":"category","embeddable":true,"href":"https:\/\/revistaazulyverde.com\/ediciones\/43\/wp-json\/wp\/v2\/categories?post=5613"},{"taxonomy":"post_tag","embeddable":true,"href":"https:\/\/revistaazulyverde.com\/ediciones\/43\/wp-json\/wp\/v2\/tags?post=5613"}],"curies":[{"name":"wp","href":"https:\/\/api.w.org\/{rel}","templated":true}]}}