{"id":5209,"date":"2020-03-27T12:26:00","date_gmt":"2020-03-27T12:26:00","guid":{"rendered":"https:\/\/revistaazulyverde.com\/ediciones\/43\/?p=5209"},"modified":"2021-03-08T11:19:50","modified_gmt":"2021-03-08T10:19:50","slug":"la-segunda-vida-de-los-muebles-ines-melchor","status":"publish","type":"post","link":"https:\/\/revistaazulyverde.com\/ediciones\/43\/la-segunda-vida-de-los-muebles-ines-melchor\/","title":{"rendered":"La segunda vida de los muebles restaurados por In\u00e9s Melchor"},"content":{"rendered":"<div class=\"wpb-content-wrapper\"><p>[vc_row full_width=\u00bbstretch_row_content\u00bb el_class=\u00bbvisible\u00bb el_id=\u00bbheader-post\u00bb][vc_column][vc_column_text el_class=\u00bbamarillo\u00bb]<div class=\"bg-post lazyload\" style=\"background-image:inherit\" data-bg-image=\"url(https:\/\/revistaazulyverde.com\/ediciones\/43\/wp-content\/uploads\/sites\/5\/2020\/03\/001_Sa?nchez20Melchor-Huete_Ine?s_G_20Desarrollo_2018_m-copia.jpg)\"><\/div><br \/>\n<div class=\"categoria\" data-color=\"#ffb81c\" style=\"background-color: #ffb81c\"><span class=\"parent\">Equipo Enag\u00e1s<\/span><span class=\"cat\">M\u00e1s all\u00e1 de Enag\u00e1s<\/span><\/div>[\/vc_column_text][vc_custom_heading text=\u00bbLa segunda vida de los muebles restaurados por In\u00e9s Melchor\u00bb font_container=\u00bbtag:h1|font_size:60px|text_align:center|color:%23ffffff\u00bb google_fonts=\u00bbfont_family:PT%20Serif%3Aregular%2Citalic%2C700%2C700italic|font_style:700%20bold%20italic%3A700%3Aitalic\u00bb el_class=\u00bblowercase\u00bb css=\u00bb.vc_custom_1614790140475{margin-top: 0px !important;margin-bottom: 0px !important;padding-top: 100px !important;padding-right: 100px !important;padding-bottom: 440px !important;padding-left: 100px !important;}\u00bb][\/vc_column][\/vc_row][vc_row el_class=\u00bbmw965&#8243; css=\u00bb.vc_custom_1584089378705{padding-top: 40px !important;}\u00bb][vc_column][vc_custom_heading text=\u00bbIn\u00e9s Melchor<br \/>\nGerente de Servicios del Gestor T\u00e9cnico del Sistema\u00bb font_container=\u00bbtag:h2|font_size:20px|text_align:left|color:%23fdb71c\u00bb el_class=\u00bbverdana\u00bb][vc_column_text]La afici\u00f3n por dar una <strong>segunda vida a muebles<\/strong> de In\u00e9s Melchor, Gerente de Servicios del Gestor T\u00e9cnico del Sistema, se origina en su ni\u00f1ez, con los recuerdos de las piezas que elaboraba artesanalmente su abuelo carpintero, y con el cari\u00f1o que su madre le inculc\u00f3 por la madera y por el cuidado de los trabajos hechos a mano.[\/vc_column_text][vc_column_text]Esta temprana afici\u00f3n se fue <strong>forjando poco a poco durante sus viajes<\/strong>, en los que sol\u00eda visitar mercadillos en busca de todo tipo de joyas artesanales, y se consolid\u00f3 hace cuatro a\u00f1os, justo cuando abordaba la reforma de su piso y se plante\u00f3 c\u00f3mo lo decoraba. \u201cMe di cuenta de que no me gustaba lo que ofrec\u00edan las tiendas. Quer\u00eda <strong>equipar mi casa con muebles que me trasmitieran algo m\u00e1s<\/strong>\u201d, explica In\u00e9s, matem\u00e1tica de profesi\u00f3n y autodidacta.[\/vc_column_text][vc_column_text]El complemento perfecto a su nuevo sal\u00f3n fue un <strong>aparador antiguo<\/strong> que hall\u00f3 en la nueva casa de su hermana. Ese mueble y las posibilidades que le ofrec\u00eda fue lo que impuls\u00f3 a In\u00e9s a buscar un taller para aprender a restaurar objetos. Con mucho mimo y dedicaci\u00f3n, <strong>emple\u00f3 tres meses<\/strong> en dar al antiguo aparador una nueva imagen. In\u00e9s explica que, a diferencia de lo que se cree habitualmente, restaurar un mueble completo lleva mucho tiempo. \u201cDepende de lo que restaures, pero suelen ser <strong>trabajos muy minuciosos <\/strong>y acabas realmente cansado\u201d, asegura.[\/vc_column_text][vc_empty_space][vc_images_carousel images=\u00bb6402,6403,6404,6405,6406,6407,6408&#8243; img_size=\u00bb400&#215;400&#8243; autoplay=\u00bbyes\u00bb][\/vc_column][\/vc_row][vc_row css=\u00bb.vc_custom_1594657706828{padding-top: 20px !important;}\u00bb el_class=\u00bbmw965&#8243;][vc_column][vc_column_text]Lo primero que le viene a In\u00e9s a la cabeza cuando ve un mueble antiguo es c\u00f3mo ha podido ser su vida anterior. \u201cD\u00f3nde ha podido estar, pero sobre todo, como me gustar\u00eda verlo tras la restauraci\u00f3n. Normalmente, tienes que pensar en si lo que quieres hacerle al mueble encaja con el estilo que tiene o si la idea inicial supone una aberraci\u00f3n\u201d, explica. A pesar de esta pauta, In\u00e9s se sincera: \u201c<strong>Me gusta mezclar estilos y ver qu\u00e9 sale<\/strong>\u201d. Para ella, la restauraci\u00f3n es un trabajo muy creativo, \u201cque me permite poner a prueba mi paciencia, pues hay que ser muy minucioso\u201d.[\/vc_column_text][vc_empty_space][vc_single_image image=\u00bb6409&#8243; img_size=\u00bb768&#215;768&#8243; alignment=\u00bbcenter\u00bb][\/vc_column][\/vc_row][vc_row css=\u00bb.vc_custom_1594657706828{padding-top: 20px !important;}\u00bb el_class=\u00bbmw965&#8243;][vc_column][vc_column_text]Siguiendo los dict\u00e1menes de su imaginaci\u00f3n y de la inspiraci\u00f3n que surge con cada pieza que llega a sus manos, procedente de or\u00edgenes tan dispares como <strong>casas de subastas, mercadillos o contactos de su profesor de taller<\/strong>, crea aut\u00e9nticas joyas restauradas que han convertido cada rinc\u00f3n de su hogar en un lugar especial o que tambi\u00e9n ha regalado a amigos. Aunque afirma que no se inspira en ning\u00fan periodo art\u00edstico, s\u00ed que se ha impregnado de <strong>ideas durante sus viajes, tanto personales <\/strong>como en los que organizaba su academia de restauraci\u00f3n antes de la llegada de la pandemia de la COVID-19, a destinos como Italia o Francia, en los que compraban piezas art\u00edsticas y antig\u00fcedades para restaurarlas en el taller. \u201cMuchas de ellas se destinaban a unas casas que est\u00e1n recuperando en un peque\u00f1o pueblo de Guadalajara, Im\u00f3n\u201d. Su <strong>plan m\u00e1s inmediato<\/strong> es habilitar, junto a un amigo, un taller privado en un garaje para guardar todas las obras que vayan restaurando y dejando la puerta abierta a venderlas en el futuro.[\/vc_column_text][vc_empty_space][vc_images_carousel images=\u00bb6410,6411,6412,6413&#8243; img_size=\u00bb330&#215;450&#8243; autoplay=\u00bbyes\u00bb][\/vc_column][\/vc_row][vc_row el_class=\u00bbmw1230&#8243; css=\u00bb.vc_custom_1584093612893{padding-top: 40px !important;}\u00bb][vc_column]<div class=\"edgtf-news-holder edgtf-post-carousel5 edgtf-small-space\"  data-post-status=publish data-ignore-sticky-posts=1 data-posts-per-page=6 data-paged=1 data-max-num-pages=2 data-next-page=2 data-title-tag=h3 data-image-size=custom data-custom-image-width=370 data-custom-image-height=267 data-display-categories=yes data-display-excerpt=no data-display-date=no data-date-format=difference data-display-like=no data-display-comments=no data-display-share=no data-display-hot-trending-icons=no data-layout=edgtf_post_carousel5><div class=\"edgtf-news-list-inner edgtf-owl-slider\" data-number-of-items=\"4\"   data-slider-speed=\"4000\" data-slider-speed-animation=\"600\"   data-enable-auto-height=\"yes\"><div class=\"edgtf-news-item edgtf-layout1-item edgtf-item-space\" data-color=\"#9cb700\">\n\t<div class=\"edgtf-ni-image-holder\">\n\t\t\t<div class=\"edgtf-post-image\">\n\t\t<a itemprop=\"url\" href=\"https:\/\/revistaazulyverde.com\/ediciones\/43\/estrategia-2021-2026\/\" title=\"La descarbonizaci\u00f3n, un pilar del plan estrat\u00e9gico\">\n\t\t\t<img decoding=\"async\" data-src=\"https:\/\/revistaazulyverde.com\/ediciones\/43\/wp-content\/uploads\/sites\/5\/2021\/02\/Home_Headers_febrero2021_1_es_1920-1-e1614609783856-370x267.jpg\" alt=\"\" width=\"370\" height=\"267\" src=\"data:image\/gif;base64,R0lGODlhAQABAAAAACH5BAEKAAEALAAAAAABAAEAAAICTAEAOw==\" class=\"lazyload\" style=\"--smush-placeholder-width: 370px; --smush-placeholder-aspect-ratio: 370\/267;\" \/>\t\t<\/a>\n\t<\/div>\n        <div class=\"edgtf-ni-like-comments-share-holder\">\n                                            <\/div>\n\t<\/div>\n\t<div class=\"edgtf-ni-content\">\n\t\t<div class=\"edgtf-ni-info edgtf-ni-info-top\">\n            \t<div class=\"edgtf-post-info-category\">\n\t\t<a href=\"https:\/\/revistaazulyverde.com\/ediciones\/43\/category\/actualidad\/estrategia-2021-2026\/\" rel=\"category tag\">Estrategia 2021-2026<\/a>\t<\/div>\n\t\t<\/div>\n\t\t\n<h3 itemprop=\"name\" class=\"entry-title edgtf-post-title \" >\n<a itemprop=\"url\" href=\"https:\/\/revistaazulyverde.com\/ediciones\/43\/estrategia-2021-2026\/\" title=\"La descarbonizaci\u00f3n, un pilar del plan estrat\u00e9gico\">\n    La descarbonizaci\u00f3n, un pilar del plan estrat\u00e9gico<\/a>\n<\/h3>\t\t\t\t<div class=\"edgtf-ni-info edgtf-ni-info-bottom\">\n                        \t\t<\/div>\n\t<\/div>\n<\/div><div class=\"edgtf-news-item edgtf-layout1-item edgtf-item-space\" data-color=\"#9cb700\">\n\t<div class=\"edgtf-ni-image-holder\">\n\t\t\t<div class=\"edgtf-post-image\">\n\t\t<a itemprop=\"url\" href=\"https:\/\/revistaazulyverde.com\/ediciones\/43\/el-gas-natural-acelera-la-movilidad-sostenible\/\" title=\"El gas natural acelera la movilidad sostenible\">\n\t\t\t<img decoding=\"async\" data-src=\"https:\/\/revistaazulyverde.com\/ediciones\/43\/wp-content\/uploads\/sites\/5\/2020\/04\/shutterstock_1298297143-copia-1-e1613668745268-370x267.jpg\" alt=\"\" width=\"370\" height=\"267\" src=\"data:image\/gif;base64,R0lGODlhAQABAAAAACH5BAEKAAEALAAAAAABAAEAAAICTAEAOw==\" class=\"lazyload\" style=\"--smush-placeholder-width: 370px; --smush-placeholder-aspect-ratio: 370\/267;\" \/>\t\t<\/a>\n\t<\/div>\n        <div class=\"edgtf-ni-like-comments-share-holder\">\n                                            <\/div>\n\t<\/div>\n\t<div class=\"edgtf-ni-content\">\n\t\t<div class=\"edgtf-ni-info edgtf-ni-info-top\">\n            \t<div class=\"edgtf-post-info-category\">\n\t\t<a href=\"https:\/\/revistaazulyverde.com\/ediciones\/43\/category\/actualidad\/a-fondo\/\" rel=\"category tag\">A fondo<\/a>\t<\/div>\n\t\t<\/div>\n\t\t\n<h3 itemprop=\"name\" class=\"entry-title edgtf-post-title \" >\n<a itemprop=\"url\" href=\"https:\/\/revistaazulyverde.com\/ediciones\/43\/el-gas-natural-acelera-la-movilidad-sostenible\/\" title=\"El gas natural acelera la movilidad sostenible\">\n    El gas natural acelera la movilidad sostenible<\/a>\n<\/h3>\t\t\t\t<div class=\"edgtf-ni-info edgtf-ni-info-bottom\">\n                        \t\t<\/div>\n\t<\/div>\n<\/div><div class=\"edgtf-news-item edgtf-layout1-item edgtf-item-space\" data-color=\"#007aae\">\n\t<div class=\"edgtf-ni-image-holder\">\n\t\t\t<div class=\"edgtf-post-image\">\n\t\t<a itemprop=\"url\" href=\"https:\/\/revistaazulyverde.com\/ediciones\/43\/editorial-43\/\" title=\"Transformar el modelo para responder a los retos\">\n\t\t\t<img decoding=\"async\" data-src=\"https:\/\/revistaazulyverde.com\/ediciones\/43\/wp-content\/uploads\/sites\/5\/2020\/04\/Paisaje3-1-e1614679084484-370x267.jpg\" alt=\"\" width=\"370\" height=\"267\" src=\"data:image\/gif;base64,R0lGODlhAQABAAAAACH5BAEKAAEALAAAAAABAAEAAAICTAEAOw==\" class=\"lazyload\" style=\"--smush-placeholder-width: 370px; --smush-placeholder-aspect-ratio: 370\/267;\" \/>\t\t<\/a>\n\t<\/div>\n        <div class=\"edgtf-ni-like-comments-share-holder\">\n                                            <\/div>\n\t<\/div>\n\t<div class=\"edgtf-ni-content\">\n\t\t<div class=\"edgtf-ni-info edgtf-ni-info-top\">\n            \t<div class=\"edgtf-post-info-category\">\n\t\t<a href=\"https:\/\/revistaazulyverde.com\/ediciones\/43\/category\/editorial\/\" rel=\"category tag\">Editorial<\/a>\t<\/div>\n\t\t<\/div>\n\t\t\n<h3 itemprop=\"name\" class=\"entry-title edgtf-post-title \" >\n<a itemprop=\"url\" href=\"https:\/\/revistaazulyverde.com\/ediciones\/43\/editorial-43\/\" title=\"Transformar el modelo para responder a los retos\">\n    Transformar el modelo para responder a los retos<\/a>\n<\/h3>\t\t\t\t<div class=\"edgtf-ni-info edgtf-ni-info-bottom\">\n                        \t\t<\/div>\n\t<\/div>\n<\/div><div class=\"edgtf-news-item edgtf-layout1-item edgtf-item-space\" data-color=\"#ffb81c\">\n\t<div class=\"edgtf-ni-image-holder\">\n\t\t\t<div class=\"edgtf-post-image\">\n\t\t<a itemprop=\"url\" href=\"https:\/\/revistaazulyverde.com\/ediciones\/43\/la-segunda-vida-de-los-muebles-ines-melchor\/\" title=\"La segunda vida de los muebles restaurados por In\u00e9s Melchor\">\n\t\t\t<img decoding=\"async\" data-src=\"https:\/\/revistaazulyverde.com\/ediciones\/43\/wp-content\/uploads\/sites\/5\/2020\/03\/001_Sa?nchez20Melchor-Huete_Ine?s_G_20Desarrollo_2018_m-copia-2-370x267.jpg\" alt=\"\" width=\"370\" height=\"267\" src=\"data:image\/gif;base64,R0lGODlhAQABAAAAACH5BAEKAAEALAAAAAABAAEAAAICTAEAOw==\" class=\"lazyload\" style=\"--smush-placeholder-width: 370px; --smush-placeholder-aspect-ratio: 370\/267;\" \/>\t\t<\/a>\n\t<\/div>\n        <div class=\"edgtf-ni-like-comments-share-holder\">\n                                            <\/div>\n\t<\/div>\n\t<div class=\"edgtf-ni-content\">\n\t\t<div class=\"edgtf-ni-info edgtf-ni-info-top\">\n            \t<div class=\"edgtf-post-info-category\">\n\t\t<a href=\"https:\/\/revistaazulyverde.com\/ediciones\/43\/category\/equipo-enagas\/mas-alla-de-enagas\/\" rel=\"category tag\">M\u00e1s all\u00e1 de Enag\u00e1s<\/a>\t<\/div>\n\t\t<\/div>\n\t\t\n<h3 itemprop=\"name\" class=\"entry-title edgtf-post-title \" >\n<a itemprop=\"url\" href=\"https:\/\/revistaazulyverde.com\/ediciones\/43\/la-segunda-vida-de-los-muebles-ines-melchor\/\" title=\"La segunda vida de los muebles restaurados por In\u00e9s Melchor\">\n    La segunda vida de los muebles restaurados por In\u00e9s Melchor<\/a>\n<\/h3>\t\t\t\t<div class=\"edgtf-ni-info edgtf-ni-info-bottom\">\n                        \t\t<\/div>\n\t<\/div>\n<\/div><div class=\"edgtf-news-item edgtf-layout1-item edgtf-item-space\" data-color=\"#ffb81c\">\n\t<div class=\"edgtf-ni-image-holder\">\n\t\t\t<div class=\"edgtf-post-image\">\n\t\t<a itemprop=\"url\" href=\"https:\/\/revistaazulyverde.com\/ediciones\/43\/enagas-escucha-profesionales\/\" title=\"Enag\u00e1s, abanderada de la desconexi\u00f3n digital\">\n\t\t\t<img decoding=\"async\" data-src=\"https:\/\/revistaazulyverde.com\/ediciones\/43\/wp-content\/uploads\/sites\/5\/2020\/03\/DePersonaPersona1920-1-e1613670242715-370x267.jpg\" alt=\"\" width=\"370\" height=\"267\" src=\"data:image\/gif;base64,R0lGODlhAQABAAAAACH5BAEKAAEALAAAAAABAAEAAAICTAEAOw==\" class=\"lazyload\" style=\"--smush-placeholder-width: 370px; --smush-placeholder-aspect-ratio: 370\/267;\" \/>\t\t<\/a>\n\t<\/div>\n        <div class=\"edgtf-ni-like-comments-share-holder\">\n                                            <\/div>\n\t<\/div>\n\t<div class=\"edgtf-ni-content\">\n\t\t<div class=\"edgtf-ni-info edgtf-ni-info-top\">\n            \t<div class=\"edgtf-post-info-category\">\n\t\t<a href=\"https:\/\/revistaazulyverde.com\/ediciones\/43\/category\/equipo-enagas\/de-persona-a-persona\/\" rel=\"category tag\">De persona a persona<\/a>\t<\/div>\n\t\t<\/div>\n\t\t\n<h3 itemprop=\"name\" class=\"entry-title edgtf-post-title \" >\n<a itemprop=\"url\" href=\"https:\/\/revistaazulyverde.com\/ediciones\/43\/enagas-escucha-profesionales\/\" title=\"Enag\u00e1s, abanderada de la desconexi\u00f3n digital\">\n    Enag\u00e1s, abanderada de la desconexi\u00f3n digital<\/a>\n<\/h3>\t\t\t\t<div class=\"edgtf-ni-info edgtf-ni-info-bottom\">\n                        \t\t<\/div>\n\t<\/div>\n<\/div><div class=\"edgtf-news-item edgtf-layout1-item edgtf-item-space\" data-color=\"#007aae\">\n\t<div class=\"edgtf-ni-image-holder\">\n\t\t\t<div class=\"edgtf-post-image\">\n\t\t<a itemprop=\"url\" href=\"https:\/\/revistaazulyverde.com\/ediciones\/43\/ingenia-energy-challenge-premia-soluciones-modelo-descarbonizado\/\" title=\"Soluciones para impulsar un nuevo modelo energ\u00e9tico descarbonizado\">\n\t\t\t<img decoding=\"async\" data-src=\"https:\/\/revistaazulyverde.com\/ediciones\/43\/wp-content\/uploads\/sites\/5\/2020\/03\/ingenia-square-370x267.png\" alt=\"\" width=\"370\" height=\"267\" src=\"data:image\/gif;base64,R0lGODlhAQABAAAAACH5BAEKAAEALAAAAAABAAEAAAICTAEAOw==\" class=\"lazyload\" style=\"--smush-placeholder-width: 370px; --smush-placeholder-aspect-ratio: 370\/267;\" \/>\t\t<\/a>\n\t<\/div>\n        <div class=\"edgtf-ni-like-comments-share-holder\">\n                                            <\/div>\n\t<\/div>\n\t<div class=\"edgtf-ni-content\">\n\t\t<div class=\"edgtf-ni-info edgtf-ni-info-top\">\n            \t<div class=\"edgtf-post-info-category\">\n\t\t<a href=\"https:\/\/revistaazulyverde.com\/ediciones\/43\/category\/nuestra-actividad\/adn-enagas-startups\/\" rel=\"category tag\">ADN startup<\/a>\t<\/div>\n\t\t<\/div>\n\t\t\n<h3 itemprop=\"name\" class=\"entry-title edgtf-post-title \" >\n<a itemprop=\"url\" href=\"https:\/\/revistaazulyverde.com\/ediciones\/43\/ingenia-energy-challenge-premia-soluciones-modelo-descarbonizado\/\" title=\"Soluciones para impulsar un nuevo modelo energ\u00e9tico descarbonizado\">\n    Soluciones para impulsar un nuevo modelo energ\u00e9tico descarbonizado<\/a>\n<\/h3>\t\t\t\t<div class=\"edgtf-ni-info edgtf-ni-info-bottom\">\n                        \t\t<\/div>\n\t<\/div>\n<\/div><\/div><\/div>[\/vc_column][\/vc_row]<\/p>\n<\/div>","protected":false},"excerpt":{"rendered":"<p>[vc_row full_width=\u00bbstretch_row_content\u00bb el_class=\u00bbvisible\u00bb el_id=\u00bbheader-post\u00bb][vc_column][vc_column_text el_class=\u00bbamarillo\u00bb] [\/vc_column_text][vc_custom_heading text=\u00bbLa segunda vida de los muebles restaurados por In\u00e9s Melchor\u00bb font_container=\u00bbtag:h1|font_size:60px|text_align:center|color:%23ffffff\u00bb google_fonts=\u00bbfont_family:PT%20Serif%3Aregular%2Citalic%2C700%2C700italic|font_style:700%20bold%20italic%3A700%3Aitalic\u00bb el_class=\u00bblowercase\u00bb css=\u00bb.vc_custom_1614790140475{margin-top: 0px !important;margin-bottom: 0px !important;padding-top: 100px !important;padding-right: 100px !important;padding-bottom: 440px !important;padding-left: 100px !important;}\u00bb][\/vc_column][\/vc_row][vc_row el_class=\u00bbmw965&#8243; css=\u00bb.vc_custom_1584089378705{padding-top: 40px !important;}\u00bb][vc_column][vc_custom_heading text=\u00bbIn\u00e9s Melchor Gerente de [&hellip;]<\/p>\n","protected":false},"author":1,"featured_media":6505,"comment_status":"open","ping_status":"open","sticky":false,"template":"","format":"standard","meta":{"_acf_changed":false,"footnotes":""},"categories":[60],"tags":[],"class_list":["post-5209","post","type-post","status-publish","format-standard","has-post-thumbnail","hentry","category-mas-alla-de-enagas"],"acf":[],"yoast_head":"<!-- This site is optimized with the Yoast SEO plugin v24.9 - https:\/\/yoast.com\/wordpress\/plugins\/seo\/ -->\n<title>La segunda vida de los muebles restaurados por In\u00e9s Melchor - Revista Azul y Verde n\u00ba 43<\/title>\n<meta name=\"robots\" content=\"noindex, follow, max-snippet:-1, max-image-preview:large, max-video-preview:-1\" \/>\n<meta property=\"og:locale\" content=\"es_ES\" \/>\n<meta property=\"og:type\" content=\"article\" \/>\n<meta property=\"og:title\" content=\"La segunda vida de los muebles restaurados por In\u00e9s Melchor\" \/>\n<meta property=\"og:description\" content=\"[vc_row full_width=\u00bbstretch_row_content\u00bb el_class=\u00bbvisible\u00bb el_id=\u00bbheader-post\u00bb][vc_column][vc_column_text el_class=\u00bbamarillo\u00bb] [\/vc_column_text][vc_custom_heading text=\u00bbLa segunda vida de los muebles restaurados por In\u00e9s Melchor\u00bb font_container=\u00bbtag:h1|font_size:60px|text_align:center|color:%23ffffff\u00bb google_fonts=\u00bbfont_family:PT%20Serif%3Aregular%2Citalic%2C700%2C700italic|font_style:700%20bold%20italic%3A700%3Aitalic\u00bb el_class=\u00bblowercase\u00bb css=\u00bb.vc_custom_1614790140475{margin-top: 0px !important;margin-bottom: 0px !important;padding-top: 100px !important;padding-right: 100px !important;padding-bottom: 440px !important;padding-left: 100px !important;}\u00bb][\/vc_column][\/vc_row][vc_row el_class=\u00bbmw965&#8243; css=\u00bb.vc_custom_1584089378705{padding-top: 40px !important;}\u00bb][vc_column][vc_custom_heading text=\u00bbIn\u00e9s Melchor Gerente de [&hellip;]\" \/>\n<meta property=\"og:url\" content=\"https:\/\/revistaazulyverde.com\/ediciones\/43\/la-segunda-vida-de-los-muebles-ines-melchor\/\" \/>\n<meta property=\"og:site_name\" content=\"Revista Azul y Verde n\u00ba 43\" \/>\n<meta property=\"article:published_time\" content=\"2020-03-27T12:26:00+00:00\" \/>\n<meta property=\"article:modified_time\" content=\"2021-03-08T10:19:50+00:00\" \/>\n<meta property=\"og:image\" content=\"https:\/\/revistaazulyverde.com\/ediciones\/43\/wp-content\/uploads\/sites\/5\/2020\/03\/001_Sa\u0301nchez20Melchor-Huete_Ine\u0301s_G_20Desarrollo_2018_m-copia.jpg\" \/>\n\t<meta property=\"og:image:width\" content=\"1920\" \/>\n\t<meta property=\"og:image:height\" content=\"890\" \/>\n\t<meta property=\"og:image:type\" content=\"image\/jpeg\" \/>\n<meta name=\"author\" content=\"labsgrup_david\" \/>\n<meta name=\"twitter:card\" content=\"summary_large_image\" \/>\n<meta name=\"twitter:title\" content=\"La segunda vida de los muebles restaurados por In\u00e9s Melchor\" \/>\n<meta name=\"twitter:image\" content=\"https:\/\/revistaazulyverde.com\/ediciones\/43\/wp-content\/uploads\/sites\/5\/2020\/03\/001_Sa?nchez20Melchor-Huete_Ine?s_G_20Desarrollo_2018_m-copia.jpg\" \/>\n<meta name=\"twitter:label1\" content=\"Escrito por\" \/>\n\t<meta name=\"twitter:data1\" content=\"labsgrup_david\" \/>\n\t<meta name=\"twitter:label2\" content=\"Tiempo de lectura\" \/>\n\t<meta name=\"twitter:data2\" content=\"3 minutos\" \/>\n<script type=\"application\/ld+json\" class=\"yoast-schema-graph\">{\"@context\":\"https:\/\/schema.org\",\"@graph\":[{\"@type\":\"WebPage\",\"@id\":\"https:\/\/revistaazulyverde.com\/ediciones\/43\/la-segunda-vida-de-los-muebles-ines-melchor\/\",\"url\":\"https:\/\/revistaazulyverde.com\/ediciones\/43\/la-segunda-vida-de-los-muebles-ines-melchor\/\",\"name\":\"La segunda vida de los muebles restaurados por In\u00e9s Melchor - Revista Azul y Verde n\u00ba 43\",\"isPartOf\":{\"@id\":\"https:\/\/revistaazulyverde.com\/ediciones\/43\/#website\"},\"primaryImageOfPage\":{\"@id\":\"https:\/\/revistaazulyverde.com\/ediciones\/43\/la-segunda-vida-de-los-muebles-ines-melchor\/#primaryimage\"},\"image\":{\"@id\":\"https:\/\/revistaazulyverde.com\/ediciones\/43\/la-segunda-vida-de-los-muebles-ines-melchor\/#primaryimage\"},\"thumbnailUrl\":\"https:\/\/revistaazulyverde.com\/ediciones\/43\/wp-content\/uploads\/sites\/5\/2020\/03\/001_Sa?nchez20Melchor-Huete_Ine?s_G_20Desarrollo_2018_m-copia-2.jpg\",\"datePublished\":\"2020-03-27T12:26:00+00:00\",\"dateModified\":\"2021-03-08T10:19:50+00:00\",\"author\":{\"@id\":\"https:\/\/revistaazulyverde.com\/ediciones\/43\/#\/schema\/person\/74598fcf6aa3967744b6de5182a76d51\"},\"breadcrumb\":{\"@id\":\"https:\/\/revistaazulyverde.com\/ediciones\/43\/la-segunda-vida-de-los-muebles-ines-melchor\/#breadcrumb\"},\"inLanguage\":\"es\",\"potentialAction\":[{\"@type\":\"ReadAction\",\"target\":[\"https:\/\/revistaazulyverde.com\/ediciones\/43\/la-segunda-vida-de-los-muebles-ines-melchor\/\"]}]},{\"@type\":\"ImageObject\",\"inLanguage\":\"es\",\"@id\":\"https:\/\/revistaazulyverde.com\/ediciones\/43\/la-segunda-vida-de-los-muebles-ines-melchor\/#primaryimage\",\"url\":\"https:\/\/revistaazulyverde.com\/ediciones\/43\/wp-content\/uploads\/sites\/5\/2020\/03\/001_Sa?nchez20Melchor-Huete_Ine?s_G_20Desarrollo_2018_m-copia-2.jpg\",\"contentUrl\":\"https:\/\/revistaazulyverde.com\/ediciones\/43\/wp-content\/uploads\/sites\/5\/2020\/03\/001_Sa?nchez20Melchor-Huete_Ine?s_G_20Desarrollo_2018_m-copia-2.jpg\"},{\"@type\":\"BreadcrumbList\",\"@id\":\"https:\/\/revistaazulyverde.com\/ediciones\/43\/la-segunda-vida-de-los-muebles-ines-melchor\/#breadcrumb\",\"itemListElement\":[{\"@type\":\"ListItem\",\"position\":1,\"name\":\"Portada\",\"item\":\"https:\/\/revistaazulyverde.com\/ediciones\/43\/\"},{\"@type\":\"ListItem\",\"position\":2,\"name\":\"La segunda vida de los muebles restaurados por In\u00e9s Melchor\"}]},{\"@type\":\"WebSite\",\"@id\":\"https:\/\/revistaazulyverde.com\/ediciones\/43\/#website\",\"url\":\"https:\/\/revistaazulyverde.com\/ediciones\/43\/\",\"name\":\"Revista Azul y Verde n\u00ba 43\",\"description\":\"\",\"potentialAction\":[{\"@type\":\"SearchAction\",\"target\":{\"@type\":\"EntryPoint\",\"urlTemplate\":\"https:\/\/revistaazulyverde.com\/ediciones\/43\/?s={search_term_string}\"},\"query-input\":{\"@type\":\"PropertyValueSpecification\",\"valueRequired\":true,\"valueName\":\"search_term_string\"}}],\"inLanguage\":\"es\"},{\"@type\":\"Person\",\"@id\":\"https:\/\/revistaazulyverde.com\/ediciones\/43\/#\/schema\/person\/74598fcf6aa3967744b6de5182a76d51\",\"name\":\"labsgrup_david\",\"image\":{\"@type\":\"ImageObject\",\"inLanguage\":\"es\",\"@id\":\"https:\/\/revistaazulyverde.com\/ediciones\/43\/#\/schema\/person\/image\/\",\"url\":\"https:\/\/secure.gravatar.com\/avatar\/62084aa808bed3aa09d30a1491f370f354141a4cce95d43e329375d88b688338?s=96&d=mm&r=g\",\"contentUrl\":\"https:\/\/secure.gravatar.com\/avatar\/62084aa808bed3aa09d30a1491f370f354141a4cce95d43e329375d88b688338?s=96&d=mm&r=g\",\"caption\":\"labsgrup_david\"},\"url\":\"https:\/\/revistaazulyverde.com\/ediciones\/43\/author\/labsgrup_david\/\"}]}<\/script>\n<!-- \/ Yoast SEO plugin. -->","yoast_head_json":{"title":"La segunda vida de los muebles restaurados por In\u00e9s Melchor - Revista Azul y Verde n\u00ba 43","robots":{"index":"noindex","follow":"follow","max-snippet":"max-snippet:-1","max-image-preview":"max-image-preview:large","max-video-preview":"max-video-preview:-1"},"og_locale":"es_ES","og_type":"article","og_title":"La segunda vida de los muebles restaurados por In\u00e9s Melchor","og_description":"[vc_row full_width=\u00bbstretch_row_content\u00bb el_class=\u00bbvisible\u00bb el_id=\u00bbheader-post\u00bb][vc_column][vc_column_text el_class=\u00bbamarillo\u00bb] [\/vc_column_text][vc_custom_heading text=\u00bbLa segunda vida de los muebles restaurados por In\u00e9s Melchor\u00bb font_container=\u00bbtag:h1|font_size:60px|text_align:center|color:%23ffffff\u00bb google_fonts=\u00bbfont_family:PT%20Serif%3Aregular%2Citalic%2C700%2C700italic|font_style:700%20bold%20italic%3A700%3Aitalic\u00bb el_class=\u00bblowercase\u00bb css=\u00bb.vc_custom_1614790140475{margin-top: 0px !important;margin-bottom: 0px !important;padding-top: 100px !important;padding-right: 100px !important;padding-bottom: 440px !important;padding-left: 100px !important;}\u00bb][\/vc_column][\/vc_row][vc_row el_class=\u00bbmw965&#8243; css=\u00bb.vc_custom_1584089378705{padding-top: 40px !important;}\u00bb][vc_column][vc_custom_heading text=\u00bbIn\u00e9s Melchor Gerente de [&hellip;]","og_url":"https:\/\/revistaazulyverde.com\/ediciones\/43\/la-segunda-vida-de-los-muebles-ines-melchor\/","og_site_name":"Revista Azul y Verde n\u00ba 43","article_published_time":"2020-03-27T12:26:00+00:00","article_modified_time":"2021-03-08T10:19:50+00:00","og_image":[{"width":1920,"height":890,"url":"https:\/\/revistaazulyverde.com\/ediciones\/43\/wp-content\/uploads\/sites\/5\/2020\/03\/001_Sa\u0301nchez20Melchor-Huete_Ine\u0301s_G_20Desarrollo_2018_m-copia.jpg","type":"image\/jpeg"}],"author":"labsgrup_david","twitter_card":"summary_large_image","twitter_title":"La segunda vida de los muebles restaurados por In\u00e9s Melchor","twitter_image":"https:\/\/revistaazulyverde.com\/ediciones\/43\/wp-content\/uploads\/sites\/5\/2020\/03\/001_Sa?nchez20Melchor-Huete_Ine?s_G_20Desarrollo_2018_m-copia.jpg","twitter_misc":{"Escrito por":"labsgrup_david","Tiempo de lectura":"3 minutos"},"schema":{"@context":"https:\/\/schema.org","@graph":[{"@type":"WebPage","@id":"https:\/\/revistaazulyverde.com\/ediciones\/43\/la-segunda-vida-de-los-muebles-ines-melchor\/","url":"https:\/\/revistaazulyverde.com\/ediciones\/43\/la-segunda-vida-de-los-muebles-ines-melchor\/","name":"La segunda vida de los muebles restaurados por In\u00e9s Melchor - Revista Azul y Verde n\u00ba 43","isPartOf":{"@id":"https:\/\/revistaazulyverde.com\/ediciones\/43\/#website"},"primaryImageOfPage":{"@id":"https:\/\/revistaazulyverde.com\/ediciones\/43\/la-segunda-vida-de-los-muebles-ines-melchor\/#primaryimage"},"image":{"@id":"https:\/\/revistaazulyverde.com\/ediciones\/43\/la-segunda-vida-de-los-muebles-ines-melchor\/#primaryimage"},"thumbnailUrl":"https:\/\/revistaazulyverde.com\/ediciones\/43\/wp-content\/uploads\/sites\/5\/2020\/03\/001_Sa?nchez20Melchor-Huete_Ine?s_G_20Desarrollo_2018_m-copia-2.jpg","datePublished":"2020-03-27T12:26:00+00:00","dateModified":"2021-03-08T10:19:50+00:00","author":{"@id":"https:\/\/revistaazulyverde.com\/ediciones\/43\/#\/schema\/person\/74598fcf6aa3967744b6de5182a76d51"},"breadcrumb":{"@id":"https:\/\/revistaazulyverde.com\/ediciones\/43\/la-segunda-vida-de-los-muebles-ines-melchor\/#breadcrumb"},"inLanguage":"es","potentialAction":[{"@type":"ReadAction","target":["https:\/\/revistaazulyverde.com\/ediciones\/43\/la-segunda-vida-de-los-muebles-ines-melchor\/"]}]},{"@type":"ImageObject","inLanguage":"es","@id":"https:\/\/revistaazulyverde.com\/ediciones\/43\/la-segunda-vida-de-los-muebles-ines-melchor\/#primaryimage","url":"https:\/\/revistaazulyverde.com\/ediciones\/43\/wp-content\/uploads\/sites\/5\/2020\/03\/001_Sa?nchez20Melchor-Huete_Ine?s_G_20Desarrollo_2018_m-copia-2.jpg","contentUrl":"https:\/\/revistaazulyverde.com\/ediciones\/43\/wp-content\/uploads\/sites\/5\/2020\/03\/001_Sa?nchez20Melchor-Huete_Ine?s_G_20Desarrollo_2018_m-copia-2.jpg"},{"@type":"BreadcrumbList","@id":"https:\/\/revistaazulyverde.com\/ediciones\/43\/la-segunda-vida-de-los-muebles-ines-melchor\/#breadcrumb","itemListElement":[{"@type":"ListItem","position":1,"name":"Portada","item":"https:\/\/revistaazulyverde.com\/ediciones\/43\/"},{"@type":"ListItem","position":2,"name":"La segunda vida de los muebles restaurados por In\u00e9s Melchor"}]},{"@type":"WebSite","@id":"https:\/\/revistaazulyverde.com\/ediciones\/43\/#website","url":"https:\/\/revistaazulyverde.com\/ediciones\/43\/","name":"Revista Azul y Verde n\u00ba 43","description":"","potentialAction":[{"@type":"SearchAction","target":{"@type":"EntryPoint","urlTemplate":"https:\/\/revistaazulyverde.com\/ediciones\/43\/?s={search_term_string}"},"query-input":{"@type":"PropertyValueSpecification","valueRequired":true,"valueName":"search_term_string"}}],"inLanguage":"es"},{"@type":"Person","@id":"https:\/\/revistaazulyverde.com\/ediciones\/43\/#\/schema\/person\/74598fcf6aa3967744b6de5182a76d51","name":"labsgrup_david","image":{"@type":"ImageObject","inLanguage":"es","@id":"https:\/\/revistaazulyverde.com\/ediciones\/43\/#\/schema\/person\/image\/","url":"https:\/\/secure.gravatar.com\/avatar\/62084aa808bed3aa09d30a1491f370f354141a4cce95d43e329375d88b688338?s=96&d=mm&r=g","contentUrl":"https:\/\/secure.gravatar.com\/avatar\/62084aa808bed3aa09d30a1491f370f354141a4cce95d43e329375d88b688338?s=96&d=mm&r=g","caption":"labsgrup_david"},"url":"https:\/\/revistaazulyverde.com\/ediciones\/43\/author\/labsgrup_david\/"}]}},"_links":{"self":[{"href":"https:\/\/revistaazulyverde.com\/ediciones\/43\/wp-json\/wp\/v2\/posts\/5209","targetHints":{"allow":["GET"]}}],"collection":[{"href":"https:\/\/revistaazulyverde.com\/ediciones\/43\/wp-json\/wp\/v2\/posts"}],"about":[{"href":"https:\/\/revistaazulyverde.com\/ediciones\/43\/wp-json\/wp\/v2\/types\/post"}],"author":[{"embeddable":true,"href":"https:\/\/revistaazulyverde.com\/ediciones\/43\/wp-json\/wp\/v2\/users\/1"}],"replies":[{"embeddable":true,"href":"https:\/\/revistaazulyverde.com\/ediciones\/43\/wp-json\/wp\/v2\/comments?post=5209"}],"version-history":[{"count":48,"href":"https:\/\/revistaazulyverde.com\/ediciones\/43\/wp-json\/wp\/v2\/posts\/5209\/revisions"}],"predecessor-version":[{"id":6681,"href":"https:\/\/revistaazulyverde.com\/ediciones\/43\/wp-json\/wp\/v2\/posts\/5209\/revisions\/6681"}],"wp:featuredmedia":[{"embeddable":true,"href":"https:\/\/revistaazulyverde.com\/ediciones\/43\/wp-json\/wp\/v2\/media\/6505"}],"wp:attachment":[{"href":"https:\/\/revistaazulyverde.com\/ediciones\/43\/wp-json\/wp\/v2\/media?parent=5209"}],"wp:term":[{"taxonomy":"category","embeddable":true,"href":"https:\/\/revistaazulyverde.com\/ediciones\/43\/wp-json\/wp\/v2\/categories?post=5209"},{"taxonomy":"post_tag","embeddable":true,"href":"https:\/\/revistaazulyverde.com\/ediciones\/43\/wp-json\/wp\/v2\/tags?post=5209"}],"curies":[{"name":"wp","href":"https:\/\/api.w.org\/{rel}","templated":true}]}}