{"id":5201,"date":"2020-03-26T11:54:56","date_gmt":"2020-03-26T11:54:56","guid":{"rendered":"https:\/\/revistaazulyverde.com\/ediciones\/43\/?p=5201"},"modified":"2021-03-08T11:27:00","modified_gmt":"2021-03-08T10:27:00","slug":"enagas-escucha-profesionales","status":"publish","type":"post","link":"https:\/\/revistaazulyverde.com\/ediciones\/43\/enagas-escucha-profesionales\/","title":{"rendered":"Enag\u00e1s, abanderada de la desconexi\u00f3n digital"},"content":{"rendered":"<div class=\"wpb-content-wrapper\"><p>[vc_row full_width=\u00bbstretch_row_content\u00bb el_class=\u00bbvisible\u00bb el_id=\u00bbheader-post\u00bb][vc_column][vc_column_text el_class=\u00bbamarillo\u00bb]<div class=\"bg-post lazyload\" style=\"background-image:inherit\" data-bg-image=\"url(https:\/\/revistaazulyverde.com\/ediciones\/43\/wp-content\/uploads\/sites\/5\/2020\/03\/DePersonaPersona1920.jpg)\"><\/div><br \/>\n<div class=\"categoria\" data-color=\"#ffb81c\" style=\"background-color: #ffb81c\"><span class=\"parent\">Equipo Enag\u00e1s<\/span><span class=\"cat\">De persona a persona<\/span><\/div>[\/vc_column_text][vc_custom_heading source=\u00bbpost_title\u00bb font_container=\u00bbtag:h1|font_size:70px|text_align:center|color:%23ffffff\u00bb google_fonts=\u00bbfont_family:PT%20Serif%3Aregular%2Citalic%2C700%2C700italic|font_style:700%20bold%20italic%3A700%3Aitalic\u00bb el_class=\u00bblowercase\u00bb css=\u00bb.vc_custom_1603371070985{margin-top: 0px !important;margin-bottom: 0px !important;}\u00bb][\/vc_column][\/vc_row][vc_row el_class=\u00bbmw965&#8243;][vc_column][vc_empty_space][vc_column_text]Las <strong>nuevas formas de trabajo<\/strong> que conlleva la digitalizaci\u00f3n son un reto que Enag\u00e1s aborda desde todas las \u00e1reas de la compa\u00f1\u00eda. En esta adaptaci\u00f3n a la nueva realidad en el \u00e1mbito laboral, con un mayor protagonismo del trabajo en remoto y de la tecnolog\u00eda, <strong>Enag\u00e1s ha dado un paso adelante<\/strong> con la implementaci\u00f3n de una serie de medidas dirigidas a favorecer la desconexi\u00f3n digital y garantizar el descanso de sus profesionales. Enag\u00e1s, por su condici\u00f3n de <strong><a href=\"https:\/\/www.enagas.es\/enagas\/es\/Comunicacion\/NotasPrensa\/2019_07_19_EFR\">empresa efr<\/a><\/strong>, cree firmemente que los avances tecnol\u00f3gicos han de permitir mejorar la vida de las personas, delimitando bien los tiempos de trabajo y descanso para que la desconexi\u00f3n sea efectiva.[\/vc_column_text][vc_column_text]En un contexto en el que ha ganado terreno la flexibilidad, la compa\u00f1\u00eda se compromete a <strong>respetar el tiempo de descanso de sus empleados una vez finalicen su jornada laboral<\/strong>. En base a esta directriz, los profesionales de Enag\u00e1s no est\u00e1n obligados a consultar ning\u00fan dispositivo digital ni tampoco a responder a ninguna comunicaci\u00f3n que reciban, ya sea fuera de su horario laboral o en periodos de descanso o de vacaciones. Este compromiso queda plasmado en el documento <strong><a href=\"https:\/\/www.enagas.es\/stfls\/ENAGAS\/Documentos\/Directrices%20Corporativas%20Derecho%20de%20Desconexion%20Digital.pdf\"><em>Directrices Corporativas sobre el Derecho a la Desconexi\u00f3n Digital<\/em><\/a><\/strong>, donde se recogen los principios que sustentan la pol\u00edtica de Enag\u00e1s en este \u00e1mbito y se destaca la necesidad de establecer h\u00e1bitos saludables en esta materia que repercutan en una mayor protecci\u00f3n a la intimidad personal y familiar.[\/vc_column_text][vc_empty_space height=\u00bb50px\u00bb][vc_custom_heading text=\u00bbUn compromiso de todos\u00bb font_container=\u00bbtag:h2|font_size:20px|text_align:left|color:%23ffb81c\u00bb el_class=\u00bbverdana\u00bb][vc_column_text]Adicionalmente al desarrollo de estas directrices,<strong> la compa\u00f1\u00eda va a impulsar acciones de sensibilizaci\u00f3n<\/strong> orientadas a fomentar el buen uso de la tecnolog\u00eda. El prop\u00f3sito es que se conozcan de primera mano las consecuencias que se derivan de una conectividad permanente y su impacto en la calidad de vida y en la salud de las personas. La propuesta de Enag\u00e1s en desconexi\u00f3n digital <strong>alcanza a todos a los profesionales de la compa\u00f1\u00eda.<\/strong>[\/vc_column_text][vc_column_text]Para que sea una realidad, los responsables de equipo tienen un protagonismo clave para garantizar una implementaci\u00f3n real de las medidas de desconexi\u00f3n digital, a la vez que deben fomentar un uso responsable de las tecnolog\u00edas. Enag\u00e1s, que cuenta con una cultura organizacional que fomenta la flexibilidad y la responsabilidad, as\u00ed como el respeto y el compromiso mutuo, avanza una vez m\u00e1s haciendo de la <strong>calidad de vida de las personas que la integran, una prioridad.<\/strong>[\/vc_column_text][\/vc_column][\/vc_row][vc_row el_class=\u00bbmw1230&#8243; css=\u00bb.vc_custom_1584093612893{padding-top: 40px !important;}\u00bb][vc_column][\/vc_column][\/vc_row][vc_row el_class=\u00bbmw1230&#8243; css=\u00bb.vc_custom_1584093612893{padding-top: 40px !important;}\u00bb][vc_column]<div class=\"edgtf-news-holder edgtf-post-carousel5 edgtf-small-space\"  data-post-status=publish data-ignore-sticky-posts=1 data-posts-per-page=6 data-paged=1 data-max-num-pages=2 data-next-page=2 data-title-tag=h3 data-image-size=custom data-custom-image-width=370 data-custom-image-height=267 data-display-categories=yes data-display-excerpt=no data-display-date=no data-date-format=difference data-display-like=no data-display-comments=no data-display-share=no data-display-hot-trending-icons=no data-layout=edgtf_post_carousel5><div class=\"edgtf-news-list-inner edgtf-owl-slider\" data-number-of-items=\"4\"   data-slider-speed=\"4000\" data-slider-speed-animation=\"600\"   data-enable-auto-height=\"yes\"><div class=\"edgtf-news-item edgtf-layout1-item edgtf-item-space\" data-color=\"#9cb700\">\n\t<div class=\"edgtf-ni-image-holder\">\n\t\t\t<div class=\"edgtf-post-image\">\n\t\t<a itemprop=\"url\" href=\"https:\/\/revistaazulyverde.com\/ediciones\/43\/estrategia-2021-2026\/\" title=\"La descarbonizaci\u00f3n, un pilar del plan estrat\u00e9gico\">\n\t\t\t<img decoding=\"async\" data-src=\"https:\/\/revistaazulyverde.com\/ediciones\/43\/wp-content\/uploads\/sites\/5\/2021\/02\/Home_Headers_febrero2021_1_es_1920-1-e1614609783856-370x267.jpg\" alt=\"\" width=\"370\" height=\"267\" src=\"data:image\/gif;base64,R0lGODlhAQABAAAAACH5BAEKAAEALAAAAAABAAEAAAICTAEAOw==\" class=\"lazyload\" style=\"--smush-placeholder-width: 370px; --smush-placeholder-aspect-ratio: 370\/267;\" \/>\t\t<\/a>\n\t<\/div>\n        <div class=\"edgtf-ni-like-comments-share-holder\">\n                                            <\/div>\n\t<\/div>\n\t<div class=\"edgtf-ni-content\">\n\t\t<div class=\"edgtf-ni-info edgtf-ni-info-top\">\n            \t<div class=\"edgtf-post-info-category\">\n\t\t<a href=\"https:\/\/revistaazulyverde.com\/ediciones\/43\/category\/actualidad\/estrategia-2021-2026\/\" rel=\"category tag\">Estrategia 2021-2026<\/a>\t<\/div>\n\t\t<\/div>\n\t\t\n<h3 itemprop=\"name\" class=\"entry-title edgtf-post-title \" >\n<a itemprop=\"url\" href=\"https:\/\/revistaazulyverde.com\/ediciones\/43\/estrategia-2021-2026\/\" title=\"La descarbonizaci\u00f3n, un pilar del plan estrat\u00e9gico\">\n    La descarbonizaci\u00f3n, un pilar del plan estrat\u00e9gico<\/a>\n<\/h3>\t\t\t\t<div class=\"edgtf-ni-info edgtf-ni-info-bottom\">\n                        \t\t<\/div>\n\t<\/div>\n<\/div><div class=\"edgtf-news-item edgtf-layout1-item edgtf-item-space\" data-color=\"#9cb700\">\n\t<div class=\"edgtf-ni-image-holder\">\n\t\t\t<div class=\"edgtf-post-image\">\n\t\t<a itemprop=\"url\" href=\"https:\/\/revistaazulyverde.com\/ediciones\/43\/el-gas-natural-acelera-la-movilidad-sostenible\/\" title=\"El gas natural acelera la movilidad sostenible\">\n\t\t\t<img decoding=\"async\" data-src=\"https:\/\/revistaazulyverde.com\/ediciones\/43\/wp-content\/uploads\/sites\/5\/2020\/04\/shutterstock_1298297143-copia-1-e1613668745268-370x267.jpg\" alt=\"\" width=\"370\" height=\"267\" src=\"data:image\/gif;base64,R0lGODlhAQABAAAAACH5BAEKAAEALAAAAAABAAEAAAICTAEAOw==\" class=\"lazyload\" style=\"--smush-placeholder-width: 370px; --smush-placeholder-aspect-ratio: 370\/267;\" \/>\t\t<\/a>\n\t<\/div>\n        <div class=\"edgtf-ni-like-comments-share-holder\">\n                                            <\/div>\n\t<\/div>\n\t<div class=\"edgtf-ni-content\">\n\t\t<div class=\"edgtf-ni-info edgtf-ni-info-top\">\n            \t<div class=\"edgtf-post-info-category\">\n\t\t<a href=\"https:\/\/revistaazulyverde.com\/ediciones\/43\/category\/actualidad\/a-fondo\/\" rel=\"category tag\">A fondo<\/a>\t<\/div>\n\t\t<\/div>\n\t\t\n<h3 itemprop=\"name\" class=\"entry-title edgtf-post-title \" >\n<a itemprop=\"url\" href=\"https:\/\/revistaazulyverde.com\/ediciones\/43\/el-gas-natural-acelera-la-movilidad-sostenible\/\" title=\"El gas natural acelera la movilidad sostenible\">\n    El gas natural acelera la movilidad sostenible<\/a>\n<\/h3>\t\t\t\t<div class=\"edgtf-ni-info edgtf-ni-info-bottom\">\n                        \t\t<\/div>\n\t<\/div>\n<\/div><div class=\"edgtf-news-item edgtf-layout1-item edgtf-item-space\" data-color=\"#007aae\">\n\t<div class=\"edgtf-ni-image-holder\">\n\t\t\t<div class=\"edgtf-post-image\">\n\t\t<a itemprop=\"url\" href=\"https:\/\/revistaazulyverde.com\/ediciones\/43\/editorial-43\/\" title=\"Transformar el modelo para responder a los retos\">\n\t\t\t<img decoding=\"async\" data-src=\"https:\/\/revistaazulyverde.com\/ediciones\/43\/wp-content\/uploads\/sites\/5\/2020\/04\/Paisaje3-1-e1614679084484-370x267.jpg\" alt=\"\" width=\"370\" height=\"267\" src=\"data:image\/gif;base64,R0lGODlhAQABAAAAACH5BAEKAAEALAAAAAABAAEAAAICTAEAOw==\" class=\"lazyload\" style=\"--smush-placeholder-width: 370px; --smush-placeholder-aspect-ratio: 370\/267;\" \/>\t\t<\/a>\n\t<\/div>\n        <div class=\"edgtf-ni-like-comments-share-holder\">\n                                            <\/div>\n\t<\/div>\n\t<div class=\"edgtf-ni-content\">\n\t\t<div class=\"edgtf-ni-info edgtf-ni-info-top\">\n            \t<div class=\"edgtf-post-info-category\">\n\t\t<a href=\"https:\/\/revistaazulyverde.com\/ediciones\/43\/category\/editorial\/\" rel=\"category tag\">Editorial<\/a>\t<\/div>\n\t\t<\/div>\n\t\t\n<h3 itemprop=\"name\" class=\"entry-title edgtf-post-title \" >\n<a itemprop=\"url\" href=\"https:\/\/revistaazulyverde.com\/ediciones\/43\/editorial-43\/\" title=\"Transformar el modelo para responder a los retos\">\n    Transformar el modelo para responder a los retos<\/a>\n<\/h3>\t\t\t\t<div class=\"edgtf-ni-info edgtf-ni-info-bottom\">\n                        \t\t<\/div>\n\t<\/div>\n<\/div><div class=\"edgtf-news-item edgtf-layout1-item edgtf-item-space\" data-color=\"#ffb81c\">\n\t<div class=\"edgtf-ni-image-holder\">\n\t\t\t<div class=\"edgtf-post-image\">\n\t\t<a itemprop=\"url\" href=\"https:\/\/revistaazulyverde.com\/ediciones\/43\/la-segunda-vida-de-los-muebles-ines-melchor\/\" title=\"La segunda vida de los muebles restaurados por In\u00e9s Melchor\">\n\t\t\t<img decoding=\"async\" data-src=\"https:\/\/revistaazulyverde.com\/ediciones\/43\/wp-content\/uploads\/sites\/5\/2020\/03\/001_Sa?nchez20Melchor-Huete_Ine?s_G_20Desarrollo_2018_m-copia-2-370x267.jpg\" alt=\"\" width=\"370\" height=\"267\" src=\"data:image\/gif;base64,R0lGODlhAQABAAAAACH5BAEKAAEALAAAAAABAAEAAAICTAEAOw==\" class=\"lazyload\" style=\"--smush-placeholder-width: 370px; --smush-placeholder-aspect-ratio: 370\/267;\" \/>\t\t<\/a>\n\t<\/div>\n        <div class=\"edgtf-ni-like-comments-share-holder\">\n                                            <\/div>\n\t<\/div>\n\t<div class=\"edgtf-ni-content\">\n\t\t<div class=\"edgtf-ni-info edgtf-ni-info-top\">\n            \t<div class=\"edgtf-post-info-category\">\n\t\t<a href=\"https:\/\/revistaazulyverde.com\/ediciones\/43\/category\/equipo-enagas\/mas-alla-de-enagas\/\" rel=\"category tag\">M\u00e1s all\u00e1 de Enag\u00e1s<\/a>\t<\/div>\n\t\t<\/div>\n\t\t\n<h3 itemprop=\"name\" class=\"entry-title edgtf-post-title \" >\n<a itemprop=\"url\" href=\"https:\/\/revistaazulyverde.com\/ediciones\/43\/la-segunda-vida-de-los-muebles-ines-melchor\/\" title=\"La segunda vida de los muebles restaurados por In\u00e9s Melchor\">\n    La segunda vida de los muebles restaurados por In\u00e9s Melchor<\/a>\n<\/h3>\t\t\t\t<div class=\"edgtf-ni-info edgtf-ni-info-bottom\">\n                        \t\t<\/div>\n\t<\/div>\n<\/div><div class=\"edgtf-news-item edgtf-layout1-item edgtf-item-space\" data-color=\"#ffb81c\">\n\t<div class=\"edgtf-ni-image-holder\">\n\t\t\t<div class=\"edgtf-post-image\">\n\t\t<a itemprop=\"url\" href=\"https:\/\/revistaazulyverde.com\/ediciones\/43\/enagas-escucha-profesionales\/\" title=\"Enag\u00e1s, abanderada de la desconexi\u00f3n digital\">\n\t\t\t<img decoding=\"async\" data-src=\"https:\/\/revistaazulyverde.com\/ediciones\/43\/wp-content\/uploads\/sites\/5\/2020\/03\/DePersonaPersona1920-1-e1613670242715-370x267.jpg\" alt=\"\" width=\"370\" height=\"267\" src=\"data:image\/gif;base64,R0lGODlhAQABAAAAACH5BAEKAAEALAAAAAABAAEAAAICTAEAOw==\" class=\"lazyload\" style=\"--smush-placeholder-width: 370px; --smush-placeholder-aspect-ratio: 370\/267;\" \/>\t\t<\/a>\n\t<\/div>\n        <div class=\"edgtf-ni-like-comments-share-holder\">\n                                            <\/div>\n\t<\/div>\n\t<div class=\"edgtf-ni-content\">\n\t\t<div class=\"edgtf-ni-info edgtf-ni-info-top\">\n            \t<div class=\"edgtf-post-info-category\">\n\t\t<a href=\"https:\/\/revistaazulyverde.com\/ediciones\/43\/category\/equipo-enagas\/de-persona-a-persona\/\" rel=\"category tag\">De persona a persona<\/a>\t<\/div>\n\t\t<\/div>\n\t\t\n<h3 itemprop=\"name\" class=\"entry-title edgtf-post-title \" >\n<a itemprop=\"url\" href=\"https:\/\/revistaazulyverde.com\/ediciones\/43\/enagas-escucha-profesionales\/\" title=\"Enag\u00e1s, abanderada de la desconexi\u00f3n digital\">\n    Enag\u00e1s, abanderada de la desconexi\u00f3n digital<\/a>\n<\/h3>\t\t\t\t<div class=\"edgtf-ni-info edgtf-ni-info-bottom\">\n                        \t\t<\/div>\n\t<\/div>\n<\/div><div class=\"edgtf-news-item edgtf-layout1-item edgtf-item-space\" data-color=\"#007aae\">\n\t<div class=\"edgtf-ni-image-holder\">\n\t\t\t<div class=\"edgtf-post-image\">\n\t\t<a itemprop=\"url\" href=\"https:\/\/revistaazulyverde.com\/ediciones\/43\/ingenia-energy-challenge-premia-soluciones-modelo-descarbonizado\/\" title=\"Soluciones para impulsar un nuevo modelo energ\u00e9tico descarbonizado\">\n\t\t\t<img decoding=\"async\" data-src=\"https:\/\/revistaazulyverde.com\/ediciones\/43\/wp-content\/uploads\/sites\/5\/2020\/03\/ingenia-square-370x267.png\" alt=\"\" width=\"370\" height=\"267\" src=\"data:image\/gif;base64,R0lGODlhAQABAAAAACH5BAEKAAEALAAAAAABAAEAAAICTAEAOw==\" class=\"lazyload\" style=\"--smush-placeholder-width: 370px; --smush-placeholder-aspect-ratio: 370\/267;\" \/>\t\t<\/a>\n\t<\/div>\n        <div class=\"edgtf-ni-like-comments-share-holder\">\n                                            <\/div>\n\t<\/div>\n\t<div class=\"edgtf-ni-content\">\n\t\t<div class=\"edgtf-ni-info edgtf-ni-info-top\">\n            \t<div class=\"edgtf-post-info-category\">\n\t\t<a href=\"https:\/\/revistaazulyverde.com\/ediciones\/43\/category\/nuestra-actividad\/adn-enagas-startups\/\" rel=\"category tag\">ADN startup<\/a>\t<\/div>\n\t\t<\/div>\n\t\t\n<h3 itemprop=\"name\" class=\"entry-title edgtf-post-title \" >\n<a itemprop=\"url\" href=\"https:\/\/revistaazulyverde.com\/ediciones\/43\/ingenia-energy-challenge-premia-soluciones-modelo-descarbonizado\/\" title=\"Soluciones para impulsar un nuevo modelo energ\u00e9tico descarbonizado\">\n    Soluciones para impulsar un nuevo modelo energ\u00e9tico descarbonizado<\/a>\n<\/h3>\t\t\t\t<div class=\"edgtf-ni-info edgtf-ni-info-bottom\">\n                        \t\t<\/div>\n\t<\/div>\n<\/div><\/div><\/div>[\/vc_column][\/vc_row]<\/p>\n<\/div>","protected":false},"excerpt":{"rendered":"<p>[vc_row full_width=\u00bbstretch_row_content\u00bb el_class=\u00bbvisible\u00bb el_id=\u00bbheader-post\u00bb][vc_column][vc_column_text el_class=\u00bbamarillo\u00bb] [\/vc_column_text][vc_custom_heading source=\u00bbpost_title\u00bb font_container=\u00bbtag:h1|font_size:70px|text_align:center|color:%23ffffff\u00bb google_fonts=\u00bbfont_family:PT%20Serif%3Aregular%2Citalic%2C700%2C700italic|font_style:700%20bold%20italic%3A700%3Aitalic\u00bb el_class=\u00bblowercase\u00bb css=\u00bb.vc_custom_1603371070985{margin-top: 0px !important;margin-bottom: 0px !important;}\u00bb][\/vc_column][\/vc_row][vc_row el_class=\u00bbmw965&#8243;][vc_column][vc_empty_space][vc_column_text]Las nuevas formas de trabajo que conlleva la digitalizaci\u00f3n son un reto que Enag\u00e1s aborda desde todas las \u00e1reas de la compa\u00f1\u00eda. En esta adaptaci\u00f3n [&hellip;]<\/p>\n","protected":false},"author":1,"featured_media":6499,"comment_status":"open","ping_status":"open","sticky":false,"template":"","format":"standard","meta":{"_acf_changed":false,"footnotes":""},"categories":[59],"tags":[],"class_list":["post-5201","post","type-post","status-publish","format-standard","has-post-thumbnail","hentry","category-de-persona-a-persona"],"acf":[],"yoast_head":"<!-- This site is optimized with the Yoast SEO plugin v24.9 - https:\/\/yoast.com\/wordpress\/plugins\/seo\/ -->\n<title>Enag\u00e1s, abanderada de la desconexi\u00f3n digital - Revista Azul y Verde n\u00ba 43<\/title>\n<meta name=\"robots\" content=\"noindex, follow, max-snippet:-1, max-image-preview:large, max-video-preview:-1\" \/>\n<meta property=\"og:locale\" content=\"es_ES\" \/>\n<meta property=\"og:type\" content=\"article\" \/>\n<meta property=\"og:title\" content=\"Enag\u00e1s, abanderada de la desconexi\u00f3n digital\" \/>\n<meta property=\"og:description\" content=\"Enag\u00e1s sit\u00faa a las personas en el centro de la organizaci\u00f3n.\" \/>\n<meta property=\"og:url\" content=\"https:\/\/revistaazulyverde.com\/ediciones\/43\/enagas-escucha-profesionales\/\" \/>\n<meta property=\"og:site_name\" content=\"Revista Azul y Verde n\u00ba 43\" \/>\n<meta property=\"article:published_time\" content=\"2020-03-26T11:54:56+00:00\" \/>\n<meta property=\"article:modified_time\" content=\"2021-03-08T10:27:00+00:00\" \/>\n<meta property=\"og:image\" content=\"https:\/\/revistaazulyverde.com\/ediciones\/43\/wp-content\/uploads\/sites\/5\/2020\/03\/DePersonaPersona1920.jpg\" \/>\n\t<meta property=\"og:image:width\" content=\"1920\" \/>\n\t<meta property=\"og:image:height\" content=\"890\" \/>\n\t<meta property=\"og:image:type\" content=\"image\/jpeg\" \/>\n<meta name=\"author\" content=\"labsgrup_david\" \/>\n<meta name=\"twitter:card\" content=\"summary_large_image\" \/>\n<meta name=\"twitter:title\" content=\"Enag\u00e1s, abanderada de la desconexi\u00f3n digital\" \/>\n<meta name=\"twitter:description\" content=\"Enag\u00e1s sit\u00faa a las personas en el centro de la organizaci\u00f3n.\" \/>\n<meta name=\"twitter:image\" content=\"https:\/\/revistaazulyverde.com\/ediciones\/43\/wp-content\/uploads\/sites\/5\/2020\/03\/DePersonaPersona1920.jpg\" \/>\n<meta name=\"twitter:label1\" content=\"Escrito por\" \/>\n\t<meta name=\"twitter:data1\" content=\"labsgrup_david\" \/>\n\t<meta name=\"twitter:label2\" content=\"Tiempo de lectura\" \/>\n\t<meta name=\"twitter:data2\" content=\"2 minutos\" \/>\n<script type=\"application\/ld+json\" class=\"yoast-schema-graph\">{\"@context\":\"https:\/\/schema.org\",\"@graph\":[{\"@type\":\"WebPage\",\"@id\":\"https:\/\/revistaazulyverde.com\/ediciones\/43\/enagas-escucha-profesionales\/\",\"url\":\"https:\/\/revistaazulyverde.com\/ediciones\/43\/enagas-escucha-profesionales\/\",\"name\":\"Enag\u00e1s, abanderada de la desconexi\u00f3n digital - Revista Azul y Verde n\u00ba 43\",\"isPartOf\":{\"@id\":\"https:\/\/revistaazulyverde.com\/ediciones\/43\/#website\"},\"primaryImageOfPage\":{\"@id\":\"https:\/\/revistaazulyverde.com\/ediciones\/43\/enagas-escucha-profesionales\/#primaryimage\"},\"image\":{\"@id\":\"https:\/\/revistaazulyverde.com\/ediciones\/43\/enagas-escucha-profesionales\/#primaryimage\"},\"thumbnailUrl\":\"https:\/\/revistaazulyverde.com\/ediciones\/43\/wp-content\/uploads\/sites\/5\/2020\/03\/DePersonaPersona1920-1-e1613670242715.jpg\",\"datePublished\":\"2020-03-26T11:54:56+00:00\",\"dateModified\":\"2021-03-08T10:27:00+00:00\",\"author\":{\"@id\":\"https:\/\/revistaazulyverde.com\/ediciones\/43\/#\/schema\/person\/74598fcf6aa3967744b6de5182a76d51\"},\"breadcrumb\":{\"@id\":\"https:\/\/revistaazulyverde.com\/ediciones\/43\/enagas-escucha-profesionales\/#breadcrumb\"},\"inLanguage\":\"es\",\"potentialAction\":[{\"@type\":\"ReadAction\",\"target\":[\"https:\/\/revistaazulyverde.com\/ediciones\/43\/enagas-escucha-profesionales\/\"]}]},{\"@type\":\"ImageObject\",\"inLanguage\":\"es\",\"@id\":\"https:\/\/revistaazulyverde.com\/ediciones\/43\/enagas-escucha-profesionales\/#primaryimage\",\"url\":\"https:\/\/revistaazulyverde.com\/ediciones\/43\/wp-content\/uploads\/sites\/5\/2020\/03\/DePersonaPersona1920-1-e1613670242715.jpg\",\"contentUrl\":\"https:\/\/revistaazulyverde.com\/ediciones\/43\/wp-content\/uploads\/sites\/5\/2020\/03\/DePersonaPersona1920-1-e1613670242715.jpg\",\"width\":888,\"height\":888},{\"@type\":\"BreadcrumbList\",\"@id\":\"https:\/\/revistaazulyverde.com\/ediciones\/43\/enagas-escucha-profesionales\/#breadcrumb\",\"itemListElement\":[{\"@type\":\"ListItem\",\"position\":1,\"name\":\"Portada\",\"item\":\"https:\/\/revistaazulyverde.com\/ediciones\/43\/\"},{\"@type\":\"ListItem\",\"position\":2,\"name\":\"Enag\u00e1s, abanderada de la desconexi\u00f3n digital\"}]},{\"@type\":\"WebSite\",\"@id\":\"https:\/\/revistaazulyverde.com\/ediciones\/43\/#website\",\"url\":\"https:\/\/revistaazulyverde.com\/ediciones\/43\/\",\"name\":\"Revista Azul y Verde n\u00ba 43\",\"description\":\"\",\"potentialAction\":[{\"@type\":\"SearchAction\",\"target\":{\"@type\":\"EntryPoint\",\"urlTemplate\":\"https:\/\/revistaazulyverde.com\/ediciones\/43\/?s={search_term_string}\"},\"query-input\":{\"@type\":\"PropertyValueSpecification\",\"valueRequired\":true,\"valueName\":\"search_term_string\"}}],\"inLanguage\":\"es\"},{\"@type\":\"Person\",\"@id\":\"https:\/\/revistaazulyverde.com\/ediciones\/43\/#\/schema\/person\/74598fcf6aa3967744b6de5182a76d51\",\"name\":\"labsgrup_david\",\"image\":{\"@type\":\"ImageObject\",\"inLanguage\":\"es\",\"@id\":\"https:\/\/revistaazulyverde.com\/ediciones\/43\/#\/schema\/person\/image\/\",\"url\":\"https:\/\/secure.gravatar.com\/avatar\/62084aa808bed3aa09d30a1491f370f354141a4cce95d43e329375d88b688338?s=96&d=mm&r=g\",\"contentUrl\":\"https:\/\/secure.gravatar.com\/avatar\/62084aa808bed3aa09d30a1491f370f354141a4cce95d43e329375d88b688338?s=96&d=mm&r=g\",\"caption\":\"labsgrup_david\"},\"url\":\"https:\/\/revistaazulyverde.com\/ediciones\/43\/author\/labsgrup_david\/\"}]}<\/script>\n<!-- \/ Yoast SEO plugin. -->","yoast_head_json":{"title":"Enag\u00e1s, abanderada de la desconexi\u00f3n digital - Revista Azul y Verde n\u00ba 43","robots":{"index":"noindex","follow":"follow","max-snippet":"max-snippet:-1","max-image-preview":"max-image-preview:large","max-video-preview":"max-video-preview:-1"},"og_locale":"es_ES","og_type":"article","og_title":"Enag\u00e1s, abanderada de la desconexi\u00f3n digital","og_description":"Enag\u00e1s sit\u00faa a las personas en el centro de la organizaci\u00f3n.","og_url":"https:\/\/revistaazulyverde.com\/ediciones\/43\/enagas-escucha-profesionales\/","og_site_name":"Revista Azul y Verde n\u00ba 43","article_published_time":"2020-03-26T11:54:56+00:00","article_modified_time":"2021-03-08T10:27:00+00:00","og_image":[{"width":1920,"height":890,"url":"https:\/\/revistaazulyverde.com\/ediciones\/43\/wp-content\/uploads\/sites\/5\/2020\/03\/DePersonaPersona1920.jpg","type":"image\/jpeg"}],"author":"labsgrup_david","twitter_card":"summary_large_image","twitter_title":"Enag\u00e1s, abanderada de la desconexi\u00f3n digital","twitter_description":"Enag\u00e1s sit\u00faa a las personas en el centro de la organizaci\u00f3n.","twitter_image":"https:\/\/revistaazulyverde.com\/ediciones\/43\/wp-content\/uploads\/sites\/5\/2020\/03\/DePersonaPersona1920.jpg","twitter_misc":{"Escrito por":"labsgrup_david","Tiempo de lectura":"2 minutos"},"schema":{"@context":"https:\/\/schema.org","@graph":[{"@type":"WebPage","@id":"https:\/\/revistaazulyverde.com\/ediciones\/43\/enagas-escucha-profesionales\/","url":"https:\/\/revistaazulyverde.com\/ediciones\/43\/enagas-escucha-profesionales\/","name":"Enag\u00e1s, abanderada de la desconexi\u00f3n digital - Revista Azul y Verde n\u00ba 43","isPartOf":{"@id":"https:\/\/revistaazulyverde.com\/ediciones\/43\/#website"},"primaryImageOfPage":{"@id":"https:\/\/revistaazulyverde.com\/ediciones\/43\/enagas-escucha-profesionales\/#primaryimage"},"image":{"@id":"https:\/\/revistaazulyverde.com\/ediciones\/43\/enagas-escucha-profesionales\/#primaryimage"},"thumbnailUrl":"https:\/\/revistaazulyverde.com\/ediciones\/43\/wp-content\/uploads\/sites\/5\/2020\/03\/DePersonaPersona1920-1-e1613670242715.jpg","datePublished":"2020-03-26T11:54:56+00:00","dateModified":"2021-03-08T10:27:00+00:00","author":{"@id":"https:\/\/revistaazulyverde.com\/ediciones\/43\/#\/schema\/person\/74598fcf6aa3967744b6de5182a76d51"},"breadcrumb":{"@id":"https:\/\/revistaazulyverde.com\/ediciones\/43\/enagas-escucha-profesionales\/#breadcrumb"},"inLanguage":"es","potentialAction":[{"@type":"ReadAction","target":["https:\/\/revistaazulyverde.com\/ediciones\/43\/enagas-escucha-profesionales\/"]}]},{"@type":"ImageObject","inLanguage":"es","@id":"https:\/\/revistaazulyverde.com\/ediciones\/43\/enagas-escucha-profesionales\/#primaryimage","url":"https:\/\/revistaazulyverde.com\/ediciones\/43\/wp-content\/uploads\/sites\/5\/2020\/03\/DePersonaPersona1920-1-e1613670242715.jpg","contentUrl":"https:\/\/revistaazulyverde.com\/ediciones\/43\/wp-content\/uploads\/sites\/5\/2020\/03\/DePersonaPersona1920-1-e1613670242715.jpg","width":888,"height":888},{"@type":"BreadcrumbList","@id":"https:\/\/revistaazulyverde.com\/ediciones\/43\/enagas-escucha-profesionales\/#breadcrumb","itemListElement":[{"@type":"ListItem","position":1,"name":"Portada","item":"https:\/\/revistaazulyverde.com\/ediciones\/43\/"},{"@type":"ListItem","position":2,"name":"Enag\u00e1s, abanderada de la desconexi\u00f3n digital"}]},{"@type":"WebSite","@id":"https:\/\/revistaazulyverde.com\/ediciones\/43\/#website","url":"https:\/\/revistaazulyverde.com\/ediciones\/43\/","name":"Revista Azul y Verde n\u00ba 43","description":"","potentialAction":[{"@type":"SearchAction","target":{"@type":"EntryPoint","urlTemplate":"https:\/\/revistaazulyverde.com\/ediciones\/43\/?s={search_term_string}"},"query-input":{"@type":"PropertyValueSpecification","valueRequired":true,"valueName":"search_term_string"}}],"inLanguage":"es"},{"@type":"Person","@id":"https:\/\/revistaazulyverde.com\/ediciones\/43\/#\/schema\/person\/74598fcf6aa3967744b6de5182a76d51","name":"labsgrup_david","image":{"@type":"ImageObject","inLanguage":"es","@id":"https:\/\/revistaazulyverde.com\/ediciones\/43\/#\/schema\/person\/image\/","url":"https:\/\/secure.gravatar.com\/avatar\/62084aa808bed3aa09d30a1491f370f354141a4cce95d43e329375d88b688338?s=96&d=mm&r=g","contentUrl":"https:\/\/secure.gravatar.com\/avatar\/62084aa808bed3aa09d30a1491f370f354141a4cce95d43e329375d88b688338?s=96&d=mm&r=g","caption":"labsgrup_david"},"url":"https:\/\/revistaazulyverde.com\/ediciones\/43\/author\/labsgrup_david\/"}]}},"_links":{"self":[{"href":"https:\/\/revistaazulyverde.com\/ediciones\/43\/wp-json\/wp\/v2\/posts\/5201","targetHints":{"allow":["GET"]}}],"collection":[{"href":"https:\/\/revistaazulyverde.com\/ediciones\/43\/wp-json\/wp\/v2\/posts"}],"about":[{"href":"https:\/\/revistaazulyverde.com\/ediciones\/43\/wp-json\/wp\/v2\/types\/post"}],"author":[{"embeddable":true,"href":"https:\/\/revistaazulyverde.com\/ediciones\/43\/wp-json\/wp\/v2\/users\/1"}],"replies":[{"embeddable":true,"href":"https:\/\/revistaazulyverde.com\/ediciones\/43\/wp-json\/wp\/v2\/comments?post=5201"}],"version-history":[{"count":32,"href":"https:\/\/revistaazulyverde.com\/ediciones\/43\/wp-json\/wp\/v2\/posts\/5201\/revisions"}],"predecessor-version":[{"id":6684,"href":"https:\/\/revistaazulyverde.com\/ediciones\/43\/wp-json\/wp\/v2\/posts\/5201\/revisions\/6684"}],"wp:featuredmedia":[{"embeddable":true,"href":"https:\/\/revistaazulyverde.com\/ediciones\/43\/wp-json\/wp\/v2\/media\/6499"}],"wp:attachment":[{"href":"https:\/\/revistaazulyverde.com\/ediciones\/43\/wp-json\/wp\/v2\/media?parent=5201"}],"wp:term":[{"taxonomy":"category","embeddable":true,"href":"https:\/\/revistaazulyverde.com\/ediciones\/43\/wp-json\/wp\/v2\/categories?post=5201"},{"taxonomy":"post_tag","embeddable":true,"href":"https:\/\/revistaazulyverde.com\/ediciones\/43\/wp-json\/wp\/v2\/tags?post=5201"}],"curies":[{"name":"wp","href":"https:\/\/api.w.org\/{rel}","templated":true}]}}