{"id":4733,"date":"2020-03-10T15:19:35","date_gmt":"2020-03-10T15:19:35","guid":{"rendered":"https:\/\/revistaazulyverde.com\/ediciones\/43\/?p=4733"},"modified":"2021-03-09T11:14:03","modified_gmt":"2021-03-09T10:14:03","slug":"espana-clave-mercado-gnl","status":"publish","type":"post","link":"https:\/\/revistaazulyverde.com\/ediciones\/43\/espana-clave-mercado-gnl\/","title":{"rendered":"Espa\u00f1a, clave en el mercado de GNL, seg\u00fan RWE Supply &amp; Trading"},"content":{"rendered":"<div class=\"wpb-content-wrapper\"><p>[vc_row full_width=\u00bbstretch_row_content\u00bb el_class=\u00bbvisible\u00bb el_id=\u00bbheader-post\u00bb][vc_column][vc_column_text el_class=\u00bbamarillo\u00bb]<div class=\"bg-post lazyload\" style=\"background-image:inherit\" data-bg-image=\"url(https:\/\/revistaazulyverde.com\/ediciones\/43\/wp-content\/uploads\/sites\/5\/2020\/03\/025_Sede_planta-Barcelona_2019-copia.jpg)\"><\/div><br \/>\n<div class=\"categoria\" data-color=\"#007aae\" style=\"background-color: #007aae\"><span class=\"parent\">Nuestra actividad<\/span><span class=\"cat\">Clientes con alma<\/span><\/div>[\/vc_column_text][vc_custom_heading source=\u00bbpost_title\u00bb font_container=\u00bbtag:h1|font_size:80px|text_align:center|color:%23ffffff\u00bb google_fonts=\u00bbfont_family:PT%20Serif%3Aregular%2Citalic%2C700%2C700italic|font_style:700%20bold%20italic%3A700%3Aitalic\u00bb el_class=\u00bblowercase\u00bb css=\u00bb.vc_custom_1584089087679{margin-top: 0px !important;margin-bottom: 0px !important;}\u00bb][\/vc_column][\/vc_row][vc_row el_class=\u00bbmw965&#8243;][vc_column][vc_empty_space][vc_column_text]Espa\u00f1a se sit\u00faa como un mercado destacado en el mercado de <a href=\"https:\/\/goodnewenergy.enagas.es\/sostenibles\/que-es-el-gnl-y-por-que-es-la-unica-alternativa-real-para-el-transporte-maritimo\/\"><strong>gas natural licuado (GNL)<\/strong><\/a>. Gracias a su posici\u00f3n geogr\u00e1fica \u00fanica y a su relevancia como uno de los principales importadores de Europa, Espa\u00f1a est\u00e1 llamada a tener un protagonismo entre todos los comercializadores mundiales de GNL, incluido <a href=\"https:\/\/www.group.rwe\/en\"><strong>RWE Supply &amp; Trading. <\/strong><\/a>[\/vc_column_text][vc_empty_space][\/vc_column][\/vc_row][vc_row el_class=\u00bbmw965&#8243;][vc_column width=\u00bb2\/3&#8243;][vc_column_text]<strong>Javier Moret<\/strong>, <strong>Global Head of LNG<\/strong>, percibe oportunidades de crecimiento en un pa\u00eds que, en su opini\u00f3n, \u201ccuenta con infraestructuras de GNL bien distribuidas y eficientes\u201d, que le permiten posicionarse como un \u201chub\u201d no s\u00f3lo a nivel europeo, sino tambi\u00e9n mundial.<\/p>\n<p>El \u00e1rea en la que Moret percibe <strong>mayor capacidad de ampliar su operativa<\/strong> en Espa\u00f1a es la de las actividades log\u00edsticas ligadas a GNL, mediante una mayor descarga y suministro a otras comercializadoras. En Espa\u00f1a, RWE Supply &amp; Trading ha realizado entregas en distintas plantas del Sistema gasista.[\/vc_column_text][vc_column_text]RWE Supply &amp; Trading es la unidad de trading del Grupo RWE, <strong>uno de los l\u00edderes mundiales en energ\u00edas renovables<\/strong>. RWE tiene una capacidad de 10 gigawatios de base renovable. Para finales de 2022, la compa\u00f1\u00eda prev\u00e9 <strong>incrementar el portfolio de renovables<\/strong> en hasta 13 gigavatios de capacidad neta. El grupo RWE ha establecido como objetivos basados en la ciencia (SBTi), la descarbonizaci\u00f3n sus operaciones hasta <strong>alcanzar la neutralidad en carbono en 2040.<\/strong>[\/vc_column_text][\/vc_column][vc_column width=\u00bb1\/3&#8243;][vc_single_image image=\u00bb6479&#8243; img_size=\u00bbfull\u00bb add_caption=\u00bbyes\u00bb alignment=\u00bbcenter\u00bb onclick=\u00bblink_image\u00bb][\/vc_column][\/vc_row][vc_row el_class=\u00bbmw965&#8243;][vc_column][vc_empty_space][vc_column_text]La actividad de trading de GNL de RWE Supply &amp; Trading continua creciendo. <strong>\u201cDesde el a\u00f1o 2012, hemos ido creciendo e incrementando cuota de mercado.<\/strong> En 2020, comercializamos 20 millones de toneladas de GNL a nivel mundial y nuestras expectativas son positivas\u201d, apunta Moret. Este impulso al desarrollo de GNL se realiza tanto en Europa como en Asia, donde RWE Supply &amp; Trading tiene sedes en las principales capitales del continente. \u201cEl objetivo de estas oficinas es ofrecer un servicio multicomodity a los clientes\u201d, recalca.[\/vc_column_text][vc_custom_heading text=\u00bb\u201cEspa\u00f1a cuenta con infraestructuras de GNL bien distribuidas y eficientes que le permiten posicionarse como un hub no solo a nivel europeo, sino tambi\u00e9n mundial\u201d\u00bb font_container=\u00bbtag:h3|font_size:28px|text_align:center|color:%2363676b|line_height:34px\u00bb google_fonts=\u00bbfont_family:PT%20Serif%3Aregular%2Citalic%2C700%2C700italic|font_style:700%20bold%20italic%3A700%3Aitalic\u00bb css=\u00bb.vc_custom_1613401161161{margin-top: 40px !important;}\u00bb el_class=\u00bblowercase pl120 f30&#8243;][vc_column_text]Pese al actual contexto sanitario, debido a la pandemia por la COVID-19, Moret pronostica que <strong>el mercado de GNL mundial va a seguir ofreciendo<\/strong> <strong>buenas perspectivas<\/strong>. \u201cLa demanda ha sido muy resiliente y creemos que va a continuar as\u00ed\u201d. El principal motivo son las necesidades en los pa\u00edses asi\u00e1ticos, donde el gas natural est\u00e1 remplazando a otros combustibles.[\/vc_column_text][vc_column_text]En el caso de RWE Supply &amp; Trading, el grupo va a mantener la expansi\u00f3n del GNL y particularmente en aquellas esferas en las que ofrece ventajas para la reducci\u00f3n de emisiones, como el <strong>Small Scale<\/strong> y el <strong>Bio-GNL.<\/strong>[\/vc_column_text][vc_column_text]Moret se\u00f1ala que el gas, y en particular el GNL, deben contribuir a la descarbonizaci\u00f3n. \u201cSon un <strong>combustible importante en la<\/strong> <strong>transici\u00f3n energ\u00e9tica<\/strong> hasta que haya otras fuentes ampliamente disponibles como el hidr\u00f3geno verde\u201d.[\/vc_column_text][vc_column_text]En este sentido, Moret subraya la importancia que va a tener el <strong>hidr\u00f3geno verde<\/strong> en la descarbonizaci\u00f3n del transporte y la industria. Fruto del compromiso del grupo con esta fuente de energ\u00eda es su adhesi\u00f3n a la asociaci\u00f3n <strong>European Clean Hydrogen Alliance<\/strong> (ECH2A) y los distintos proyectos que RWE est\u00e1 desarrollando, los cuales se pueden <strong>consultar <a href=\"https:\/\/www.group.rwe\/en\/our-portfolio\/innovation-and-technology\/hydrogen\">aqu\u00ed<\/a>.<\/strong>[\/vc_column_text][vc_custom_heading text=\u00bbEspa\u00f1a, bien situada para ser un hub de \u201chidr\u00f3geno\u201d\u00bb font_container=\u00bbtag:h2|font_size:20px|text_align:left|color:%230069a0&#8243; el_class=\u00bbverdana\u00bb][vc_column_text]Moret destaca el papel facilitador que las infraestructuras existentes de gas natural y GNL pueden tener en el desarrollo de algunos de los proyectos de hidr\u00f3geno verde. En este sentido, cita el proyecto junto con <strong>German LNG<\/strong> del puerto Brunsb\u00fcttel (en el \u00e1rea de Hamburgo), donde se est\u00e1 estudiando la posibilidad de <strong>importar hidr\u00f3geno verde a trav\u00e9s de un proyecto de terminal de GNL<\/strong>. El responsable de GNL de RWE considera que <strong>Espa\u00f1a<\/strong> tambi\u00e9n est\u00e1 bien posicionada para ser un <a href=\"https:\/\/goodnewenergy.enagas.es\/innovadores\/espana-dispuesta-a-crear-un-proyecto-de-pais-alrededor-del-hidrogeno-verde\/\"><strong>actor relevante en este \u00e1mbito<\/strong><\/a> por su elevada capacidad de producci\u00f3n de energ\u00edas renovables y la disponibilidad de espacio, caracter\u00edsticas a las que se suman unas infraestructuras gasistas que pueden aprovecharse y una buena red de puertos.[\/vc_column_text][vc_empty_space][vc_column_text]<strong>Este reportaje ha sido posible gracias a Javier Moret, Global Head of LNG de RWE, y a la colaboraci\u00f3n de:<\/strong>[\/vc_column_text][vc_empty_space][\/vc_column][\/vc_row][vc_row el_class=\u00bbmw965&#8243;][vc_column width=\u00bb1\/3&#8243;][vc_single_image image=\u00bb6430&#8243; img_size=\u00bbmedium\u00bb add_caption=\u00bbyes\u00bb alignment=\u00bbcenter\u00bb onclick=\u00bblink_image\u00bb][\/vc_column][vc_column width=\u00bb1\/3&#8243;][vc_single_image image=\u00bb6429&#8243; img_size=\u00bbmedium\u00bb add_caption=\u00bbyes\u00bb alignment=\u00bbcenter\u00bb onclick=\u00bblink_image\u00bb][\/vc_column][vc_column width=\u00bb1\/3&#8243;][vc_single_image image=\u00bb6456&#8243; img_size=\u00bbmedium\u00bb add_caption=\u00bbyes\u00bb alignment=\u00bbcenter\u00bb onclick=\u00bblink_image\u00bb][\/vc_column][\/vc_row][vc_row el_class=\u00bbmw1230&#8243; css=\u00bb.vc_custom_1584093612893{padding-top: 40px !important;}\u00bb][vc_column]<div class=\"edgtf-news-holder edgtf-post-carousel5 edgtf-small-space\"  data-post-status=publish data-ignore-sticky-posts=1 data-posts-per-page=6 data-paged=1 data-max-num-pages=2 data-next-page=2 data-title-tag=h3 data-image-size=custom data-custom-image-width=370 data-custom-image-height=267 data-display-categories=yes data-display-excerpt=no data-display-date=no data-date-format=difference data-display-like=no data-display-comments=no data-display-share=no data-display-hot-trending-icons=no data-layout=edgtf_post_carousel5><div class=\"edgtf-news-list-inner edgtf-owl-slider\" data-number-of-items=\"4\"   data-slider-speed=\"4000\" data-slider-speed-animation=\"600\"   data-enable-auto-height=\"yes\"><div class=\"edgtf-news-item edgtf-layout1-item edgtf-item-space\" data-color=\"#9cb700\">\n\t<div class=\"edgtf-ni-image-holder\">\n\t\t\t<div class=\"edgtf-post-image\">\n\t\t<a itemprop=\"url\" href=\"https:\/\/revistaazulyverde.com\/ediciones\/43\/estrategia-2021-2026\/\" title=\"La descarbonizaci\u00f3n, un pilar del plan estrat\u00e9gico\">\n\t\t\t<img decoding=\"async\" data-src=\"https:\/\/revistaazulyverde.com\/ediciones\/43\/wp-content\/uploads\/sites\/5\/2021\/02\/Home_Headers_febrero2021_1_es_1920-1-e1614609783856-370x267.jpg\" alt=\"\" width=\"370\" height=\"267\" src=\"data:image\/gif;base64,R0lGODlhAQABAAAAACH5BAEKAAEALAAAAAABAAEAAAICTAEAOw==\" class=\"lazyload\" style=\"--smush-placeholder-width: 370px; --smush-placeholder-aspect-ratio: 370\/267;\" \/>\t\t<\/a>\n\t<\/div>\n        <div class=\"edgtf-ni-like-comments-share-holder\">\n                                            <\/div>\n\t<\/div>\n\t<div class=\"edgtf-ni-content\">\n\t\t<div class=\"edgtf-ni-info edgtf-ni-info-top\">\n            \t<div class=\"edgtf-post-info-category\">\n\t\t<a href=\"https:\/\/revistaazulyverde.com\/ediciones\/43\/category\/actualidad\/estrategia-2021-2026\/\" rel=\"category tag\">Estrategia 2021-2026<\/a>\t<\/div>\n\t\t<\/div>\n\t\t\n<h3 itemprop=\"name\" class=\"entry-title edgtf-post-title \" >\n<a itemprop=\"url\" href=\"https:\/\/revistaazulyverde.com\/ediciones\/43\/estrategia-2021-2026\/\" title=\"La descarbonizaci\u00f3n, un pilar del plan estrat\u00e9gico\">\n    La descarbonizaci\u00f3n, un pilar del plan estrat\u00e9gico<\/a>\n<\/h3>\t\t\t\t<div class=\"edgtf-ni-info edgtf-ni-info-bottom\">\n                        \t\t<\/div>\n\t<\/div>\n<\/div><div class=\"edgtf-news-item edgtf-layout1-item edgtf-item-space\" data-color=\"#9cb700\">\n\t<div class=\"edgtf-ni-image-holder\">\n\t\t\t<div class=\"edgtf-post-image\">\n\t\t<a itemprop=\"url\" href=\"https:\/\/revistaazulyverde.com\/ediciones\/43\/el-gas-natural-acelera-la-movilidad-sostenible\/\" title=\"El gas natural acelera la movilidad sostenible\">\n\t\t\t<img decoding=\"async\" data-src=\"https:\/\/revistaazulyverde.com\/ediciones\/43\/wp-content\/uploads\/sites\/5\/2020\/04\/shutterstock_1298297143-copia-1-e1613668745268-370x267.jpg\" alt=\"\" width=\"370\" height=\"267\" src=\"data:image\/gif;base64,R0lGODlhAQABAAAAACH5BAEKAAEALAAAAAABAAEAAAICTAEAOw==\" class=\"lazyload\" style=\"--smush-placeholder-width: 370px; --smush-placeholder-aspect-ratio: 370\/267;\" \/>\t\t<\/a>\n\t<\/div>\n        <div class=\"edgtf-ni-like-comments-share-holder\">\n                                            <\/div>\n\t<\/div>\n\t<div class=\"edgtf-ni-content\">\n\t\t<div class=\"edgtf-ni-info edgtf-ni-info-top\">\n            \t<div class=\"edgtf-post-info-category\">\n\t\t<a href=\"https:\/\/revistaazulyverde.com\/ediciones\/43\/category\/actualidad\/a-fondo\/\" rel=\"category tag\">A fondo<\/a>\t<\/div>\n\t\t<\/div>\n\t\t\n<h3 itemprop=\"name\" class=\"entry-title edgtf-post-title \" >\n<a itemprop=\"url\" href=\"https:\/\/revistaazulyverde.com\/ediciones\/43\/el-gas-natural-acelera-la-movilidad-sostenible\/\" title=\"El gas natural acelera la movilidad sostenible\">\n    El gas natural acelera la movilidad sostenible<\/a>\n<\/h3>\t\t\t\t<div class=\"edgtf-ni-info edgtf-ni-info-bottom\">\n                        \t\t<\/div>\n\t<\/div>\n<\/div><div class=\"edgtf-news-item edgtf-layout1-item edgtf-item-space\" data-color=\"#007aae\">\n\t<div class=\"edgtf-ni-image-holder\">\n\t\t\t<div class=\"edgtf-post-image\">\n\t\t<a itemprop=\"url\" href=\"https:\/\/revistaazulyverde.com\/ediciones\/43\/editorial-43\/\" title=\"Transformar el modelo para responder a los retos\">\n\t\t\t<img decoding=\"async\" data-src=\"https:\/\/revistaazulyverde.com\/ediciones\/43\/wp-content\/uploads\/sites\/5\/2020\/04\/Paisaje3-1-e1614679084484-370x267.jpg\" alt=\"\" width=\"370\" height=\"267\" src=\"data:image\/gif;base64,R0lGODlhAQABAAAAACH5BAEKAAEALAAAAAABAAEAAAICTAEAOw==\" class=\"lazyload\" style=\"--smush-placeholder-width: 370px; --smush-placeholder-aspect-ratio: 370\/267;\" \/>\t\t<\/a>\n\t<\/div>\n        <div class=\"edgtf-ni-like-comments-share-holder\">\n                                            <\/div>\n\t<\/div>\n\t<div class=\"edgtf-ni-content\">\n\t\t<div class=\"edgtf-ni-info edgtf-ni-info-top\">\n            \t<div class=\"edgtf-post-info-category\">\n\t\t<a href=\"https:\/\/revistaazulyverde.com\/ediciones\/43\/category\/editorial\/\" rel=\"category tag\">Editorial<\/a>\t<\/div>\n\t\t<\/div>\n\t\t\n<h3 itemprop=\"name\" class=\"entry-title edgtf-post-title \" >\n<a itemprop=\"url\" href=\"https:\/\/revistaazulyverde.com\/ediciones\/43\/editorial-43\/\" title=\"Transformar el modelo para responder a los retos\">\n    Transformar el modelo para responder a los retos<\/a>\n<\/h3>\t\t\t\t<div class=\"edgtf-ni-info edgtf-ni-info-bottom\">\n                        \t\t<\/div>\n\t<\/div>\n<\/div><div class=\"edgtf-news-item edgtf-layout1-item edgtf-item-space\" data-color=\"#ffb81c\">\n\t<div class=\"edgtf-ni-image-holder\">\n\t\t\t<div class=\"edgtf-post-image\">\n\t\t<a itemprop=\"url\" href=\"https:\/\/revistaazulyverde.com\/ediciones\/43\/la-segunda-vida-de-los-muebles-ines-melchor\/\" title=\"La segunda vida de los muebles restaurados por In\u00e9s Melchor\">\n\t\t\t<img decoding=\"async\" data-src=\"https:\/\/revistaazulyverde.com\/ediciones\/43\/wp-content\/uploads\/sites\/5\/2020\/03\/001_Sa?nchez20Melchor-Huete_Ine?s_G_20Desarrollo_2018_m-copia-2-370x267.jpg\" alt=\"\" width=\"370\" height=\"267\" src=\"data:image\/gif;base64,R0lGODlhAQABAAAAACH5BAEKAAEALAAAAAABAAEAAAICTAEAOw==\" class=\"lazyload\" style=\"--smush-placeholder-width: 370px; --smush-placeholder-aspect-ratio: 370\/267;\" \/>\t\t<\/a>\n\t<\/div>\n        <div class=\"edgtf-ni-like-comments-share-holder\">\n                                            <\/div>\n\t<\/div>\n\t<div class=\"edgtf-ni-content\">\n\t\t<div class=\"edgtf-ni-info edgtf-ni-info-top\">\n            \t<div class=\"edgtf-post-info-category\">\n\t\t<a href=\"https:\/\/revistaazulyverde.com\/ediciones\/43\/category\/equipo-enagas\/mas-alla-de-enagas\/\" rel=\"category tag\">M\u00e1s all\u00e1 de Enag\u00e1s<\/a>\t<\/div>\n\t\t<\/div>\n\t\t\n<h3 itemprop=\"name\" class=\"entry-title edgtf-post-title \" >\n<a itemprop=\"url\" href=\"https:\/\/revistaazulyverde.com\/ediciones\/43\/la-segunda-vida-de-los-muebles-ines-melchor\/\" title=\"La segunda vida de los muebles restaurados por In\u00e9s Melchor\">\n    La segunda vida de los muebles restaurados por In\u00e9s Melchor<\/a>\n<\/h3>\t\t\t\t<div class=\"edgtf-ni-info edgtf-ni-info-bottom\">\n                        \t\t<\/div>\n\t<\/div>\n<\/div><div class=\"edgtf-news-item edgtf-layout1-item edgtf-item-space\" data-color=\"#ffb81c\">\n\t<div class=\"edgtf-ni-image-holder\">\n\t\t\t<div class=\"edgtf-post-image\">\n\t\t<a itemprop=\"url\" href=\"https:\/\/revistaazulyverde.com\/ediciones\/43\/enagas-escucha-profesionales\/\" title=\"Enag\u00e1s, abanderada de la desconexi\u00f3n digital\">\n\t\t\t<img decoding=\"async\" data-src=\"https:\/\/revistaazulyverde.com\/ediciones\/43\/wp-content\/uploads\/sites\/5\/2020\/03\/DePersonaPersona1920-1-e1613670242715-370x267.jpg\" alt=\"\" width=\"370\" height=\"267\" src=\"data:image\/gif;base64,R0lGODlhAQABAAAAACH5BAEKAAEALAAAAAABAAEAAAICTAEAOw==\" class=\"lazyload\" style=\"--smush-placeholder-width: 370px; --smush-placeholder-aspect-ratio: 370\/267;\" \/>\t\t<\/a>\n\t<\/div>\n        <div class=\"edgtf-ni-like-comments-share-holder\">\n                                            <\/div>\n\t<\/div>\n\t<div class=\"edgtf-ni-content\">\n\t\t<div class=\"edgtf-ni-info edgtf-ni-info-top\">\n            \t<div class=\"edgtf-post-info-category\">\n\t\t<a href=\"https:\/\/revistaazulyverde.com\/ediciones\/43\/category\/equipo-enagas\/de-persona-a-persona\/\" rel=\"category tag\">De persona a persona<\/a>\t<\/div>\n\t\t<\/div>\n\t\t\n<h3 itemprop=\"name\" class=\"entry-title edgtf-post-title \" >\n<a itemprop=\"url\" href=\"https:\/\/revistaazulyverde.com\/ediciones\/43\/enagas-escucha-profesionales\/\" title=\"Enag\u00e1s, abanderada de la desconexi\u00f3n digital\">\n    Enag\u00e1s, abanderada de la desconexi\u00f3n digital<\/a>\n<\/h3>\t\t\t\t<div class=\"edgtf-ni-info edgtf-ni-info-bottom\">\n                        \t\t<\/div>\n\t<\/div>\n<\/div><div class=\"edgtf-news-item edgtf-layout1-item edgtf-item-space\" data-color=\"#007aae\">\n\t<div class=\"edgtf-ni-image-holder\">\n\t\t\t<div class=\"edgtf-post-image\">\n\t\t<a itemprop=\"url\" href=\"https:\/\/revistaazulyverde.com\/ediciones\/43\/ingenia-energy-challenge-premia-soluciones-modelo-descarbonizado\/\" title=\"Soluciones para impulsar un nuevo modelo energ\u00e9tico descarbonizado\">\n\t\t\t<img decoding=\"async\" data-src=\"https:\/\/revistaazulyverde.com\/ediciones\/43\/wp-content\/uploads\/sites\/5\/2020\/03\/ingenia-square-370x267.png\" alt=\"\" width=\"370\" height=\"267\" src=\"data:image\/gif;base64,R0lGODlhAQABAAAAACH5BAEKAAEALAAAAAABAAEAAAICTAEAOw==\" class=\"lazyload\" style=\"--smush-placeholder-width: 370px; --smush-placeholder-aspect-ratio: 370\/267;\" \/>\t\t<\/a>\n\t<\/div>\n        <div class=\"edgtf-ni-like-comments-share-holder\">\n                                            <\/div>\n\t<\/div>\n\t<div class=\"edgtf-ni-content\">\n\t\t<div class=\"edgtf-ni-info edgtf-ni-info-top\">\n            \t<div class=\"edgtf-post-info-category\">\n\t\t<a href=\"https:\/\/revistaazulyverde.com\/ediciones\/43\/category\/nuestra-actividad\/adn-enagas-startups\/\" rel=\"category tag\">ADN startup<\/a>\t<\/div>\n\t\t<\/div>\n\t\t\n<h3 itemprop=\"name\" class=\"entry-title edgtf-post-title \" >\n<a itemprop=\"url\" href=\"https:\/\/revistaazulyverde.com\/ediciones\/43\/ingenia-energy-challenge-premia-soluciones-modelo-descarbonizado\/\" title=\"Soluciones para impulsar un nuevo modelo energ\u00e9tico descarbonizado\">\n    Soluciones para impulsar un nuevo modelo energ\u00e9tico descarbonizado<\/a>\n<\/h3>\t\t\t\t<div class=\"edgtf-ni-info edgtf-ni-info-bottom\">\n                        \t\t<\/div>\n\t<\/div>\n<\/div><\/div><\/div>[\/vc_column][\/vc_row]<\/p>\n<\/div>","protected":false},"excerpt":{"rendered":"<p>[vc_row full_width=\u00bbstretch_row_content\u00bb el_class=\u00bbvisible\u00bb el_id=\u00bbheader-post\u00bb][vc_column][vc_column_text el_class=\u00bbamarillo\u00bb] [\/vc_column_text][vc_custom_heading source=\u00bbpost_title\u00bb font_container=\u00bbtag:h1|font_size:80px|text_align:center|color:%23ffffff\u00bb google_fonts=\u00bbfont_family:PT%20Serif%3Aregular%2Citalic%2C700%2C700italic|font_style:700%20bold%20italic%3A700%3Aitalic\u00bb el_class=\u00bblowercase\u00bb css=\u00bb.vc_custom_1584089087679{margin-top: 0px !important;margin-bottom: 0px !important;}\u00bb][\/vc_column][\/vc_row][vc_row el_class=\u00bbmw965&#8243;][vc_column][vc_empty_space][vc_column_text]Espa\u00f1a se sit\u00faa como un mercado destacado en el mercado de gas natural licuado (GNL). Gracias a su posici\u00f3n geogr\u00e1fica \u00fanica y a su relevancia [&hellip;]<\/p>\n","protected":false},"author":1,"featured_media":6629,"comment_status":"open","ping_status":"open","sticky":false,"template":"","format":"standard","meta":{"_acf_changed":false,"footnotes":""},"categories":[62],"tags":[],"class_list":["post-4733","post","type-post","status-publish","format-standard","has-post-thumbnail","hentry","category-clientes-con-alma"],"acf":[],"yoast_head":"<!-- This site is optimized with the Yoast SEO plugin v24.9 - https:\/\/yoast.com\/wordpress\/plugins\/seo\/ -->\n<title>Espa\u00f1a, clave en el mercado de GNL, seg\u00fan RWE Supply &amp; Trading - Revista Azul y Verde n\u00ba 43<\/title>\n<meta name=\"robots\" content=\"noindex, follow, max-snippet:-1, max-image-preview:large, max-video-preview:-1\" \/>\n<meta property=\"og:locale\" content=\"es_ES\" \/>\n<meta property=\"og:type\" content=\"article\" \/>\n<meta property=\"og:title\" content=\"Espa\u00f1a, clave en el mercado de GNL, seg\u00fan RWE Supply &amp; Trading\" \/>\n<meta property=\"og:description\" content=\"[vc_row full_width=\u00bbstretch_row_content\u00bb el_class=\u00bbvisible\u00bb el_id=\u00bbheader-post\u00bb][vc_column][vc_column_text el_class=\u00bbamarillo\u00bb] [\/vc_column_text][vc_custom_heading source=\u00bbpost_title\u00bb font_container=\u00bbtag:h1|font_size:80px|text_align:center|color:%23ffffff\u00bb google_fonts=\u00bbfont_family:PT%20Serif%3Aregular%2Citalic%2C700%2C700italic|font_style:700%20bold%20italic%3A700%3Aitalic\u00bb el_class=\u00bblowercase\u00bb css=\u00bb.vc_custom_1584089087679{margin-top: 0px !important;margin-bottom: 0px !important;}\u00bb][\/vc_column][\/vc_row][vc_row el_class=\u00bbmw965&#8243;][vc_column][vc_empty_space][vc_column_text]Espa\u00f1a se sit\u00faa como un mercado destacado en el mercado de gas natural licuado (GNL). Gracias a su posici\u00f3n geogr\u00e1fica \u00fanica y a su relevancia [&hellip;]\" \/>\n<meta property=\"og:url\" content=\"https:\/\/revistaazulyverde.com\/ediciones\/43\/espana-clave-mercado-gnl\/\" \/>\n<meta property=\"og:site_name\" content=\"Revista Azul y Verde n\u00ba 43\" \/>\n<meta property=\"article:published_time\" content=\"2020-03-10T15:19:35+00:00\" \/>\n<meta property=\"article:modified_time\" content=\"2021-03-09T10:14:03+00:00\" \/>\n<meta property=\"og:image\" content=\"https:\/\/revistaazulyverde.com\/ediciones\/43\/wp-content\/uploads\/sites\/5\/2020\/03\/025_Sede_planta-Barcelona_2019-copia.jpg\" \/>\n\t<meta property=\"og:image:width\" content=\"1920\" \/>\n\t<meta property=\"og:image:height\" content=\"890\" \/>\n\t<meta property=\"og:image:type\" content=\"image\/jpeg\" \/>\n<meta name=\"author\" content=\"labsgrup_david\" \/>\n<meta name=\"twitter:card\" content=\"summary_large_image\" \/>\n<meta name=\"twitter:title\" content=\"Espa\u00f1a, clave en el mercado de GNL, seg\u00fan RWE Supply &amp; Trading\" \/>\n<meta name=\"twitter:image\" content=\"https:\/\/revistaazulyverde.com\/ediciones\/43\/wp-content\/uploads\/sites\/5\/2020\/03\/025_Sede_planta-Barcelona_2019-copia.jpg\" \/>\n<meta name=\"twitter:label1\" content=\"Escrito por\" \/>\n\t<meta name=\"twitter:data1\" content=\"labsgrup_david\" \/>\n\t<meta name=\"twitter:label2\" content=\"Tiempo de lectura\" \/>\n\t<meta name=\"twitter:data2\" content=\"4 minutos\" \/>\n<script type=\"application\/ld+json\" class=\"yoast-schema-graph\">{\"@context\":\"https:\/\/schema.org\",\"@graph\":[{\"@type\":\"WebPage\",\"@id\":\"https:\/\/revistaazulyverde.com\/ediciones\/43\/espana-clave-mercado-gnl\/\",\"url\":\"https:\/\/revistaazulyverde.com\/ediciones\/43\/espana-clave-mercado-gnl\/\",\"name\":\"Espa\u00f1a, clave en el mercado de GNL, seg\u00fan RWE Supply &amp; Trading - Revista Azul y Verde n\u00ba 43\",\"isPartOf\":{\"@id\":\"https:\/\/revistaazulyverde.com\/ediciones\/43\/#website\"},\"primaryImageOfPage\":{\"@id\":\"https:\/\/revistaazulyverde.com\/ediciones\/43\/espana-clave-mercado-gnl\/#primaryimage\"},\"image\":{\"@id\":\"https:\/\/revistaazulyverde.com\/ediciones\/43\/espana-clave-mercado-gnl\/#primaryimage\"},\"thumbnailUrl\":\"https:\/\/revistaazulyverde.com\/ediciones\/43\/wp-content\/uploads\/sites\/5\/2020\/03\/025_Sede_planta-Barcelona_2019-e1614787612840.jpg\",\"datePublished\":\"2020-03-10T15:19:35+00:00\",\"dateModified\":\"2021-03-09T10:14:03+00:00\",\"author\":{\"@id\":\"https:\/\/revistaazulyverde.com\/ediciones\/43\/#\/schema\/person\/74598fcf6aa3967744b6de5182a76d51\"},\"breadcrumb\":{\"@id\":\"https:\/\/revistaazulyverde.com\/ediciones\/43\/espana-clave-mercado-gnl\/#breadcrumb\"},\"inLanguage\":\"es\",\"potentialAction\":[{\"@type\":\"ReadAction\",\"target\":[\"https:\/\/revistaazulyverde.com\/ediciones\/43\/espana-clave-mercado-gnl\/\"]}]},{\"@type\":\"ImageObject\",\"inLanguage\":\"es\",\"@id\":\"https:\/\/revistaazulyverde.com\/ediciones\/43\/espana-clave-mercado-gnl\/#primaryimage\",\"url\":\"https:\/\/revistaazulyverde.com\/ediciones\/43\/wp-content\/uploads\/sites\/5\/2020\/03\/025_Sede_planta-Barcelona_2019-e1614787612840.jpg\",\"contentUrl\":\"https:\/\/revistaazulyverde.com\/ediciones\/43\/wp-content\/uploads\/sites\/5\/2020\/03\/025_Sede_planta-Barcelona_2019-e1614787612840.jpg\",\"width\":888,\"height\":888},{\"@type\":\"BreadcrumbList\",\"@id\":\"https:\/\/revistaazulyverde.com\/ediciones\/43\/espana-clave-mercado-gnl\/#breadcrumb\",\"itemListElement\":[{\"@type\":\"ListItem\",\"position\":1,\"name\":\"Portada\",\"item\":\"https:\/\/revistaazulyverde.com\/ediciones\/43\/\"},{\"@type\":\"ListItem\",\"position\":2,\"name\":\"Espa\u00f1a, clave en el mercado de GNL, seg\u00fan RWE Supply &amp; Trading\"}]},{\"@type\":\"WebSite\",\"@id\":\"https:\/\/revistaazulyverde.com\/ediciones\/43\/#website\",\"url\":\"https:\/\/revistaazulyverde.com\/ediciones\/43\/\",\"name\":\"Revista Azul y Verde n\u00ba 43\",\"description\":\"\",\"potentialAction\":[{\"@type\":\"SearchAction\",\"target\":{\"@type\":\"EntryPoint\",\"urlTemplate\":\"https:\/\/revistaazulyverde.com\/ediciones\/43\/?s={search_term_string}\"},\"query-input\":{\"@type\":\"PropertyValueSpecification\",\"valueRequired\":true,\"valueName\":\"search_term_string\"}}],\"inLanguage\":\"es\"},{\"@type\":\"Person\",\"@id\":\"https:\/\/revistaazulyverde.com\/ediciones\/43\/#\/schema\/person\/74598fcf6aa3967744b6de5182a76d51\",\"name\":\"labsgrup_david\",\"image\":{\"@type\":\"ImageObject\",\"inLanguage\":\"es\",\"@id\":\"https:\/\/revistaazulyverde.com\/ediciones\/43\/#\/schema\/person\/image\/\",\"url\":\"https:\/\/secure.gravatar.com\/avatar\/62084aa808bed3aa09d30a1491f370f354141a4cce95d43e329375d88b688338?s=96&d=mm&r=g\",\"contentUrl\":\"https:\/\/secure.gravatar.com\/avatar\/62084aa808bed3aa09d30a1491f370f354141a4cce95d43e329375d88b688338?s=96&d=mm&r=g\",\"caption\":\"labsgrup_david\"},\"url\":\"https:\/\/revistaazulyverde.com\/ediciones\/43\/author\/labsgrup_david\/\"}]}<\/script>\n<!-- \/ Yoast SEO plugin. -->","yoast_head_json":{"title":"Espa\u00f1a, clave en el mercado de GNL, seg\u00fan RWE Supply &amp; Trading - Revista Azul y Verde n\u00ba 43","robots":{"index":"noindex","follow":"follow","max-snippet":"max-snippet:-1","max-image-preview":"max-image-preview:large","max-video-preview":"max-video-preview:-1"},"og_locale":"es_ES","og_type":"article","og_title":"Espa\u00f1a, clave en el mercado de GNL, seg\u00fan RWE Supply & Trading","og_description":"[vc_row full_width=\u00bbstretch_row_content\u00bb el_class=\u00bbvisible\u00bb el_id=\u00bbheader-post\u00bb][vc_column][vc_column_text el_class=\u00bbamarillo\u00bb] [\/vc_column_text][vc_custom_heading source=\u00bbpost_title\u00bb font_container=\u00bbtag:h1|font_size:80px|text_align:center|color:%23ffffff\u00bb google_fonts=\u00bbfont_family:PT%20Serif%3Aregular%2Citalic%2C700%2C700italic|font_style:700%20bold%20italic%3A700%3Aitalic\u00bb el_class=\u00bblowercase\u00bb css=\u00bb.vc_custom_1584089087679{margin-top: 0px !important;margin-bottom: 0px !important;}\u00bb][\/vc_column][\/vc_row][vc_row el_class=\u00bbmw965&#8243;][vc_column][vc_empty_space][vc_column_text]Espa\u00f1a se sit\u00faa como un mercado destacado en el mercado de gas natural licuado (GNL). Gracias a su posici\u00f3n geogr\u00e1fica \u00fanica y a su relevancia [&hellip;]","og_url":"https:\/\/revistaazulyverde.com\/ediciones\/43\/espana-clave-mercado-gnl\/","og_site_name":"Revista Azul y Verde n\u00ba 43","article_published_time":"2020-03-10T15:19:35+00:00","article_modified_time":"2021-03-09T10:14:03+00:00","og_image":[{"width":1920,"height":890,"url":"https:\/\/revistaazulyverde.com\/ediciones\/43\/wp-content\/uploads\/sites\/5\/2020\/03\/025_Sede_planta-Barcelona_2019-copia.jpg","type":"image\/jpeg"}],"author":"labsgrup_david","twitter_card":"summary_large_image","twitter_title":"Espa\u00f1a, clave en el mercado de GNL, seg\u00fan RWE Supply & Trading","twitter_image":"https:\/\/revistaazulyverde.com\/ediciones\/43\/wp-content\/uploads\/sites\/5\/2020\/03\/025_Sede_planta-Barcelona_2019-copia.jpg","twitter_misc":{"Escrito por":"labsgrup_david","Tiempo de lectura":"4 minutos"},"schema":{"@context":"https:\/\/schema.org","@graph":[{"@type":"WebPage","@id":"https:\/\/revistaazulyverde.com\/ediciones\/43\/espana-clave-mercado-gnl\/","url":"https:\/\/revistaazulyverde.com\/ediciones\/43\/espana-clave-mercado-gnl\/","name":"Espa\u00f1a, clave en el mercado de GNL, seg\u00fan RWE Supply &amp; Trading - Revista Azul y Verde n\u00ba 43","isPartOf":{"@id":"https:\/\/revistaazulyverde.com\/ediciones\/43\/#website"},"primaryImageOfPage":{"@id":"https:\/\/revistaazulyverde.com\/ediciones\/43\/espana-clave-mercado-gnl\/#primaryimage"},"image":{"@id":"https:\/\/revistaazulyverde.com\/ediciones\/43\/espana-clave-mercado-gnl\/#primaryimage"},"thumbnailUrl":"https:\/\/revistaazulyverde.com\/ediciones\/43\/wp-content\/uploads\/sites\/5\/2020\/03\/025_Sede_planta-Barcelona_2019-e1614787612840.jpg","datePublished":"2020-03-10T15:19:35+00:00","dateModified":"2021-03-09T10:14:03+00:00","author":{"@id":"https:\/\/revistaazulyverde.com\/ediciones\/43\/#\/schema\/person\/74598fcf6aa3967744b6de5182a76d51"},"breadcrumb":{"@id":"https:\/\/revistaazulyverde.com\/ediciones\/43\/espana-clave-mercado-gnl\/#breadcrumb"},"inLanguage":"es","potentialAction":[{"@type":"ReadAction","target":["https:\/\/revistaazulyverde.com\/ediciones\/43\/espana-clave-mercado-gnl\/"]}]},{"@type":"ImageObject","inLanguage":"es","@id":"https:\/\/revistaazulyverde.com\/ediciones\/43\/espana-clave-mercado-gnl\/#primaryimage","url":"https:\/\/revistaazulyverde.com\/ediciones\/43\/wp-content\/uploads\/sites\/5\/2020\/03\/025_Sede_planta-Barcelona_2019-e1614787612840.jpg","contentUrl":"https:\/\/revistaazulyverde.com\/ediciones\/43\/wp-content\/uploads\/sites\/5\/2020\/03\/025_Sede_planta-Barcelona_2019-e1614787612840.jpg","width":888,"height":888},{"@type":"BreadcrumbList","@id":"https:\/\/revistaazulyverde.com\/ediciones\/43\/espana-clave-mercado-gnl\/#breadcrumb","itemListElement":[{"@type":"ListItem","position":1,"name":"Portada","item":"https:\/\/revistaazulyverde.com\/ediciones\/43\/"},{"@type":"ListItem","position":2,"name":"Espa\u00f1a, clave en el mercado de GNL, seg\u00fan RWE Supply &amp; Trading"}]},{"@type":"WebSite","@id":"https:\/\/revistaazulyverde.com\/ediciones\/43\/#website","url":"https:\/\/revistaazulyverde.com\/ediciones\/43\/","name":"Revista Azul y Verde n\u00ba 43","description":"","potentialAction":[{"@type":"SearchAction","target":{"@type":"EntryPoint","urlTemplate":"https:\/\/revistaazulyverde.com\/ediciones\/43\/?s={search_term_string}"},"query-input":{"@type":"PropertyValueSpecification","valueRequired":true,"valueName":"search_term_string"}}],"inLanguage":"es"},{"@type":"Person","@id":"https:\/\/revistaazulyverde.com\/ediciones\/43\/#\/schema\/person\/74598fcf6aa3967744b6de5182a76d51","name":"labsgrup_david","image":{"@type":"ImageObject","inLanguage":"es","@id":"https:\/\/revistaazulyverde.com\/ediciones\/43\/#\/schema\/person\/image\/","url":"https:\/\/secure.gravatar.com\/avatar\/62084aa808bed3aa09d30a1491f370f354141a4cce95d43e329375d88b688338?s=96&d=mm&r=g","contentUrl":"https:\/\/secure.gravatar.com\/avatar\/62084aa808bed3aa09d30a1491f370f354141a4cce95d43e329375d88b688338?s=96&d=mm&r=g","caption":"labsgrup_david"},"url":"https:\/\/revistaazulyverde.com\/ediciones\/43\/author\/labsgrup_david\/"}]}},"_links":{"self":[{"href":"https:\/\/revistaazulyverde.com\/ediciones\/43\/wp-json\/wp\/v2\/posts\/4733","targetHints":{"allow":["GET"]}}],"collection":[{"href":"https:\/\/revistaazulyverde.com\/ediciones\/43\/wp-json\/wp\/v2\/posts"}],"about":[{"href":"https:\/\/revistaazulyverde.com\/ediciones\/43\/wp-json\/wp\/v2\/types\/post"}],"author":[{"embeddable":true,"href":"https:\/\/revistaazulyverde.com\/ediciones\/43\/wp-json\/wp\/v2\/users\/1"}],"replies":[{"embeddable":true,"href":"https:\/\/revistaazulyverde.com\/ediciones\/43\/wp-json\/wp\/v2\/comments?post=4733"}],"version-history":[{"count":54,"href":"https:\/\/revistaazulyverde.com\/ediciones\/43\/wp-json\/wp\/v2\/posts\/4733\/revisions"}],"predecessor-version":[{"id":6695,"href":"https:\/\/revistaazulyverde.com\/ediciones\/43\/wp-json\/wp\/v2\/posts\/4733\/revisions\/6695"}],"wp:featuredmedia":[{"embeddable":true,"href":"https:\/\/revistaazulyverde.com\/ediciones\/43\/wp-json\/wp\/v2\/media\/6629"}],"wp:attachment":[{"href":"https:\/\/revistaazulyverde.com\/ediciones\/43\/wp-json\/wp\/v2\/media?parent=4733"}],"wp:term":[{"taxonomy":"category","embeddable":true,"href":"https:\/\/revistaazulyverde.com\/ediciones\/43\/wp-json\/wp\/v2\/categories?post=4733"},{"taxonomy":"post_tag","embeddable":true,"href":"https:\/\/revistaazulyverde.com\/ediciones\/43\/wp-json\/wp\/v2\/tags?post=4733"}],"curies":[{"name":"wp","href":"https:\/\/api.w.org\/{rel}","templated":true}]}}