{"id":4701,"date":"2020-03-10T13:42:32","date_gmt":"2020-03-10T13:42:32","guid":{"rendered":"https:\/\/revistaazulyverde.com\/ediciones\/40\/?p=4701"},"modified":"2020-05-04T07:33:44","modified_gmt":"2020-05-04T07:33:44","slug":"gerencia-gestion-analisis-mantenimiento","status":"publish","type":"post","link":"https:\/\/revistaazulyverde.com\/ediciones\/40\/gerencia-gestion-analisis-mantenimiento\/","title":{"rendered":"Gerencia de gesti\u00f3n y an\u00e1lisis del mantenimiento"},"content":{"rendered":"<div class=\"wpb-content-wrapper\"><p>[vc_row full_width=\u00bbstretch_row_content\u00bb el_class=\u00bbvisible\u00bb el_id=\u00bbheader-post\u00bb][vc_column][vc_column_text el_class=\u00bbamarillo\u00bb]<div class=\"bg-post\" style=\"background-image: url(https:\/\/revistaazulyverde.com\/ediciones\/40\/wp-content\/uploads\/sites\/2\/2020\/03\/que-hacemos-en-cabecera.jpg)\"><\/div><br \/>\n<div class=\"categoria\" data-color=\"#ffb81c\" style=\"background-color: #ffb81c\"><span class=\"parent\">Equipo Enag\u00e1s<\/span><span class=\"cat\">\u00bfQu\u00e9 hacemos en...?<\/span><\/div>[\/vc_column_text][vc_custom_heading source=\u00bbpost_title\u00bb font_container=\u00bbtag:h1|font_size:80px|text_align:center|color:%23ffffff\u00bb google_fonts=\u00bbfont_family:PT%20Serif%3Aregular%2Citalic%2C700%2C700italic|font_style:700%20bold%20italic%3A700%3Aitalic\u00bb el_class=\u00bblowercase\u00bb css=\u00bb.vc_custom_1584089087679{margin-top: 0px !important;margin-bottom: 0px !important;}\u00bb][\/vc_column][\/vc_row][vc_row el_class=\u00bbmw965&#8243; css=\u00bb.vc_custom_1584089378705{padding-top: 40px !important;}\u00bb][vc_column][vc_custom_heading text=\u00bbVelar por los procesos que conforman<br \/>\nel modelo de gesti\u00f3n de mantenimiento\u00bb font_container=\u00bbtag:h2|font_size:20px|text_align:left|color:%23fdb71c\u00bb el_class=\u00bbverdana\u00bb][vc_column_text]La Gerencia de gesti\u00f3n y an\u00e1lisis del mantenimiento es una de las \u00e1reas clave de Enag\u00e1s en su misi\u00f3n de dar soporte con metodolog\u00edas y tecnolog\u00edas que ayuden a asegurar una correcta gesti\u00f3n de la operaci\u00f3n y mantenimiento de todas las infraestructuras.<\/p>\n<p><strong>Javier Serra<\/strong>, gerente de Gesti\u00f3n y An\u00e1lisis del Mantenimiento, <strong>Carlos Poggio<\/strong>, y <strong>Jos\u00e9 \u00c1ngel Molina<\/strong>, coordinadores de Gesti\u00f3n y An\u00e1lisis del Mantenimiento comparten los retos a los que se enfrentan en su labor diaria de gesti\u00f3n, con el foco puesto en asegurar que todo el proceso se lleva a cabo con la m\u00e1xima eficacia y eficiencia, rasgos que hacen de Enag\u00e1s un referente en el sector energ\u00e9tico y gasista. Para garantizar el \u00e9xito de sus funciones, cuentan con la tecnolog\u00eda como principal aliado y con el m\u00e1s que firme compromiso de los profesionales no s\u00f3lo de su departamento, sino del resto de \u00e1reas vinculadas.[\/vc_column_text][vc_empty_space height=\u00bb30px\u00bb][vc_column_text]<span style=\"color: #fdb71c;font-size: 24px;font-family: pt-serif\"><strong>\u00bfCu\u00e1l es la principal responsabilidad de esta \u00e1rea? <\/strong><\/span><\/p>\n<p><strong>Javier Serra<\/strong>. La Gerencia es una unidad transversal que ofrece soporte a diferentes \u00e1reas de Enag\u00e1s, fundamentalmente, a los compa\u00f1eros de infraestructuras. Nuestra misi\u00f3n principal es velar por los procesos que conforman el modelo de gesti\u00f3n de mantenimiento. Esto implica establecer c\u00f3mo se organizan, ejecutan y registran las diferentes acciones para conseguir unos resultados eficaces (con los mejores indicadores de disponibilidad) y eficientes (con los recursos econ\u00f3micos y humanos necesarios).<\/p>\n<p>El actual modelo de gesti\u00f3n de mantenimiento (MGM) es fruto del trabajo de los \u00faltimos 8 a\u00f1os, siempre en colaboraci\u00f3n con las instalaciones, donde se toman como referencia los mejores est\u00e1ndares para establecer un modelo adaptado a Enag\u00e1s y que es referencia para otras empresas del sector Oil&amp;Gas. Se trata de un sistema en constante evoluci\u00f3n y mejora.[\/vc_column_text][vc_empty_space height=\u00bb30px\u00bb][vc_single_image image=\u00bb5797&#8243; img_size=\u00bblarge\u00bb add_caption=\u00bbyes\u00bb alignment=\u00bbcenter\u00bb][vc_empty_space height=\u00bb30px\u00bb][vc_column_text]<span style=\"color: #fdb71c;font-size: 24px;font-family: pt-serif\"><strong>\u00bfQu\u00e9 importancia tienen los sistemas en las distintas tareas que engloba esta \u00e1rea de gesti\u00f3n?<\/strong><\/span><\/p>\n<p><strong>Carlos Poggio<\/strong>. Los sistemas de informaci\u00f3n son fundamentales para nuestra labor. Para avanzar en la mejora de procesos, es clave analizar y registrar todo tipo de datos. En nuestra tarea diaria, contamos con el Sistema de Gesti\u00f3n de Mantenimiento (SGM), la herramienta que sirve para implementar con \u00e9xito el Modelo de Gesti\u00f3n (MGM) en las instalaciones. Este es utilizado diariamente en la gesti\u00f3n del mantenimiento de los activos, por lo que todo se dise\u00f1a, planifica, ejecuta y notifica a trav\u00e9s del SGM.<\/p>\n<p>Los datos recogidos son ingentes (no solo incluyen tareas t\u00e9cnicas, sino de toda \u00edndole) y nuestras tareas son agregarlos, homogeneizarlos y analizarlos para reportarlos. Para ello tambi\u00e9n nos apoyamos en herramientas de Business Intelligence, que permiten un an\u00e1lisis en profundidad y el env\u00edo de informes a las infraestructuras para ayudar en su seguimiento y labor diaria.[\/vc_column_text][vc_empty_space height=\u00bb30px\u00bb][vc_column_text]<span style=\"color: #fdb71c;font-size: 24px;font-family: pt-serif\"><strong>\u00bfCu\u00e1l es el mayor reto al que se enfrenta la gesti\u00f3n de activos en estos a\u00f1os?<\/strong><\/span><\/p>\n<p><strong>Javier Serra<\/strong>. En un mundo cada vez m\u00e1s global y tecnol\u00f3gico, la capacidad de adaptarse a los cambios es vital en todos los \u00e1mbitos de gesti\u00f3n, y, en especial, la de los activos.<\/p>\n<p>Enag\u00e1s tienen un conocimiento basado en su enorme capital humano, localizado en personas especialistas, y nuestra tarea se basa en captar ese conocimiento y ponerlo a disposici\u00f3n del resto de la compa\u00f1\u00eda para seguir manteniendo nuestra posici\u00f3n referente en la gesti\u00f3n de infraestructuras.<\/p>\n<p>Para nosotros, los principales retos a los que nos estamos enfrentando son, por un lado, revisar continuamente nuestros procesos y nuestras pol\u00edticas para buscar posibles mejoras en el modelo y, por otro, conseguir la implantaci\u00f3n efectiva de dicho modelo para obtener mejoras a nivel humano, t\u00e9cnico y econ\u00f3mico.[\/vc_column_text][vc_empty_space height=\u00bb30px\u00bb][vc_column_text]<span style=\"color: #fdb71c;font-size: 24px;font-family: pt-serif\"><strong>\u00bfQu\u00e9 nuevas tecnolog\u00edas est\u00e1is incorporando para agilizar todos los procesos de gesti\u00f3n y reporte del mantenimiento? <\/strong><\/span><\/p>\n<p><strong>Jos\u00e9 \u00c1ngel Molina. <\/strong>La tecnolog\u00eda evoluciona a un ritmo vertiginoso y la gesti\u00f3n del mantenimiento no es ajena a este cambio. El mercado nos permite acceder a m\u00e1s soluciones y mejores para ayudarnos en nuestra tarea. Nuestra Gerencia tiene como objetivo que todo lo que hagamos tenga una utilidad directa para nuestros compa\u00f1eros de la Direcci\u00f3n de Gesti\u00f3n de Activos, ya que interact\u00faan con alguna de estas herramientas.<\/p>\n<p>Un ejemplo es la plataforma de datos de operaci\u00f3n y mantenimiento que recoge informaci\u00f3n operativa que nos permite analizar la salud de los activos y detectar posibles anomal\u00edas, todo ello gracias a una \u201cdigitalizaci\u00f3n\u201d del conocimiento de los especialistas y tratamiento de datos de campo en tiempo real.<\/p>\n<p>Por otro lado, el Portal de O&amp;M surge para atender las necesidades y opciones de mejora recopiladas en los \u00faltimos a\u00f1os directamente por el personal de campo en nuestra Direcci\u00f3n y su objetivo es facilitar la actividad diaria de operaci\u00f3n y mantenimiento mediante la simplificaci\u00f3n de procesos y el soporte digital a los mismos.[\/vc_column_text][vc_empty_space height=\u00bb30px\u00bb][vc_single_image image=\u00bb5798&#8243; img_size=\u00bblarge\u00bb add_caption=\u00bbyes\u00bb alignment=\u00bbcenter\u00bb][vc_empty_space height=\u00bb30px\u00bb][vc_column_text]<span style=\"color: #fdb71c;font-size: 24px;font-family: pt-serif\"><strong>\u00bfQu\u00e9 papel juega el equipo humano durante el proceso?<\/strong><\/span><\/p>\n<p><strong>Javier Serra. <\/strong>El equipo humano es la base de todo nuestro trabajo. Por un lado, toda la actividad de gesti\u00f3n de mantenimiento se basa en el an\u00e1lisis de la informaci\u00f3n que generan nuestros compa\u00f1eros de las instalaciones. Claramente, ellos son nuestro principal activo y tenemos suerte de contar con tan buenos profesionales en la casa.<\/p>\n<p>Por otro lado, estamos orgullosos del equipo que compone nuestra Gerencia. Es un grupo comprometido con los objetivos de la Direcci\u00f3n y con una clara vocaci\u00f3n de servicio. Consideramos que nuestra labor es tambi\u00e9n ayudar y dar soporte a las instalaciones en todas aquellas necesidades relativas al Modelo de Gesti\u00f3n del Mantenimiento y al Sistema de Gesti\u00f3n que puedan tener, y que nosotros podamos atender. En esta l\u00ednea, impartimos cursos que ayudan a los profesionales de Enag\u00e1s a conocer los criterios que se aplican en este \u00e1mbito.<\/p>\n<p>El equipo est\u00e1 formado por expertos con una larga trayectoria, complementados con otros reci\u00e9n incorporados. Todos compartimos el mismo af\u00e1n por el trabajo bien hecho. Somos afortunados de poder contar con personas que han trabajado en todas las instalaciones y \u00e1reas.[\/vc_column_text][\/vc_column][\/vc_row][vc_row el_class=\u00bbmw1230&#8243; css=\u00bb.vc_custom_1584093612893{padding-top: 40px !important;}\u00bb][vc_column]<div class=\"edgtf-news-holder edgtf-post-carousel5 edgtf-small-space\"  data-post-status=publish data-ignore-sticky-posts=1 data-posts-per-page=6 data-paged=1 data-max-num-pages=2 data-next-page=2 data-title-tag=h3 data-image-size=custom data-custom-image-width=370 data-custom-image-height=267 data-display-categories=yes data-display-excerpt=no data-display-date=no data-date-format=difference data-display-like=no data-display-comments=no data-display-share=no data-display-hot-trending-icons=no data-layout=edgtf_post_carousel5><div class=\"edgtf-news-list-inner edgtf-owl-slider\" data-number-of-items=\"4\"   data-slider-speed=\"4000\" data-slider-speed-animation=\"600\"   data-enable-auto-height=\"yes\"><div class=\"edgtf-news-item edgtf-layout1-item edgtf-item-space\" data-color=\"#9cb700\">\n\t<div class=\"edgtf-ni-image-holder\">\n\t\t\t<div class=\"edgtf-post-image\">\n\t\t<a itemprop=\"url\" href=\"https:\/\/revistaazulyverde.com\/ediciones\/40\/enagas-responde-coronavirus\/\" title=\"Enag\u00e1s responde al reto del coronavirus\">\n\t\t\t<img loading=\"lazy\" decoding=\"async\" src=\"https:\/\/revistaazulyverde.com\/ediciones\/40\/wp-content\/uploads\/sites\/2\/2020\/04\/covid-nueva-destacado-370x267.jpg\" alt=\"\" width=\"370\" height=\"267\" \/>\t\t<\/a>\n\t<\/div>\n        <div class=\"edgtf-ni-like-comments-share-holder\">\n                                            <\/div>\n\t<\/div>\n\t<div class=\"edgtf-ni-content\">\n\t\t<div class=\"edgtf-ni-info edgtf-ni-info-top\">\n            \t<div class=\"edgtf-post-info-category\">\n\t\t<a href=\"https:\/\/revistaazulyverde.com\/ediciones\/40\/category\/actualidad\/especial-covid-19\/\" rel=\"category tag\">Especial COVID-19<\/a>\t<\/div>\n\t\t<\/div>\n\t\t\n<h3 itemprop=\"name\" class=\"entry-title edgtf-post-title \" >\n<a itemprop=\"url\" href=\"https:\/\/revistaazulyverde.com\/ediciones\/40\/enagas-responde-coronavirus\/\" title=\"Enag\u00e1s responde al reto del coronavirus\">\n    Enag\u00e1s responde al reto del coronavirus<\/a>\n<\/h3>\t\t\t\t<div class=\"edgtf-ni-info edgtf-ni-info-bottom\">\n                        \t\t<\/div>\n\t<\/div>\n<\/div><div class=\"edgtf-news-item edgtf-layout1-item edgtf-item-space\" data-color=\"#007aae\">\n\t<div class=\"edgtf-ni-image-holder\">\n\t\t\t<div class=\"edgtf-post-image\">\n\t\t<a itemprop=\"url\" href=\"https:\/\/revistaazulyverde.com\/ediciones\/40\/editorial-240\/\" title=\"Dar lo mejor de nosotros mismos\">\n\t\t\t<img loading=\"lazy\" decoding=\"async\" src=\"https:\/\/revistaazulyverde.com\/ediciones\/40\/wp-content\/uploads\/sites\/2\/2020\/04\/editorial-nueva-destacado-370x267.jpg\" alt=\"\" width=\"370\" height=\"267\" \/>\t\t<\/a>\n\t<\/div>\n        <div class=\"edgtf-ni-like-comments-share-holder\">\n                                            <\/div>\n\t<\/div>\n\t<div class=\"edgtf-ni-content\">\n\t\t<div class=\"edgtf-ni-info edgtf-ni-info-top\">\n            \t<div class=\"edgtf-post-info-category\">\n\t\t<a href=\"https:\/\/revistaazulyverde.com\/ediciones\/40\/category\/editorial\/\" rel=\"category tag\">Editorial<\/a>\t<\/div>\n\t\t<\/div>\n\t\t\n<h3 itemprop=\"name\" class=\"entry-title edgtf-post-title \" >\n<a itemprop=\"url\" href=\"https:\/\/revistaazulyverde.com\/ediciones\/40\/editorial-240\/\" title=\"Dar lo mejor de nosotros mismos\">\n    Dar lo mejor de nosotros mismos<\/a>\n<\/h3>\t\t\t\t<div class=\"edgtf-ni-info edgtf-ni-info-bottom\">\n                        \t\t<\/div>\n\t<\/div>\n<\/div><div class=\"edgtf-news-item edgtf-layout1-item edgtf-item-space\" data-color=\"#ffb81c\">\n\t<div class=\"edgtf-ni-image-holder\">\n\t\t\t<div class=\"edgtf-post-image\">\n\t\t<a itemprop=\"url\" href=\"https:\/\/revistaazulyverde.com\/ediciones\/40\/mas-alla-de-enagas\/\" title=\"Manuel Rivas Soto\">\n\t\t\t<img loading=\"lazy\" decoding=\"async\" src=\"https:\/\/revistaazulyverde.com\/ediciones\/40\/wp-content\/uploads\/sites\/2\/2020\/03\/estatua-destacada-370x267.jpg\" alt=\"\" width=\"370\" height=\"267\" \/>\t\t<\/a>\n\t<\/div>\n        <div class=\"edgtf-ni-like-comments-share-holder\">\n                                            <\/div>\n\t<\/div>\n\t<div class=\"edgtf-ni-content\">\n\t\t<div class=\"edgtf-ni-info edgtf-ni-info-top\">\n            \t<div class=\"edgtf-post-info-category\">\n\t\t<a href=\"https:\/\/revistaazulyverde.com\/ediciones\/40\/category\/equipo-enagas\/mas-alla-de-enagas\/\" rel=\"category tag\">M\u00e1s all\u00e1 de Enag\u00e1s<\/a>\t<\/div>\n\t\t<\/div>\n\t\t\n<h3 itemprop=\"name\" class=\"entry-title edgtf-post-title \" >\n<a itemprop=\"url\" href=\"https:\/\/revistaazulyverde.com\/ediciones\/40\/mas-alla-de-enagas\/\" title=\"Manuel Rivas Soto\">\n    Manuel Rivas Soto<\/a>\n<\/h3>\t\t\t\t<div class=\"edgtf-ni-info edgtf-ni-info-bottom\">\n                        \t\t<\/div>\n\t<\/div>\n<\/div><div class=\"edgtf-news-item edgtf-layout1-item edgtf-item-space\" data-color=\"#ffb81c\">\n\t<div class=\"edgtf-ni-image-holder\">\n\t\t\t<div class=\"edgtf-post-image\">\n\t\t<a itemprop=\"url\" href=\"https:\/\/revistaazulyverde.com\/ediciones\/40\/ayn-numero-40-de-persona-a-persona\/\" title=\"Convivencia de generaciones para avanzar conjuntamente\">\n\t\t\t<img loading=\"lazy\" decoding=\"async\" src=\"https:\/\/revistaazulyverde.com\/ediciones\/40\/wp-content\/uploads\/sites\/2\/2020\/03\/personas-destacada-370x267.jpg\" alt=\"\" width=\"370\" height=\"267\" \/>\t\t<\/a>\n\t<\/div>\n        <div class=\"edgtf-ni-like-comments-share-holder\">\n                                            <\/div>\n\t<\/div>\n\t<div class=\"edgtf-ni-content\">\n\t\t<div class=\"edgtf-ni-info edgtf-ni-info-top\">\n            \t<div class=\"edgtf-post-info-category\">\n\t\t<a href=\"https:\/\/revistaazulyverde.com\/ediciones\/40\/category\/equipo-enagas\/de-persona-a-persona\/\" rel=\"category tag\">De persona a persona<\/a>\t<\/div>\n\t\t<\/div>\n\t\t\n<h3 itemprop=\"name\" class=\"entry-title edgtf-post-title \" >\n<a itemprop=\"url\" href=\"https:\/\/revistaazulyverde.com\/ediciones\/40\/ayn-numero-40-de-persona-a-persona\/\" title=\"Convivencia de generaciones para avanzar conjuntamente\">\n    Convivencia de generaciones para avanzar conjuntamente<\/a>\n<\/h3>\t\t\t\t<div class=\"edgtf-ni-info edgtf-ni-info-bottom\">\n                        \t\t<\/div>\n\t<\/div>\n<\/div><div class=\"edgtf-news-item edgtf-layout1-item edgtf-item-space\" data-color=\"#007aae\">\n\t<div class=\"edgtf-ni-image-holder\">\n\t\t\t<div class=\"edgtf-post-image\">\n\t\t<a itemprop=\"url\" href=\"https:\/\/revistaazulyverde.com\/ediciones\/40\/adn-enagas\/\" title=\"Ingenia Energy Challenge 2020\">\n\t\t\t<img loading=\"lazy\" decoding=\"async\" src=\"https:\/\/revistaazulyverde.com\/ediciones\/40\/wp-content\/uploads\/sites\/2\/2020\/03\/ingenia-destacado-2-370x267.jpg\" alt=\"\" width=\"370\" height=\"267\" \/>\t\t<\/a>\n\t<\/div>\n        <div class=\"edgtf-ni-like-comments-share-holder\">\n                                            <\/div>\n\t<\/div>\n\t<div class=\"edgtf-ni-content\">\n\t\t<div class=\"edgtf-ni-info edgtf-ni-info-top\">\n            \t<div class=\"edgtf-post-info-category\">\n\t\t<a href=\"https:\/\/revistaazulyverde.com\/ediciones\/40\/category\/nuestra-actividad\/adn-enagas-startups\/\" rel=\"category tag\">ADN startup<\/a>\t<\/div>\n\t\t<\/div>\n\t\t\n<h3 itemprop=\"name\" class=\"entry-title edgtf-post-title \" >\n<a itemprop=\"url\" href=\"https:\/\/revistaazulyverde.com\/ediciones\/40\/adn-enagas\/\" title=\"Ingenia Energy Challenge 2020\">\n    Ingenia Energy Challenge 2020<\/a>\n<\/h3>\t\t\t\t<div class=\"edgtf-ni-info edgtf-ni-info-bottom\">\n                        \t\t<\/div>\n\t<\/div>\n<\/div><div class=\"edgtf-news-item edgtf-layout1-item edgtf-item-space\" data-color=\"#007aae\">\n\t<div class=\"edgtf-ni-image-holder\">\n\t\t\t<div class=\"edgtf-post-image\">\n\t\t<a itemprop=\"url\" href=\"https:\/\/revistaazulyverde.com\/ediciones\/40\/energia-positiva\/\" title=\"Energ\u00eda Positiva+: la innovaci\u00f3n como mejor v\u00eda para avanzar en la crisis del Covid-19\">\n\t\t\t<img loading=\"lazy\" decoding=\"async\" src=\"https:\/\/revistaazulyverde.com\/ediciones\/40\/wp-content\/uploads\/sites\/2\/2020\/04\/energia-positiva-destacado-370x267.jpg\" alt=\"\" width=\"370\" height=\"267\" \/>\t\t<\/a>\n\t<\/div>\n        <div class=\"edgtf-ni-like-comments-share-holder\">\n                                            <\/div>\n\t<\/div>\n\t<div class=\"edgtf-ni-content\">\n\t\t<div class=\"edgtf-ni-info edgtf-ni-info-top\">\n            \t<div class=\"edgtf-post-info-category\">\n\t\t<a href=\"https:\/\/revistaazulyverde.com\/ediciones\/40\/category\/nuestra-actividad\/adn-enagas-startups\/\" rel=\"category tag\">ADN startup<\/a>\t<\/div>\n\t\t<\/div>\n\t\t\n<h3 itemprop=\"name\" class=\"entry-title edgtf-post-title \" >\n<a itemprop=\"url\" href=\"https:\/\/revistaazulyverde.com\/ediciones\/40\/energia-positiva\/\" title=\"Energ\u00eda Positiva+: la innovaci\u00f3n como mejor v\u00eda para avanzar en la crisis del Covid-19\">\n    Energ\u00eda Positiva+: la innovaci\u00f3n como mejor v\u00eda para avanzar en la crisis del Covid-19<\/a>\n<\/h3>\t\t\t\t<div class=\"edgtf-ni-info edgtf-ni-info-bottom\">\n                        \t\t<\/div>\n\t<\/div>\n<\/div><\/div><\/div>[\/vc_column][\/vc_row]<\/p>\n<\/div>","protected":false},"excerpt":{"rendered":"<p>[vc_row full_width=\u00bbstretch_row_content\u00bb el_class=\u00bbvisible\u00bb el_id=\u00bbheader-post\u00bb][vc_column][vc_column_text el_class=\u00bbamarillo\u00bb] [\/vc_column_text][vc_custom_heading source=\u00bbpost_title\u00bb font_container=\u00bbtag:h1|font_size:80px|text_align:center|color:%23ffffff\u00bb google_fonts=\u00bbfont_family:PT%20Serif%3Aregular%2Citalic%2C700%2C700italic|font_style:700%20bold%20italic%3A700%3Aitalic\u00bb el_class=\u00bblowercase\u00bb css=\u00bb.vc_custom_1584089087679{margin-top: 0px !important;margin-bottom: 0px !important;}\u00bb][\/vc_column][\/vc_row][vc_row el_class=\u00bbmw965&#8243; css=\u00bb.vc_custom_1584089378705{padding-top: 40px !important;}\u00bb][vc_column][vc_custom_heading text=\u00bbVelar por los procesos que conforman el modelo de gesti\u00f3n de mantenimiento\u00bb font_container=\u00bbtag:h2|font_size:20px|text_align:left|color:%23fdb71c\u00bb el_class=\u00bbverdana\u00bb][vc_column_text]La Gerencia de gesti\u00f3n y an\u00e1lisis del mantenimiento [&hellip;]<\/p>\n","protected":false},"author":1,"featured_media":5570,"comment_status":"open","ping_status":"open","sticky":false,"template":"","format":"standard","meta":{"_acf_changed":false,"footnotes":""},"categories":[58],"tags":[],"class_list":["post-4701","post","type-post","status-publish","format-standard","has-post-thumbnail","hentry","category-que-hacemos-en"],"acf":[],"yoast_head":"<!-- This site is optimized with the Yoast SEO plugin v24.9 - https:\/\/yoast.com\/wordpress\/plugins\/seo\/ -->\n<title>Gerencia de gesti\u00f3n y an\u00e1lisis del mantenimiento - Revista Azul y Verde n\u00ba 40<\/title>\n<meta name=\"robots\" content=\"noindex, follow, max-snippet:-1, max-image-preview:large, max-video-preview:-1\" \/>\n<meta property=\"og:locale\" content=\"es_ES\" \/>\n<meta property=\"og:type\" content=\"article\" \/>\n<meta property=\"og:title\" content=\"Gerencia de gesti\u00f3n y an\u00e1lisis del mantenimiento - Revista Azul y Verde n\u00ba 40\" \/>\n<meta property=\"og:description\" content=\"[vc_row full_width=\u00bbstretch_row_content\u00bb el_class=\u00bbvisible\u00bb el_id=\u00bbheader-post\u00bb][vc_column][vc_column_text el_class=\u00bbamarillo\u00bb] [\/vc_column_text][vc_custom_heading source=\u00bbpost_title\u00bb font_container=\u00bbtag:h1|font_size:80px|text_align:center|color:%23ffffff\u00bb google_fonts=\u00bbfont_family:PT%20Serif%3Aregular%2Citalic%2C700%2C700italic|font_style:700%20bold%20italic%3A700%3Aitalic\u00bb el_class=\u00bblowercase\u00bb css=\u00bb.vc_custom_1584089087679{margin-top: 0px !important;margin-bottom: 0px !important;}\u00bb][\/vc_column][\/vc_row][vc_row el_class=\u00bbmw965&#8243; css=\u00bb.vc_custom_1584089378705{padding-top: 40px !important;}\u00bb][vc_column][vc_custom_heading text=\u00bbVelar por los procesos que conforman el modelo de gesti\u00f3n de mantenimiento\u00bb font_container=\u00bbtag:h2|font_size:20px|text_align:left|color:%23fdb71c\u00bb el_class=\u00bbverdana\u00bb][vc_column_text]La Gerencia de gesti\u00f3n y an\u00e1lisis del mantenimiento [&hellip;]\" \/>\n<meta property=\"og:url\" content=\"https:\/\/revistaazulyverde.com\/ediciones\/40\/gerencia-gestion-analisis-mantenimiento\/\" \/>\n<meta property=\"og:site_name\" content=\"Revista Azul y Verde n\u00ba 40\" \/>\n<meta property=\"article:published_time\" content=\"2020-03-10T13:42:32+00:00\" \/>\n<meta property=\"article:modified_time\" content=\"2020-05-04T07:33:44+00:00\" \/>\n<meta property=\"og:image\" content=\"https:\/\/revistaazulyverde.com\/ediciones\/40\/wp-content\/uploads\/sites\/2\/2020\/03\/que-hacemos-en-destacada-v2.jpg\" \/>\n\t<meta property=\"og:image:width\" content=\"550\" \/>\n\t<meta property=\"og:image:height\" content=\"700\" \/>\n\t<meta property=\"og:image:type\" content=\"image\/jpeg\" \/>\n<meta name=\"author\" content=\"labsgrup_david\" \/>\n<meta name=\"twitter:card\" content=\"summary_large_image\" \/>\n<meta name=\"twitter:label1\" content=\"Escrito por\" \/>\n\t<meta name=\"twitter:data1\" content=\"labsgrup_david\" \/>\n\t<meta name=\"twitter:label2\" content=\"Tiempo de lectura\" \/>\n\t<meta name=\"twitter:data2\" content=\"7 minutos\" \/>\n<script type=\"application\/ld+json\" class=\"yoast-schema-graph\">{\"@context\":\"https:\/\/schema.org\",\"@graph\":[{\"@type\":\"WebPage\",\"@id\":\"https:\/\/revistaazulyverde.com\/ediciones\/40\/gerencia-gestion-analisis-mantenimiento\/\",\"url\":\"https:\/\/revistaazulyverde.com\/ediciones\/40\/gerencia-gestion-analisis-mantenimiento\/\",\"name\":\"Gerencia de gesti\u00f3n y an\u00e1lisis del mantenimiento - Revista Azul y Verde n\u00ba 40\",\"isPartOf\":{\"@id\":\"https:\/\/revistaazulyverde.com\/ediciones\/40\/#website\"},\"primaryImageOfPage\":{\"@id\":\"https:\/\/revistaazulyverde.com\/ediciones\/40\/gerencia-gestion-analisis-mantenimiento\/#primaryimage\"},\"image\":{\"@id\":\"https:\/\/revistaazulyverde.com\/ediciones\/40\/gerencia-gestion-analisis-mantenimiento\/#primaryimage\"},\"thumbnailUrl\":\"https:\/\/revistaazulyverde.com\/ediciones\/40\/wp-content\/uploads\/sites\/2\/2020\/03\/que-hacemos-en-destacada-v2.jpg\",\"datePublished\":\"2020-03-10T13:42:32+00:00\",\"dateModified\":\"2020-05-04T07:33:44+00:00\",\"author\":{\"@id\":\"https:\/\/revistaazulyverde.com\/ediciones\/40\/#\/schema\/person\/74598fcf6aa3967744b6de5182a76d51\"},\"breadcrumb\":{\"@id\":\"https:\/\/revistaazulyverde.com\/ediciones\/40\/gerencia-gestion-analisis-mantenimiento\/#breadcrumb\"},\"inLanguage\":\"es\",\"potentialAction\":[{\"@type\":\"ReadAction\",\"target\":[\"https:\/\/revistaazulyverde.com\/ediciones\/40\/gerencia-gestion-analisis-mantenimiento\/\"]}]},{\"@type\":\"ImageObject\",\"inLanguage\":\"es\",\"@id\":\"https:\/\/revistaazulyverde.com\/ediciones\/40\/gerencia-gestion-analisis-mantenimiento\/#primaryimage\",\"url\":\"https:\/\/revistaazulyverde.com\/ediciones\/40\/wp-content\/uploads\/sites\/2\/2020\/03\/que-hacemos-en-destacada-v2.jpg\",\"contentUrl\":\"https:\/\/revistaazulyverde.com\/ediciones\/40\/wp-content\/uploads\/sites\/2\/2020\/03\/que-hacemos-en-destacada-v2.jpg\",\"width\":550,\"height\":700},{\"@type\":\"BreadcrumbList\",\"@id\":\"https:\/\/revistaazulyverde.com\/ediciones\/40\/gerencia-gestion-analisis-mantenimiento\/#breadcrumb\",\"itemListElement\":[{\"@type\":\"ListItem\",\"position\":1,\"name\":\"Portada\",\"item\":\"https:\/\/revistaazulyverde.com\/ediciones\/40\/\"},{\"@type\":\"ListItem\",\"position\":2,\"name\":\"Gerencia de gesti\u00f3n y an\u00e1lisis del mantenimiento\"}]},{\"@type\":\"WebSite\",\"@id\":\"https:\/\/revistaazulyverde.com\/ediciones\/40\/#website\",\"url\":\"https:\/\/revistaazulyverde.com\/ediciones\/40\/\",\"name\":\"Revista Azul y Verde n\u00ba 40\",\"description\":\"\",\"potentialAction\":[{\"@type\":\"SearchAction\",\"target\":{\"@type\":\"EntryPoint\",\"urlTemplate\":\"https:\/\/revistaazulyverde.com\/ediciones\/40\/?s={search_term_string}\"},\"query-input\":{\"@type\":\"PropertyValueSpecification\",\"valueRequired\":true,\"valueName\":\"search_term_string\"}}],\"inLanguage\":\"es\"},{\"@type\":\"Person\",\"@id\":\"https:\/\/revistaazulyverde.com\/ediciones\/40\/#\/schema\/person\/74598fcf6aa3967744b6de5182a76d51\",\"name\":\"labsgrup_david\",\"image\":{\"@type\":\"ImageObject\",\"inLanguage\":\"es\",\"@id\":\"https:\/\/revistaazulyverde.com\/ediciones\/40\/#\/schema\/person\/image\/\",\"url\":\"https:\/\/secure.gravatar.com\/avatar\/62084aa808bed3aa09d30a1491f370f354141a4cce95d43e329375d88b688338?s=96&d=mm&r=g\",\"contentUrl\":\"https:\/\/secure.gravatar.com\/avatar\/62084aa808bed3aa09d30a1491f370f354141a4cce95d43e329375d88b688338?s=96&d=mm&r=g\",\"caption\":\"labsgrup_david\"},\"url\":\"https:\/\/revistaazulyverde.com\/ediciones\/40\/author\/labsgrup_david\/\"}]}<\/script>\n<!-- \/ Yoast SEO plugin. -->","yoast_head_json":{"title":"Gerencia de gesti\u00f3n y an\u00e1lisis del mantenimiento - Revista Azul y Verde n\u00ba 40","robots":{"index":"noindex","follow":"follow","max-snippet":"max-snippet:-1","max-image-preview":"max-image-preview:large","max-video-preview":"max-video-preview:-1"},"og_locale":"es_ES","og_type":"article","og_title":"Gerencia de gesti\u00f3n y an\u00e1lisis del mantenimiento - Revista Azul y Verde n\u00ba 40","og_description":"[vc_row full_width=\u00bbstretch_row_content\u00bb el_class=\u00bbvisible\u00bb el_id=\u00bbheader-post\u00bb][vc_column][vc_column_text el_class=\u00bbamarillo\u00bb] [\/vc_column_text][vc_custom_heading source=\u00bbpost_title\u00bb font_container=\u00bbtag:h1|font_size:80px|text_align:center|color:%23ffffff\u00bb google_fonts=\u00bbfont_family:PT%20Serif%3Aregular%2Citalic%2C700%2C700italic|font_style:700%20bold%20italic%3A700%3Aitalic\u00bb el_class=\u00bblowercase\u00bb css=\u00bb.vc_custom_1584089087679{margin-top: 0px !important;margin-bottom: 0px !important;}\u00bb][\/vc_column][\/vc_row][vc_row el_class=\u00bbmw965&#8243; css=\u00bb.vc_custom_1584089378705{padding-top: 40px !important;}\u00bb][vc_column][vc_custom_heading text=\u00bbVelar por los procesos que conforman el modelo de gesti\u00f3n de mantenimiento\u00bb font_container=\u00bbtag:h2|font_size:20px|text_align:left|color:%23fdb71c\u00bb el_class=\u00bbverdana\u00bb][vc_column_text]La Gerencia de gesti\u00f3n y an\u00e1lisis del mantenimiento [&hellip;]","og_url":"https:\/\/revistaazulyverde.com\/ediciones\/40\/gerencia-gestion-analisis-mantenimiento\/","og_site_name":"Revista Azul y Verde n\u00ba 40","article_published_time":"2020-03-10T13:42:32+00:00","article_modified_time":"2020-05-04T07:33:44+00:00","og_image":[{"width":550,"height":700,"url":"https:\/\/revistaazulyverde.com\/ediciones\/40\/wp-content\/uploads\/sites\/2\/2020\/03\/que-hacemos-en-destacada-v2.jpg","type":"image\/jpeg"}],"author":"labsgrup_david","twitter_card":"summary_large_image","twitter_misc":{"Escrito por":"labsgrup_david","Tiempo de lectura":"7 minutos"},"schema":{"@context":"https:\/\/schema.org","@graph":[{"@type":"WebPage","@id":"https:\/\/revistaazulyverde.com\/ediciones\/40\/gerencia-gestion-analisis-mantenimiento\/","url":"https:\/\/revistaazulyverde.com\/ediciones\/40\/gerencia-gestion-analisis-mantenimiento\/","name":"Gerencia de gesti\u00f3n y an\u00e1lisis del mantenimiento - Revista Azul y Verde n\u00ba 40","isPartOf":{"@id":"https:\/\/revistaazulyverde.com\/ediciones\/40\/#website"},"primaryImageOfPage":{"@id":"https:\/\/revistaazulyverde.com\/ediciones\/40\/gerencia-gestion-analisis-mantenimiento\/#primaryimage"},"image":{"@id":"https:\/\/revistaazulyverde.com\/ediciones\/40\/gerencia-gestion-analisis-mantenimiento\/#primaryimage"},"thumbnailUrl":"https:\/\/revistaazulyverde.com\/ediciones\/40\/wp-content\/uploads\/sites\/2\/2020\/03\/que-hacemos-en-destacada-v2.jpg","datePublished":"2020-03-10T13:42:32+00:00","dateModified":"2020-05-04T07:33:44+00:00","author":{"@id":"https:\/\/revistaazulyverde.com\/ediciones\/40\/#\/schema\/person\/74598fcf6aa3967744b6de5182a76d51"},"breadcrumb":{"@id":"https:\/\/revistaazulyverde.com\/ediciones\/40\/gerencia-gestion-analisis-mantenimiento\/#breadcrumb"},"inLanguage":"es","potentialAction":[{"@type":"ReadAction","target":["https:\/\/revistaazulyverde.com\/ediciones\/40\/gerencia-gestion-analisis-mantenimiento\/"]}]},{"@type":"ImageObject","inLanguage":"es","@id":"https:\/\/revistaazulyverde.com\/ediciones\/40\/gerencia-gestion-analisis-mantenimiento\/#primaryimage","url":"https:\/\/revistaazulyverde.com\/ediciones\/40\/wp-content\/uploads\/sites\/2\/2020\/03\/que-hacemos-en-destacada-v2.jpg","contentUrl":"https:\/\/revistaazulyverde.com\/ediciones\/40\/wp-content\/uploads\/sites\/2\/2020\/03\/que-hacemos-en-destacada-v2.jpg","width":550,"height":700},{"@type":"BreadcrumbList","@id":"https:\/\/revistaazulyverde.com\/ediciones\/40\/gerencia-gestion-analisis-mantenimiento\/#breadcrumb","itemListElement":[{"@type":"ListItem","position":1,"name":"Portada","item":"https:\/\/revistaazulyverde.com\/ediciones\/40\/"},{"@type":"ListItem","position":2,"name":"Gerencia de gesti\u00f3n y an\u00e1lisis del mantenimiento"}]},{"@type":"WebSite","@id":"https:\/\/revistaazulyverde.com\/ediciones\/40\/#website","url":"https:\/\/revistaazulyverde.com\/ediciones\/40\/","name":"Revista Azul y Verde n\u00ba 40","description":"","potentialAction":[{"@type":"SearchAction","target":{"@type":"EntryPoint","urlTemplate":"https:\/\/revistaazulyverde.com\/ediciones\/40\/?s={search_term_string}"},"query-input":{"@type":"PropertyValueSpecification","valueRequired":true,"valueName":"search_term_string"}}],"inLanguage":"es"},{"@type":"Person","@id":"https:\/\/revistaazulyverde.com\/ediciones\/40\/#\/schema\/person\/74598fcf6aa3967744b6de5182a76d51","name":"labsgrup_david","image":{"@type":"ImageObject","inLanguage":"es","@id":"https:\/\/revistaazulyverde.com\/ediciones\/40\/#\/schema\/person\/image\/","url":"https:\/\/secure.gravatar.com\/avatar\/62084aa808bed3aa09d30a1491f370f354141a4cce95d43e329375d88b688338?s=96&d=mm&r=g","contentUrl":"https:\/\/secure.gravatar.com\/avatar\/62084aa808bed3aa09d30a1491f370f354141a4cce95d43e329375d88b688338?s=96&d=mm&r=g","caption":"labsgrup_david"},"url":"https:\/\/revistaazulyverde.com\/ediciones\/40\/author\/labsgrup_david\/"}]}},"_links":{"self":[{"href":"https:\/\/revistaazulyverde.com\/ediciones\/40\/wp-json\/wp\/v2\/posts\/4701","targetHints":{"allow":["GET"]}}],"collection":[{"href":"https:\/\/revistaazulyverde.com\/ediciones\/40\/wp-json\/wp\/v2\/posts"}],"about":[{"href":"https:\/\/revistaazulyverde.com\/ediciones\/40\/wp-json\/wp\/v2\/types\/post"}],"author":[{"embeddable":true,"href":"https:\/\/revistaazulyverde.com\/ediciones\/40\/wp-json\/wp\/v2\/users\/1"}],"replies":[{"embeddable":true,"href":"https:\/\/revistaazulyverde.com\/ediciones\/40\/wp-json\/wp\/v2\/comments?post=4701"}],"version-history":[{"count":8,"href":"https:\/\/revistaazulyverde.com\/ediciones\/40\/wp-json\/wp\/v2\/posts\/4701\/revisions"}],"predecessor-version":[{"id":5799,"href":"https:\/\/revistaazulyverde.com\/ediciones\/40\/wp-json\/wp\/v2\/posts\/4701\/revisions\/5799"}],"wp:featuredmedia":[{"embeddable":true,"href":"https:\/\/revistaazulyverde.com\/ediciones\/40\/wp-json\/wp\/v2\/media\/5570"}],"wp:attachment":[{"href":"https:\/\/revistaazulyverde.com\/ediciones\/40\/wp-json\/wp\/v2\/media?parent=4701"}],"wp:term":[{"taxonomy":"category","embeddable":true,"href":"https:\/\/revistaazulyverde.com\/ediciones\/40\/wp-json\/wp\/v2\/categories?post=4701"},{"taxonomy":"post_tag","embeddable":true,"href":"https:\/\/revistaazulyverde.com\/ediciones\/40\/wp-json\/wp\/v2\/tags?post=4701"}],"curies":[{"name":"wp","href":"https:\/\/api.w.org\/{rel}","templated":true}]}}