{"id":4660,"date":"2020-03-10T12:55:44","date_gmt":"2020-03-10T12:55:44","guid":{"rendered":"https:\/\/revistaazulyverde.com\/ediciones\/40\/?p=4660"},"modified":"2020-05-08T08:54:10","modified_gmt":"2020-05-08T06:54:10","slug":"hidrogeno-verde-aliado-de-la-economia-sostenible","status":"publish","type":"post","link":"https:\/\/revistaazulyverde.com\/ediciones\/40\/hidrogeno-verde-aliado-de-la-economia-sostenible\/","title":{"rendered":"El hidr\u00f3geno verde, gran aliado en la descarbonizaci\u00f3n"},"content":{"rendered":"<div class=\"wpb-content-wrapper\"><p>[vc_row full_width=\u00bbstretch_row_content\u00bb el_class=\u00bbvisible\u00bb el_id=\u00bbheader-post\u00bb][vc_column][vc_column_text el_class=\u00bbamarillo\u00bb]<div class=\"bg-post\" style=\"background-image: url(https:\/\/revistaazulyverde.com\/ediciones\/40\/wp-content\/uploads\/sites\/2\/2020\/03\/Header-hidrogeno.jpg)\"><\/div><br \/>\n<div class=\"categoria\" data-color=\"#9cb700\" style=\"background-color: #9cb700\"><span class=\"parent\">Actualidad<\/span><span class=\"cat\">A fondo<\/span><\/div>[\/vc_column_text][vc_custom_heading source=\u00bbpost_title\u00bb font_container=\u00bbtag:h1|font_size:80px|text_align:center|color:%23ffffff\u00bb google_fonts=\u00bbfont_family:PT%20Serif%3Aregular%2Citalic%2C700%2C700italic|font_style:700%20bold%20italic%3A700%3Aitalic\u00bb el_class=\u00bblowercase\u00bb css=\u00bb.vc_custom_1584089087679{margin-top: 0px !important;margin-bottom: 0px !important;}\u00bb][\/vc_column][\/vc_row][vc_row el_class=\u00bbmw965&#8243; css=\u00bb.vc_custom_1584089378705{padding-top: 40px !important;}\u00bb][vc_column][vc_column_text]El proceso para avanzar hacia una sociedad neutra en emisiones de carbono y para implantar el modelo de econom\u00eda circular tiene un gran aliado: el hidr\u00f3geno, el elemento m\u00e1s abundante en la naturaleza. Sus enormes posibilidades para impulsar, entre otros usos, la movilidad sostenible, lo convierte en una fuente indispensable para acelerar la transici\u00f3n energ\u00e9tica.<\/p>\n<p>El denominado hidr\u00f3geno <em>verde<\/em> se genera a partir de agua, a trav\u00e9s de un proceso de electr\u00f3lisis mediante el cual este elemento se descompone en hidr\u00f3geno y ox\u00edgeno gracias al aporte de energ\u00eda proveniente de fuentes renovables. El hidr\u00f3geno verde puede ser utilizado directamente o bien inyectado en la red de gasoductos. Su abanico de aplicaciones es enorme: en la industria, para consumo terciario y dom\u00e9stico, para la generaci\u00f3n de electricidad o bien como combustible para la movilidad.[\/vc_column_text][vc_custom_heading text=\u00bbEnag\u00e1s apuesta abiertamente por el hidr\u00f3geno, y por gases renovables como el biometano, al considerarlos soluciones clave en el proceso de descarbonizaci\u00f3n.\u00bb font_container=\u00bbtag:h3|font_size:28px|text_align:center|color:%23777777|line_height:34px\u00bb google_fonts=\u00bbfont_family:PT%20Serif%3Aregular%2Citalic%2C700%2C700italic|font_style:700%20bold%20italic%3A700%3Aitalic\u00bb el_class=\u00bblowercase pl120 f30&#8243; css=\u00bb.vc_custom_1588575914974{padding-right: 100px !important;padding-left: 100px !important;}\u00bb][vc_column_text]Las infraestructuras gasistas existentes est\u00e1n preparadas para el transporte y el almacenamiento de esta energ\u00eda renovable no el\u00e9ctrica. Enag\u00e1s apuesta abiertamente por el hidr\u00f3geno, y por gases renovables como el biometano, al considerarlos soluciones clave en el proceso de descarbonizaci\u00f3n. Precisamente, la compa\u00f1\u00eda ha impulsado la edici\u00f3n en castellano del libro \u201cHidr\u00f3geno, el nuevo petr\u00f3leo\u201d, del escritor franc\u00e9s y experto en tecnolog\u00eda y energ\u00edas renovables, Thierry Lepercq, que fue presentado en Madrid en un acto en el que particip\u00f3 el Presidente de Enag\u00e1s, Antonio Llard\u00e9n, y el Consejero Delegado, Marcelino Oreja. Lepercq ha defendido el hidr\u00f3geno \u201ccomo un arma decisiva en la lucha contra el cambio clim\u00e1tico\u201d.<\/p>\n<p>El hidr\u00f3geno permite la gesti\u00f3n e integraci\u00f3n de las energ\u00edas renovables el\u00e9ctricas mediante la transformaci\u00f3n de sus excedentes en este gas, que puede ser inyectado en la red de gasoductos (en los llamados proyectos <em>Power-to-Gas<\/em>).[\/vc_column_text][vc_empty_space height=\u00bb20px\u00bb][vc_single_image image=\u00bb5781&#8243; img_size=\u00bblarge\u00bb][\/vc_column][\/vc_row][vc_row el_class=\u00bbmw965&#8243; css=\u00bb.vc_custom_1584089378705{padding-top: 40px !important;}\u00bb][vc_column][vc_column_text]<\/p>\n<p style=\"font-size: 25px\"><strong>Proyecto pionero en Cartagena<\/strong><\/p>\n<p class=\"p1\">En l\u00ednea con el firme compromiso de Enag\u00e1s de encontrar nuevas soluciones energ\u00e9ticas se enmarca un proyecto pionero en su planta de Cartagena, donde se est\u00e1 llevando a cabo la primera experiencia en Espa\u00f1a de inyecci\u00f3n de hidr\u00f3geno en la red interna de gas de dicha Planta, que permitir\u00e1 minimizar el impacto medioambiental de la instalaci\u00f3n y rebajar sus emisiones por el autoconsumo de hidr\u00f3geno renovable en sustituci\u00f3n del gas natural.<\/p>\n<p>[\/vc_column_text][\/vc_column][\/vc_row][vc_row el_class=\u00bbmw1230&#8243; css=\u00bb.vc_custom_1584090089834{padding-top: 70px !important;}\u00bb][vc_column][vc_single_image image=\u00bb5178&#8243; img_size=\u00bblarge\u00bb add_caption=\u00bbyes\u00bb alignment=\u00bbcenter\u00bb][\/vc_column][\/vc_row][vc_row el_class=\u00bbmw965&#8243; css=\u00bb.vc_custom_1584089378705{padding-top: 40px !important;}\u00bb][vc_column][vc_column_text]El hidr\u00f3geno verde ayuda a descarbonizar aquellos sectores en los que la electrificaci\u00f3n no es posible a d\u00eda de hoy. Una buena muestra de ello es el transporte mar\u00edtimo. La b\u00fasqueda de energ\u00edas 100% limpias para impulsar los barcos plantea una etapa de transici\u00f3n ecol\u00f3gica con numerosos interrogantes. En la actualidad, el gas natural licuado es la alternativa real m\u00e1s sostenible, por la que est\u00e1 apostando Enag\u00e1s. Sin embargo, existen tambi\u00e9n otras opciones que pueden abrir grandes posibilidades. Un ejemplo es el caso de la embarcaci\u00f3n <em>Energy Observer<\/em>, la primera impulsada de forma el\u00e9ctrica por hidr\u00f3geno verde y que est\u00e1 dando la vuelta al mundo desde hace tres a\u00f1os sin producir emisiones contaminantes.[\/vc_column_text][\/vc_column][\/vc_row][vc_row el_class=\u00bbmw1230&#8243; css=\u00bb.vc_custom_1584093612893{padding-top: 40px !important;}\u00bb][vc_column]<div class=\"edgtf-news-holder edgtf-post-carousel5 edgtf-small-space\"  data-post-status=publish data-ignore-sticky-posts=1 data-posts-per-page=6 data-paged=1 data-max-num-pages=2 data-next-page=2 data-title-tag=h3 data-image-size=custom data-custom-image-width=370 data-custom-image-height=267 data-display-categories=yes data-display-excerpt=no data-display-date=no data-date-format=difference data-display-like=no data-display-comments=no data-display-share=no data-display-hot-trending-icons=no data-layout=edgtf_post_carousel5><div class=\"edgtf-news-list-inner edgtf-owl-slider\" data-number-of-items=\"4\"   data-slider-speed=\"4000\" data-slider-speed-animation=\"600\"   data-enable-auto-height=\"yes\"><div class=\"edgtf-news-item edgtf-layout1-item edgtf-item-space\" data-color=\"#9cb700\">\n\t<div class=\"edgtf-ni-image-holder\">\n\t\t\t<div class=\"edgtf-post-image\">\n\t\t<a itemprop=\"url\" href=\"https:\/\/revistaazulyverde.com\/ediciones\/40\/enagas-responde-coronavirus\/\" title=\"Enag\u00e1s responde al reto del coronavirus\">\n\t\t\t<img loading=\"lazy\" decoding=\"async\" src=\"https:\/\/revistaazulyverde.com\/ediciones\/40\/wp-content\/uploads\/sites\/2\/2020\/04\/covid-nueva-destacado-370x267.jpg\" alt=\"\" width=\"370\" height=\"267\" \/>\t\t<\/a>\n\t<\/div>\n        <div class=\"edgtf-ni-like-comments-share-holder\">\n                                            <\/div>\n\t<\/div>\n\t<div class=\"edgtf-ni-content\">\n\t\t<div class=\"edgtf-ni-info edgtf-ni-info-top\">\n            \t<div class=\"edgtf-post-info-category\">\n\t\t<a href=\"https:\/\/revistaazulyverde.com\/ediciones\/40\/category\/actualidad\/especial-covid-19\/\" rel=\"category tag\">Especial COVID-19<\/a>\t<\/div>\n\t\t<\/div>\n\t\t\n<h3 itemprop=\"name\" class=\"entry-title edgtf-post-title \" >\n<a itemprop=\"url\" href=\"https:\/\/revistaazulyverde.com\/ediciones\/40\/enagas-responde-coronavirus\/\" title=\"Enag\u00e1s responde al reto del coronavirus\">\n    Enag\u00e1s responde al reto del coronavirus<\/a>\n<\/h3>\t\t\t\t<div class=\"edgtf-ni-info edgtf-ni-info-bottom\">\n                        \t\t<\/div>\n\t<\/div>\n<\/div><div class=\"edgtf-news-item edgtf-layout1-item edgtf-item-space\" data-color=\"#007aae\">\n\t<div class=\"edgtf-ni-image-holder\">\n\t\t\t<div class=\"edgtf-post-image\">\n\t\t<a itemprop=\"url\" href=\"https:\/\/revistaazulyverde.com\/ediciones\/40\/editorial-240\/\" title=\"Dar lo mejor de nosotros mismos\">\n\t\t\t<img loading=\"lazy\" decoding=\"async\" src=\"https:\/\/revistaazulyverde.com\/ediciones\/40\/wp-content\/uploads\/sites\/2\/2020\/04\/editorial-nueva-destacado-370x267.jpg\" alt=\"\" width=\"370\" height=\"267\" \/>\t\t<\/a>\n\t<\/div>\n        <div class=\"edgtf-ni-like-comments-share-holder\">\n                                            <\/div>\n\t<\/div>\n\t<div class=\"edgtf-ni-content\">\n\t\t<div class=\"edgtf-ni-info edgtf-ni-info-top\">\n            \t<div class=\"edgtf-post-info-category\">\n\t\t<a href=\"https:\/\/revistaazulyverde.com\/ediciones\/40\/category\/editorial\/\" rel=\"category tag\">Editorial<\/a>\t<\/div>\n\t\t<\/div>\n\t\t\n<h3 itemprop=\"name\" class=\"entry-title edgtf-post-title \" >\n<a itemprop=\"url\" href=\"https:\/\/revistaazulyverde.com\/ediciones\/40\/editorial-240\/\" title=\"Dar lo mejor de nosotros mismos\">\n    Dar lo mejor de nosotros mismos<\/a>\n<\/h3>\t\t\t\t<div class=\"edgtf-ni-info edgtf-ni-info-bottom\">\n                        \t\t<\/div>\n\t<\/div>\n<\/div><div class=\"edgtf-news-item edgtf-layout1-item edgtf-item-space\" data-color=\"#ffb81c\">\n\t<div class=\"edgtf-ni-image-holder\">\n\t\t\t<div class=\"edgtf-post-image\">\n\t\t<a itemprop=\"url\" href=\"https:\/\/revistaazulyverde.com\/ediciones\/40\/mas-alla-de-enagas\/\" title=\"Manuel Rivas Soto\">\n\t\t\t<img loading=\"lazy\" decoding=\"async\" src=\"https:\/\/revistaazulyverde.com\/ediciones\/40\/wp-content\/uploads\/sites\/2\/2020\/03\/estatua-destacada-370x267.jpg\" alt=\"\" width=\"370\" height=\"267\" \/>\t\t<\/a>\n\t<\/div>\n        <div class=\"edgtf-ni-like-comments-share-holder\">\n                                            <\/div>\n\t<\/div>\n\t<div class=\"edgtf-ni-content\">\n\t\t<div class=\"edgtf-ni-info edgtf-ni-info-top\">\n            \t<div class=\"edgtf-post-info-category\">\n\t\t<a href=\"https:\/\/revistaazulyverde.com\/ediciones\/40\/category\/equipo-enagas\/mas-alla-de-enagas\/\" rel=\"category tag\">M\u00e1s all\u00e1 de Enag\u00e1s<\/a>\t<\/div>\n\t\t<\/div>\n\t\t\n<h3 itemprop=\"name\" class=\"entry-title edgtf-post-title \" >\n<a itemprop=\"url\" href=\"https:\/\/revistaazulyverde.com\/ediciones\/40\/mas-alla-de-enagas\/\" title=\"Manuel Rivas Soto\">\n    Manuel Rivas Soto<\/a>\n<\/h3>\t\t\t\t<div class=\"edgtf-ni-info edgtf-ni-info-bottom\">\n                        \t\t<\/div>\n\t<\/div>\n<\/div><div class=\"edgtf-news-item edgtf-layout1-item edgtf-item-space\" data-color=\"#ffb81c\">\n\t<div class=\"edgtf-ni-image-holder\">\n\t\t\t<div class=\"edgtf-post-image\">\n\t\t<a itemprop=\"url\" href=\"https:\/\/revistaazulyverde.com\/ediciones\/40\/ayn-numero-40-de-persona-a-persona\/\" title=\"Convivencia de generaciones para avanzar conjuntamente\">\n\t\t\t<img loading=\"lazy\" decoding=\"async\" src=\"https:\/\/revistaazulyverde.com\/ediciones\/40\/wp-content\/uploads\/sites\/2\/2020\/03\/personas-destacada-370x267.jpg\" alt=\"\" width=\"370\" height=\"267\" \/>\t\t<\/a>\n\t<\/div>\n        <div class=\"edgtf-ni-like-comments-share-holder\">\n                                            <\/div>\n\t<\/div>\n\t<div class=\"edgtf-ni-content\">\n\t\t<div class=\"edgtf-ni-info edgtf-ni-info-top\">\n            \t<div class=\"edgtf-post-info-category\">\n\t\t<a href=\"https:\/\/revistaazulyverde.com\/ediciones\/40\/category\/equipo-enagas\/de-persona-a-persona\/\" rel=\"category tag\">De persona a persona<\/a>\t<\/div>\n\t\t<\/div>\n\t\t\n<h3 itemprop=\"name\" class=\"entry-title edgtf-post-title \" >\n<a itemprop=\"url\" href=\"https:\/\/revistaazulyverde.com\/ediciones\/40\/ayn-numero-40-de-persona-a-persona\/\" title=\"Convivencia de generaciones para avanzar conjuntamente\">\n    Convivencia de generaciones para avanzar conjuntamente<\/a>\n<\/h3>\t\t\t\t<div class=\"edgtf-ni-info edgtf-ni-info-bottom\">\n                        \t\t<\/div>\n\t<\/div>\n<\/div><div class=\"edgtf-news-item edgtf-layout1-item edgtf-item-space\" data-color=\"#007aae\">\n\t<div class=\"edgtf-ni-image-holder\">\n\t\t\t<div class=\"edgtf-post-image\">\n\t\t<a itemprop=\"url\" href=\"https:\/\/revistaazulyverde.com\/ediciones\/40\/adn-enagas\/\" title=\"Ingenia Energy Challenge 2020\">\n\t\t\t<img loading=\"lazy\" decoding=\"async\" src=\"https:\/\/revistaazulyverde.com\/ediciones\/40\/wp-content\/uploads\/sites\/2\/2020\/03\/ingenia-destacado-2-370x267.jpg\" alt=\"\" width=\"370\" height=\"267\" \/>\t\t<\/a>\n\t<\/div>\n        <div class=\"edgtf-ni-like-comments-share-holder\">\n                                            <\/div>\n\t<\/div>\n\t<div class=\"edgtf-ni-content\">\n\t\t<div class=\"edgtf-ni-info edgtf-ni-info-top\">\n            \t<div class=\"edgtf-post-info-category\">\n\t\t<a href=\"https:\/\/revistaazulyverde.com\/ediciones\/40\/category\/nuestra-actividad\/adn-enagas-startups\/\" rel=\"category tag\">ADN startup<\/a>\t<\/div>\n\t\t<\/div>\n\t\t\n<h3 itemprop=\"name\" class=\"entry-title edgtf-post-title \" >\n<a itemprop=\"url\" href=\"https:\/\/revistaazulyverde.com\/ediciones\/40\/adn-enagas\/\" title=\"Ingenia Energy Challenge 2020\">\n    Ingenia Energy Challenge 2020<\/a>\n<\/h3>\t\t\t\t<div class=\"edgtf-ni-info edgtf-ni-info-bottom\">\n                        \t\t<\/div>\n\t<\/div>\n<\/div><div class=\"edgtf-news-item edgtf-layout1-item edgtf-item-space\" data-color=\"#007aae\">\n\t<div class=\"edgtf-ni-image-holder\">\n\t\t\t<div class=\"edgtf-post-image\">\n\t\t<a itemprop=\"url\" href=\"https:\/\/revistaazulyverde.com\/ediciones\/40\/energia-positiva\/\" title=\"Energ\u00eda Positiva+: la innovaci\u00f3n como mejor v\u00eda para avanzar en la crisis del Covid-19\">\n\t\t\t<img loading=\"lazy\" decoding=\"async\" src=\"https:\/\/revistaazulyverde.com\/ediciones\/40\/wp-content\/uploads\/sites\/2\/2020\/04\/energia-positiva-destacado-370x267.jpg\" alt=\"\" width=\"370\" height=\"267\" \/>\t\t<\/a>\n\t<\/div>\n        <div class=\"edgtf-ni-like-comments-share-holder\">\n                                            <\/div>\n\t<\/div>\n\t<div class=\"edgtf-ni-content\">\n\t\t<div class=\"edgtf-ni-info edgtf-ni-info-top\">\n            \t<div class=\"edgtf-post-info-category\">\n\t\t<a href=\"https:\/\/revistaazulyverde.com\/ediciones\/40\/category\/nuestra-actividad\/adn-enagas-startups\/\" rel=\"category tag\">ADN startup<\/a>\t<\/div>\n\t\t<\/div>\n\t\t\n<h3 itemprop=\"name\" class=\"entry-title edgtf-post-title \" >\n<a itemprop=\"url\" href=\"https:\/\/revistaazulyverde.com\/ediciones\/40\/energia-positiva\/\" title=\"Energ\u00eda Positiva+: la innovaci\u00f3n como mejor v\u00eda para avanzar en la crisis del Covid-19\">\n    Energ\u00eda Positiva+: la innovaci\u00f3n como mejor v\u00eda para avanzar en la crisis del Covid-19<\/a>\n<\/h3>\t\t\t\t<div class=\"edgtf-ni-info edgtf-ni-info-bottom\">\n                        \t\t<\/div>\n\t<\/div>\n<\/div><\/div><\/div>[\/vc_column][\/vc_row]<\/p>\n<\/div>","protected":false},"excerpt":{"rendered":"<p>[vc_row full_width=\u00bbstretch_row_content\u00bb el_class=\u00bbvisible\u00bb el_id=\u00bbheader-post\u00bb][vc_column][vc_column_text el_class=\u00bbamarillo\u00bb] [\/vc_column_text][vc_custom_heading source=\u00bbpost_title\u00bb font_container=\u00bbtag:h1|font_size:80px|text_align:center|color:%23ffffff\u00bb google_fonts=\u00bbfont_family:PT%20Serif%3Aregular%2Citalic%2C700%2C700italic|font_style:700%20bold%20italic%3A700%3Aitalic\u00bb el_class=\u00bblowercase\u00bb css=\u00bb.vc_custom_1584089087679{margin-top: 0px !important;margin-bottom: 0px !important;}\u00bb][\/vc_column][\/vc_row][vc_row el_class=\u00bbmw965&#8243; css=\u00bb.vc_custom_1584089378705{padding-top: 40px !important;}\u00bb][vc_column][vc_column_text]El proceso para avanzar hacia una sociedad neutra en emisiones de carbono y para implantar el modelo de econom\u00eda circular tiene un [&hellip;]<\/p>\n","protected":false},"author":1,"featured_media":5185,"comment_status":"open","ping_status":"open","sticky":false,"template":"","format":"standard","meta":{"_acf_changed":false,"footnotes":""},"categories":[56],"tags":[],"class_list":["post-4660","post","type-post","status-publish","format-standard","has-post-thumbnail","hentry","category-a-fondo"],"acf":[],"yoast_head":"<!-- This site is optimized with the Yoast SEO plugin v24.9 - https:\/\/yoast.com\/wordpress\/plugins\/seo\/ -->\n<title>El hidr\u00f3geno verde, gran aliado en la descarbonizaci\u00f3n - Revista Azul y Verde n\u00ba 40<\/title>\n<meta name=\"robots\" content=\"noindex, follow, max-snippet:-1, max-image-preview:large, max-video-preview:-1\" \/>\n<meta property=\"og:locale\" content=\"es_ES\" \/>\n<meta property=\"og:type\" content=\"article\" \/>\n<meta property=\"og:title\" content=\"El hidr\u00f3geno verde, gran aliado en la descarbonizaci\u00f3n - Revista Azul y Verde n\u00ba 40\" \/>\n<meta property=\"og:description\" content=\"[vc_row full_width=\u00bbstretch_row_content\u00bb el_class=\u00bbvisible\u00bb el_id=\u00bbheader-post\u00bb][vc_column][vc_column_text el_class=\u00bbamarillo\u00bb] [\/vc_column_text][vc_custom_heading source=\u00bbpost_title\u00bb font_container=\u00bbtag:h1|font_size:80px|text_align:center|color:%23ffffff\u00bb google_fonts=\u00bbfont_family:PT%20Serif%3Aregular%2Citalic%2C700%2C700italic|font_style:700%20bold%20italic%3A700%3Aitalic\u00bb el_class=\u00bblowercase\u00bb css=\u00bb.vc_custom_1584089087679{margin-top: 0px !important;margin-bottom: 0px !important;}\u00bb][\/vc_column][\/vc_row][vc_row el_class=\u00bbmw965&#8243; css=\u00bb.vc_custom_1584089378705{padding-top: 40px !important;}\u00bb][vc_column][vc_column_text]El proceso para avanzar hacia una sociedad neutra en emisiones de carbono y para implantar el modelo de econom\u00eda circular tiene un [&hellip;]\" \/>\n<meta property=\"og:url\" content=\"https:\/\/revistaazulyverde.com\/ediciones\/40\/hidrogeno-verde-aliado-de-la-economia-sostenible\/\" \/>\n<meta property=\"og:site_name\" content=\"Revista Azul y Verde n\u00ba 40\" \/>\n<meta property=\"article:published_time\" content=\"2020-03-10T12:55:44+00:00\" \/>\n<meta property=\"article:modified_time\" content=\"2020-05-08T06:54:10+00:00\" \/>\n<meta property=\"og:image\" content=\"https:\/\/revistaazulyverde.com\/ediciones\/40\/wp-content\/uploads\/sites\/2\/2020\/03\/Header-hidrogeno.jpg\" \/>\n\t<meta property=\"og:image:width\" content=\"653\" \/>\n\t<meta property=\"og:image:height\" content=\"591\" \/>\n\t<meta property=\"og:image:type\" content=\"image\/jpeg\" \/>\n<meta name=\"author\" content=\"labsgrup_david\" \/>\n<meta name=\"twitter:card\" content=\"summary_large_image\" \/>\n<meta name=\"twitter:label1\" content=\"Escrito por\" \/>\n\t<meta name=\"twitter:data1\" content=\"labsgrup_david\" \/>\n\t<meta name=\"twitter:label2\" content=\"Tiempo de lectura\" \/>\n\t<meta name=\"twitter:data2\" content=\"4 minutos\" \/>\n<script type=\"application\/ld+json\" class=\"yoast-schema-graph\">{\"@context\":\"https:\/\/schema.org\",\"@graph\":[{\"@type\":\"WebPage\",\"@id\":\"https:\/\/revistaazulyverde.com\/ediciones\/40\/hidrogeno-verde-aliado-de-la-economia-sostenible\/\",\"url\":\"https:\/\/revistaazulyverde.com\/ediciones\/40\/hidrogeno-verde-aliado-de-la-economia-sostenible\/\",\"name\":\"El hidr\u00f3geno verde, gran aliado en la descarbonizaci\u00f3n - Revista Azul y Verde n\u00ba 40\",\"isPartOf\":{\"@id\":\"https:\/\/revistaazulyverde.com\/ediciones\/40\/#website\"},\"primaryImageOfPage\":{\"@id\":\"https:\/\/revistaazulyverde.com\/ediciones\/40\/hidrogeno-verde-aliado-de-la-economia-sostenible\/#primaryimage\"},\"image\":{\"@id\":\"https:\/\/revistaazulyverde.com\/ediciones\/40\/hidrogeno-verde-aliado-de-la-economia-sostenible\/#primaryimage\"},\"thumbnailUrl\":\"https:\/\/revistaazulyverde.com\/ediciones\/40\/wp-content\/uploads\/sites\/2\/2020\/03\/Header-hidrogeno.jpg\",\"datePublished\":\"2020-03-10T12:55:44+00:00\",\"dateModified\":\"2020-05-08T06:54:10+00:00\",\"author\":{\"@id\":\"https:\/\/revistaazulyverde.com\/ediciones\/40\/#\/schema\/person\/74598fcf6aa3967744b6de5182a76d51\"},\"breadcrumb\":{\"@id\":\"https:\/\/revistaazulyverde.com\/ediciones\/40\/hidrogeno-verde-aliado-de-la-economia-sostenible\/#breadcrumb\"},\"inLanguage\":\"es\",\"potentialAction\":[{\"@type\":\"ReadAction\",\"target\":[\"https:\/\/revistaazulyverde.com\/ediciones\/40\/hidrogeno-verde-aliado-de-la-economia-sostenible\/\"]}]},{\"@type\":\"ImageObject\",\"inLanguage\":\"es\",\"@id\":\"https:\/\/revistaazulyverde.com\/ediciones\/40\/hidrogeno-verde-aliado-de-la-economia-sostenible\/#primaryimage\",\"url\":\"https:\/\/revistaazulyverde.com\/ediciones\/40\/wp-content\/uploads\/sites\/2\/2020\/03\/Header-hidrogeno.jpg\",\"contentUrl\":\"https:\/\/revistaazulyverde.com\/ediciones\/40\/wp-content\/uploads\/sites\/2\/2020\/03\/Header-hidrogeno.jpg\",\"width\":653,\"height\":591},{\"@type\":\"BreadcrumbList\",\"@id\":\"https:\/\/revistaazulyverde.com\/ediciones\/40\/hidrogeno-verde-aliado-de-la-economia-sostenible\/#breadcrumb\",\"itemListElement\":[{\"@type\":\"ListItem\",\"position\":1,\"name\":\"Portada\",\"item\":\"https:\/\/revistaazulyverde.com\/ediciones\/40\/\"},{\"@type\":\"ListItem\",\"position\":2,\"name\":\"El hidr\u00f3geno verde, gran aliado en la descarbonizaci\u00f3n\"}]},{\"@type\":\"WebSite\",\"@id\":\"https:\/\/revistaazulyverde.com\/ediciones\/40\/#website\",\"url\":\"https:\/\/revistaazulyverde.com\/ediciones\/40\/\",\"name\":\"Revista Azul y Verde n\u00ba 40\",\"description\":\"\",\"potentialAction\":[{\"@type\":\"SearchAction\",\"target\":{\"@type\":\"EntryPoint\",\"urlTemplate\":\"https:\/\/revistaazulyverde.com\/ediciones\/40\/?s={search_term_string}\"},\"query-input\":{\"@type\":\"PropertyValueSpecification\",\"valueRequired\":true,\"valueName\":\"search_term_string\"}}],\"inLanguage\":\"es\"},{\"@type\":\"Person\",\"@id\":\"https:\/\/revistaazulyverde.com\/ediciones\/40\/#\/schema\/person\/74598fcf6aa3967744b6de5182a76d51\",\"name\":\"labsgrup_david\",\"image\":{\"@type\":\"ImageObject\",\"inLanguage\":\"es\",\"@id\":\"https:\/\/revistaazulyverde.com\/ediciones\/40\/#\/schema\/person\/image\/\",\"url\":\"https:\/\/secure.gravatar.com\/avatar\/62084aa808bed3aa09d30a1491f370f354141a4cce95d43e329375d88b688338?s=96&d=mm&r=g\",\"contentUrl\":\"https:\/\/secure.gravatar.com\/avatar\/62084aa808bed3aa09d30a1491f370f354141a4cce95d43e329375d88b688338?s=96&d=mm&r=g\",\"caption\":\"labsgrup_david\"},\"url\":\"https:\/\/revistaazulyverde.com\/ediciones\/40\/author\/labsgrup_david\/\"}]}<\/script>\n<!-- \/ Yoast SEO plugin. -->","yoast_head_json":{"title":"El hidr\u00f3geno verde, gran aliado en la descarbonizaci\u00f3n - Revista Azul y Verde n\u00ba 40","robots":{"index":"noindex","follow":"follow","max-snippet":"max-snippet:-1","max-image-preview":"max-image-preview:large","max-video-preview":"max-video-preview:-1"},"og_locale":"es_ES","og_type":"article","og_title":"El hidr\u00f3geno verde, gran aliado en la descarbonizaci\u00f3n - Revista Azul y Verde n\u00ba 40","og_description":"[vc_row full_width=\u00bbstretch_row_content\u00bb el_class=\u00bbvisible\u00bb el_id=\u00bbheader-post\u00bb][vc_column][vc_column_text el_class=\u00bbamarillo\u00bb] [\/vc_column_text][vc_custom_heading source=\u00bbpost_title\u00bb font_container=\u00bbtag:h1|font_size:80px|text_align:center|color:%23ffffff\u00bb google_fonts=\u00bbfont_family:PT%20Serif%3Aregular%2Citalic%2C700%2C700italic|font_style:700%20bold%20italic%3A700%3Aitalic\u00bb el_class=\u00bblowercase\u00bb css=\u00bb.vc_custom_1584089087679{margin-top: 0px !important;margin-bottom: 0px !important;}\u00bb][\/vc_column][\/vc_row][vc_row el_class=\u00bbmw965&#8243; css=\u00bb.vc_custom_1584089378705{padding-top: 40px !important;}\u00bb][vc_column][vc_column_text]El proceso para avanzar hacia una sociedad neutra en emisiones de carbono y para implantar el modelo de econom\u00eda circular tiene un [&hellip;]","og_url":"https:\/\/revistaazulyverde.com\/ediciones\/40\/hidrogeno-verde-aliado-de-la-economia-sostenible\/","og_site_name":"Revista Azul y Verde n\u00ba 40","article_published_time":"2020-03-10T12:55:44+00:00","article_modified_time":"2020-05-08T06:54:10+00:00","og_image":[{"width":653,"height":591,"url":"https:\/\/revistaazulyverde.com\/ediciones\/40\/wp-content\/uploads\/sites\/2\/2020\/03\/Header-hidrogeno.jpg","type":"image\/jpeg"}],"author":"labsgrup_david","twitter_card":"summary_large_image","twitter_misc":{"Escrito por":"labsgrup_david","Tiempo de lectura":"4 minutos"},"schema":{"@context":"https:\/\/schema.org","@graph":[{"@type":"WebPage","@id":"https:\/\/revistaazulyverde.com\/ediciones\/40\/hidrogeno-verde-aliado-de-la-economia-sostenible\/","url":"https:\/\/revistaazulyverde.com\/ediciones\/40\/hidrogeno-verde-aliado-de-la-economia-sostenible\/","name":"El hidr\u00f3geno verde, gran aliado en la descarbonizaci\u00f3n - Revista Azul y Verde n\u00ba 40","isPartOf":{"@id":"https:\/\/revistaazulyverde.com\/ediciones\/40\/#website"},"primaryImageOfPage":{"@id":"https:\/\/revistaazulyverde.com\/ediciones\/40\/hidrogeno-verde-aliado-de-la-economia-sostenible\/#primaryimage"},"image":{"@id":"https:\/\/revistaazulyverde.com\/ediciones\/40\/hidrogeno-verde-aliado-de-la-economia-sostenible\/#primaryimage"},"thumbnailUrl":"https:\/\/revistaazulyverde.com\/ediciones\/40\/wp-content\/uploads\/sites\/2\/2020\/03\/Header-hidrogeno.jpg","datePublished":"2020-03-10T12:55:44+00:00","dateModified":"2020-05-08T06:54:10+00:00","author":{"@id":"https:\/\/revistaazulyverde.com\/ediciones\/40\/#\/schema\/person\/74598fcf6aa3967744b6de5182a76d51"},"breadcrumb":{"@id":"https:\/\/revistaazulyverde.com\/ediciones\/40\/hidrogeno-verde-aliado-de-la-economia-sostenible\/#breadcrumb"},"inLanguage":"es","potentialAction":[{"@type":"ReadAction","target":["https:\/\/revistaazulyverde.com\/ediciones\/40\/hidrogeno-verde-aliado-de-la-economia-sostenible\/"]}]},{"@type":"ImageObject","inLanguage":"es","@id":"https:\/\/revistaazulyverde.com\/ediciones\/40\/hidrogeno-verde-aliado-de-la-economia-sostenible\/#primaryimage","url":"https:\/\/revistaazulyverde.com\/ediciones\/40\/wp-content\/uploads\/sites\/2\/2020\/03\/Header-hidrogeno.jpg","contentUrl":"https:\/\/revistaazulyverde.com\/ediciones\/40\/wp-content\/uploads\/sites\/2\/2020\/03\/Header-hidrogeno.jpg","width":653,"height":591},{"@type":"BreadcrumbList","@id":"https:\/\/revistaazulyverde.com\/ediciones\/40\/hidrogeno-verde-aliado-de-la-economia-sostenible\/#breadcrumb","itemListElement":[{"@type":"ListItem","position":1,"name":"Portada","item":"https:\/\/revistaazulyverde.com\/ediciones\/40\/"},{"@type":"ListItem","position":2,"name":"El hidr\u00f3geno verde, gran aliado en la descarbonizaci\u00f3n"}]},{"@type":"WebSite","@id":"https:\/\/revistaazulyverde.com\/ediciones\/40\/#website","url":"https:\/\/revistaazulyverde.com\/ediciones\/40\/","name":"Revista Azul y Verde n\u00ba 40","description":"","potentialAction":[{"@type":"SearchAction","target":{"@type":"EntryPoint","urlTemplate":"https:\/\/revistaazulyverde.com\/ediciones\/40\/?s={search_term_string}"},"query-input":{"@type":"PropertyValueSpecification","valueRequired":true,"valueName":"search_term_string"}}],"inLanguage":"es"},{"@type":"Person","@id":"https:\/\/revistaazulyverde.com\/ediciones\/40\/#\/schema\/person\/74598fcf6aa3967744b6de5182a76d51","name":"labsgrup_david","image":{"@type":"ImageObject","inLanguage":"es","@id":"https:\/\/revistaazulyverde.com\/ediciones\/40\/#\/schema\/person\/image\/","url":"https:\/\/secure.gravatar.com\/avatar\/62084aa808bed3aa09d30a1491f370f354141a4cce95d43e329375d88b688338?s=96&d=mm&r=g","contentUrl":"https:\/\/secure.gravatar.com\/avatar\/62084aa808bed3aa09d30a1491f370f354141a4cce95d43e329375d88b688338?s=96&d=mm&r=g","caption":"labsgrup_david"},"url":"https:\/\/revistaazulyverde.com\/ediciones\/40\/author\/labsgrup_david\/"}]}},"_links":{"self":[{"href":"https:\/\/revistaazulyverde.com\/ediciones\/40\/wp-json\/wp\/v2\/posts\/4660","targetHints":{"allow":["GET"]}}],"collection":[{"href":"https:\/\/revistaazulyverde.com\/ediciones\/40\/wp-json\/wp\/v2\/posts"}],"about":[{"href":"https:\/\/revistaazulyverde.com\/ediciones\/40\/wp-json\/wp\/v2\/types\/post"}],"author":[{"embeddable":true,"href":"https:\/\/revistaazulyverde.com\/ediciones\/40\/wp-json\/wp\/v2\/users\/1"}],"replies":[{"embeddable":true,"href":"https:\/\/revistaazulyverde.com\/ediciones\/40\/wp-json\/wp\/v2\/comments?post=4660"}],"version-history":[{"count":22,"href":"https:\/\/revistaazulyverde.com\/ediciones\/40\/wp-json\/wp\/v2\/posts\/4660\/revisions"}],"predecessor-version":[{"id":5855,"href":"https:\/\/revistaazulyverde.com\/ediciones\/40\/wp-json\/wp\/v2\/posts\/4660\/revisions\/5855"}],"wp:featuredmedia":[{"embeddable":true,"href":"https:\/\/revistaazulyverde.com\/ediciones\/40\/wp-json\/wp\/v2\/media\/5185"}],"wp:attachment":[{"href":"https:\/\/revistaazulyverde.com\/ediciones\/40\/wp-json\/wp\/v2\/media?parent=4660"}],"wp:term":[{"taxonomy":"category","embeddable":true,"href":"https:\/\/revistaazulyverde.com\/ediciones\/40\/wp-json\/wp\/v2\/categories?post=4660"},{"taxonomy":"post_tag","embeddable":true,"href":"https:\/\/revistaazulyverde.com\/ediciones\/40\/wp-json\/wp\/v2\/tags?post=4660"}],"curies":[{"name":"wp","href":"https:\/\/api.w.org\/{rel}","templated":true}]}}