{"id":4657,"date":"2020-03-10T12:54:59","date_gmt":"2020-03-10T12:54:59","guid":{"rendered":"https:\/\/revistaazulyverde.com\/ediciones\/40\/?p=4657"},"modified":"2020-04-28T07:28:47","modified_gmt":"2020-04-28T07:28:47","slug":"codigo-etico-proveedores","status":"publish","type":"post","link":"https:\/\/revistaazulyverde.com\/ediciones\/40\/codigo-etico-proveedores\/","title":{"rendered":"Principios \u00c9ticos y pautas de conducta para proveedores"},"content":{"rendered":"<div class=\"wpb-content-wrapper\"><p>[vc_row full_width=\u00bbstretch_row_content\u00bb el_class=\u00bbvisible\u00bb el_id=\u00bbheader-post\u00bb][vc_column][vc_column_text el_class=\u00bbamarillo\u00bb]<div class=\"bg-post\" style=\"background-image: url(https:\/\/revistaazulyverde.com\/ediciones\/40\/wp-content\/uploads\/sites\/2\/2020\/03\/Ola-sostenible-cabecera.jpg)\"><\/div><br \/>\n<div class=\"categoria\" data-color=\"#9cb700\" style=\"background-color: #9cb700\"><span class=\"parent\">Actualidad<\/span><span class=\"cat\">La ola sostenible<\/span><\/div>[\/vc_column_text][vc_custom_heading source=\u00bbpost_title\u00bb font_container=\u00bbtag:h1|font_size:80px|text_align:center|color:%23ffffff\u00bb google_fonts=\u00bbfont_family:PT%20Serif%3Aregular%2Citalic%2C700%2C700italic|font_style:700%20bold%20italic%3A700%3Aitalic\u00bb el_class=\u00bblowercase\u00bb css=\u00bb.vc_custom_1584089087679{margin-top: 0px !important;margin-bottom: 0px !important;}\u00bb][\/vc_column][\/vc_row][vc_row el_class=\u00bbmw965&#8243; css=\u00bb.vc_custom_1584089378705{padding-top: 40px !important;}\u00bb][vc_column][vc_custom_heading text=\u00bbUn compromiso para todos\u00bb font_container=\u00bbtag:h2|font_size:20px|text_align:left|color:%2399b63c\u00bb el_class=\u00bbverdana\u00bb][vc_column_text el_class=\u00bbmw965&#8243;]La cultura \u00e9tica de Enag\u00e1s, recogida en su C\u00f3digo \u00c9tico y que refleja su compromiso con las buenas pr\u00e1cticas, debe ser extensiva a todos sus colaboradores externos. Para ello, la compa\u00f1\u00eda reformul\u00f3 en 2019 este documento, que recoge los principios \u00e9ticos y las pautas de conducta para contratistas, proveedores y aquellos que mantienen un v\u00ednculo con Enag\u00e1s o que la representan. Se trata de una gu\u00eda para que estos aliados se comporten en todo momento en l\u00ednea con los valores de Enag\u00e1s, que incluyen la innovaci\u00f3n, la cooperaci\u00f3n y el trabajo en equipo.[\/vc_column_text][vc_empty_space height=\u00bb30px\u00bb][\/vc_column][\/vc_row][vc_row el_class=\u00bbmw965&#8243;][vc_column width=\u00bb1\/2&#8243;][vc_single_image image=\u00bb5699&#8243; img_size=\u00bblarge\u00bb][\/vc_column][vc_column width=\u00bb1\/2&#8243;][vc_column_text]Establecer unas normas y garantizar su cumplimiento \u00edntegro es una de las prioridades de la compa\u00f1\u00eda, pese a que no lo exige la actual legislaci\u00f3n. En este sentido, Enag\u00e1s espera de sus proveedores que act\u00faen de acuerdo con sus Principios \u00c9ticos, tanto en su relaci\u00f3n con la compa\u00f1\u00eda como con otros terceros con los que traten.<\/p>\n<p>Todos los proveedores y contratistas disponen del C\u00f3digo \u00c9tico y deben confirmar expresamente el compromiso de conocerlo, cumplirlo y hacerlo cumplir a trav\u00e9s de la aceptaci\u00f3n de las condiciones generales de contrataci\u00f3n.[\/vc_column_text][\/vc_column][\/vc_row][vc_row el_class=\u00bbmw965&#8243;][vc_column][vc_empty_space height=\u00bb30px\u00bb][vc_column_text]Para consultar dudas y notificar irregularidades, Enag\u00e1s pone a disposici\u00f3n de sus proveedores y contratistas su canal \u00e9tico, al cual se pueden dirigir a trav\u00e9s de correo electr\u00f3nico (<a href=\"mailto:canal.etico@enagas.es\">canal.etico@enagas.es<\/a>) o correo postal. Las comunicaciones podr\u00e1n ser an\u00f3nimas y ser\u00e1n tratadas de modo confidencial y de acuerdo con lo establecido en la legislaci\u00f3n vigente en materia de protecci\u00f3n de datos.[\/vc_column_text][\/vc_column][\/vc_row][vc_row el_class=\u00bbmw1230&#8243; css=\u00bb.vc_custom_1584093612893{padding-top: 40px !important;}\u00bb][vc_column]<div class=\"edgtf-news-holder edgtf-post-carousel5 edgtf-small-space\"  data-post-status=publish data-ignore-sticky-posts=1 data-posts-per-page=6 data-paged=1 data-max-num-pages=2 data-next-page=2 data-title-tag=h3 data-image-size=custom data-custom-image-width=370 data-custom-image-height=267 data-display-categories=yes data-display-excerpt=no data-display-date=no data-date-format=difference data-display-like=no data-display-comments=no data-display-share=no data-display-hot-trending-icons=no data-layout=edgtf_post_carousel5><div class=\"edgtf-news-list-inner edgtf-owl-slider\" data-number-of-items=\"4\"   data-slider-speed=\"4000\" data-slider-speed-animation=\"600\"   data-enable-auto-height=\"yes\"><div class=\"edgtf-news-item edgtf-layout1-item edgtf-item-space\" data-color=\"#9cb700\">\n\t<div class=\"edgtf-ni-image-holder\">\n\t\t\t<div class=\"edgtf-post-image\">\n\t\t<a itemprop=\"url\" href=\"https:\/\/revistaazulyverde.com\/ediciones\/40\/enagas-responde-coronavirus\/\" title=\"Enag\u00e1s responde al reto del coronavirus\">\n\t\t\t<img loading=\"lazy\" decoding=\"async\" src=\"https:\/\/revistaazulyverde.com\/ediciones\/40\/wp-content\/uploads\/sites\/2\/2020\/04\/covid-nueva-destacado-370x267.jpg\" alt=\"\" width=\"370\" height=\"267\" \/>\t\t<\/a>\n\t<\/div>\n        <div class=\"edgtf-ni-like-comments-share-holder\">\n                                            <\/div>\n\t<\/div>\n\t<div class=\"edgtf-ni-content\">\n\t\t<div class=\"edgtf-ni-info edgtf-ni-info-top\">\n            \t<div class=\"edgtf-post-info-category\">\n\t\t<a href=\"https:\/\/revistaazulyverde.com\/ediciones\/40\/category\/actualidad\/especial-covid-19\/\" rel=\"category tag\">Especial COVID-19<\/a>\t<\/div>\n\t\t<\/div>\n\t\t\n<h3 itemprop=\"name\" class=\"entry-title edgtf-post-title \" >\n<a itemprop=\"url\" href=\"https:\/\/revistaazulyverde.com\/ediciones\/40\/enagas-responde-coronavirus\/\" title=\"Enag\u00e1s responde al reto del coronavirus\">\n    Enag\u00e1s responde al reto del coronavirus<\/a>\n<\/h3>\t\t\t\t<div class=\"edgtf-ni-info edgtf-ni-info-bottom\">\n                        \t\t<\/div>\n\t<\/div>\n<\/div><div class=\"edgtf-news-item edgtf-layout1-item edgtf-item-space\" data-color=\"#007aae\">\n\t<div class=\"edgtf-ni-image-holder\">\n\t\t\t<div class=\"edgtf-post-image\">\n\t\t<a itemprop=\"url\" href=\"https:\/\/revistaazulyverde.com\/ediciones\/40\/editorial-240\/\" title=\"Dar lo mejor de nosotros mismos\">\n\t\t\t<img loading=\"lazy\" decoding=\"async\" src=\"https:\/\/revistaazulyverde.com\/ediciones\/40\/wp-content\/uploads\/sites\/2\/2020\/04\/editorial-nueva-destacado-370x267.jpg\" alt=\"\" width=\"370\" height=\"267\" \/>\t\t<\/a>\n\t<\/div>\n        <div class=\"edgtf-ni-like-comments-share-holder\">\n                                            <\/div>\n\t<\/div>\n\t<div class=\"edgtf-ni-content\">\n\t\t<div class=\"edgtf-ni-info edgtf-ni-info-top\">\n            \t<div class=\"edgtf-post-info-category\">\n\t\t<a href=\"https:\/\/revistaazulyverde.com\/ediciones\/40\/category\/editorial\/\" rel=\"category tag\">Editorial<\/a>\t<\/div>\n\t\t<\/div>\n\t\t\n<h3 itemprop=\"name\" class=\"entry-title edgtf-post-title \" >\n<a itemprop=\"url\" href=\"https:\/\/revistaazulyverde.com\/ediciones\/40\/editorial-240\/\" title=\"Dar lo mejor de nosotros mismos\">\n    Dar lo mejor de nosotros mismos<\/a>\n<\/h3>\t\t\t\t<div class=\"edgtf-ni-info edgtf-ni-info-bottom\">\n                        \t\t<\/div>\n\t<\/div>\n<\/div><div class=\"edgtf-news-item edgtf-layout1-item edgtf-item-space\" data-color=\"#ffb81c\">\n\t<div class=\"edgtf-ni-image-holder\">\n\t\t\t<div class=\"edgtf-post-image\">\n\t\t<a itemprop=\"url\" href=\"https:\/\/revistaazulyverde.com\/ediciones\/40\/mas-alla-de-enagas\/\" title=\"Manuel Rivas Soto\">\n\t\t\t<img loading=\"lazy\" decoding=\"async\" src=\"https:\/\/revistaazulyverde.com\/ediciones\/40\/wp-content\/uploads\/sites\/2\/2020\/03\/estatua-destacada-370x267.jpg\" alt=\"\" width=\"370\" height=\"267\" \/>\t\t<\/a>\n\t<\/div>\n        <div class=\"edgtf-ni-like-comments-share-holder\">\n                                            <\/div>\n\t<\/div>\n\t<div class=\"edgtf-ni-content\">\n\t\t<div class=\"edgtf-ni-info edgtf-ni-info-top\">\n            \t<div class=\"edgtf-post-info-category\">\n\t\t<a href=\"https:\/\/revistaazulyverde.com\/ediciones\/40\/category\/equipo-enagas\/mas-alla-de-enagas\/\" rel=\"category tag\">M\u00e1s all\u00e1 de Enag\u00e1s<\/a>\t<\/div>\n\t\t<\/div>\n\t\t\n<h3 itemprop=\"name\" class=\"entry-title edgtf-post-title \" >\n<a itemprop=\"url\" href=\"https:\/\/revistaazulyverde.com\/ediciones\/40\/mas-alla-de-enagas\/\" title=\"Manuel Rivas Soto\">\n    Manuel Rivas Soto<\/a>\n<\/h3>\t\t\t\t<div class=\"edgtf-ni-info edgtf-ni-info-bottom\">\n                        \t\t<\/div>\n\t<\/div>\n<\/div><div class=\"edgtf-news-item edgtf-layout1-item edgtf-item-space\" data-color=\"#ffb81c\">\n\t<div class=\"edgtf-ni-image-holder\">\n\t\t\t<div class=\"edgtf-post-image\">\n\t\t<a itemprop=\"url\" href=\"https:\/\/revistaazulyverde.com\/ediciones\/40\/ayn-numero-40-de-persona-a-persona\/\" title=\"Convivencia de generaciones para avanzar conjuntamente\">\n\t\t\t<img loading=\"lazy\" decoding=\"async\" src=\"https:\/\/revistaazulyverde.com\/ediciones\/40\/wp-content\/uploads\/sites\/2\/2020\/03\/personas-destacada-370x267.jpg\" alt=\"\" width=\"370\" height=\"267\" \/>\t\t<\/a>\n\t<\/div>\n        <div class=\"edgtf-ni-like-comments-share-holder\">\n                                            <\/div>\n\t<\/div>\n\t<div class=\"edgtf-ni-content\">\n\t\t<div class=\"edgtf-ni-info edgtf-ni-info-top\">\n            \t<div class=\"edgtf-post-info-category\">\n\t\t<a href=\"https:\/\/revistaazulyverde.com\/ediciones\/40\/category\/equipo-enagas\/de-persona-a-persona\/\" rel=\"category tag\">De persona a persona<\/a>\t<\/div>\n\t\t<\/div>\n\t\t\n<h3 itemprop=\"name\" class=\"entry-title edgtf-post-title \" >\n<a itemprop=\"url\" href=\"https:\/\/revistaazulyverde.com\/ediciones\/40\/ayn-numero-40-de-persona-a-persona\/\" title=\"Convivencia de generaciones para avanzar conjuntamente\">\n    Convivencia de generaciones para avanzar conjuntamente<\/a>\n<\/h3>\t\t\t\t<div class=\"edgtf-ni-info edgtf-ni-info-bottom\">\n                        \t\t<\/div>\n\t<\/div>\n<\/div><div class=\"edgtf-news-item edgtf-layout1-item edgtf-item-space\" data-color=\"#007aae\">\n\t<div class=\"edgtf-ni-image-holder\">\n\t\t\t<div class=\"edgtf-post-image\">\n\t\t<a itemprop=\"url\" href=\"https:\/\/revistaazulyverde.com\/ediciones\/40\/adn-enagas\/\" title=\"Ingenia Energy Challenge 2020\">\n\t\t\t<img loading=\"lazy\" decoding=\"async\" src=\"https:\/\/revistaazulyverde.com\/ediciones\/40\/wp-content\/uploads\/sites\/2\/2020\/03\/ingenia-destacado-2-370x267.jpg\" alt=\"\" width=\"370\" height=\"267\" \/>\t\t<\/a>\n\t<\/div>\n        <div class=\"edgtf-ni-like-comments-share-holder\">\n                                            <\/div>\n\t<\/div>\n\t<div class=\"edgtf-ni-content\">\n\t\t<div class=\"edgtf-ni-info edgtf-ni-info-top\">\n            \t<div class=\"edgtf-post-info-category\">\n\t\t<a href=\"https:\/\/revistaazulyverde.com\/ediciones\/40\/category\/nuestra-actividad\/adn-enagas-startups\/\" rel=\"category tag\">ADN startup<\/a>\t<\/div>\n\t\t<\/div>\n\t\t\n<h3 itemprop=\"name\" class=\"entry-title edgtf-post-title \" >\n<a itemprop=\"url\" href=\"https:\/\/revistaazulyverde.com\/ediciones\/40\/adn-enagas\/\" title=\"Ingenia Energy Challenge 2020\">\n    Ingenia Energy Challenge 2020<\/a>\n<\/h3>\t\t\t\t<div class=\"edgtf-ni-info edgtf-ni-info-bottom\">\n                        \t\t<\/div>\n\t<\/div>\n<\/div><div class=\"edgtf-news-item edgtf-layout1-item edgtf-item-space\" data-color=\"#007aae\">\n\t<div class=\"edgtf-ni-image-holder\">\n\t\t\t<div class=\"edgtf-post-image\">\n\t\t<a itemprop=\"url\" href=\"https:\/\/revistaazulyverde.com\/ediciones\/40\/energia-positiva\/\" title=\"Energ\u00eda Positiva+: la innovaci\u00f3n como mejor v\u00eda para avanzar en la crisis del Covid-19\">\n\t\t\t<img loading=\"lazy\" decoding=\"async\" src=\"https:\/\/revistaazulyverde.com\/ediciones\/40\/wp-content\/uploads\/sites\/2\/2020\/04\/energia-positiva-destacado-370x267.jpg\" alt=\"\" width=\"370\" height=\"267\" \/>\t\t<\/a>\n\t<\/div>\n        <div class=\"edgtf-ni-like-comments-share-holder\">\n                                            <\/div>\n\t<\/div>\n\t<div class=\"edgtf-ni-content\">\n\t\t<div class=\"edgtf-ni-info edgtf-ni-info-top\">\n            \t<div class=\"edgtf-post-info-category\">\n\t\t<a href=\"https:\/\/revistaazulyverde.com\/ediciones\/40\/category\/nuestra-actividad\/adn-enagas-startups\/\" rel=\"category tag\">ADN startup<\/a>\t<\/div>\n\t\t<\/div>\n\t\t\n<h3 itemprop=\"name\" class=\"entry-title edgtf-post-title \" >\n<a itemprop=\"url\" href=\"https:\/\/revistaazulyverde.com\/ediciones\/40\/energia-positiva\/\" title=\"Energ\u00eda Positiva+: la innovaci\u00f3n como mejor v\u00eda para avanzar en la crisis del Covid-19\">\n    Energ\u00eda Positiva+: la innovaci\u00f3n como mejor v\u00eda para avanzar en la crisis del Covid-19<\/a>\n<\/h3>\t\t\t\t<div class=\"edgtf-ni-info edgtf-ni-info-bottom\">\n                        \t\t<\/div>\n\t<\/div>\n<\/div><\/div><\/div>[\/vc_column][\/vc_row]<\/p>\n<\/div>","protected":false},"excerpt":{"rendered":"<p>[vc_row full_width=\u00bbstretch_row_content\u00bb el_class=\u00bbvisible\u00bb el_id=\u00bbheader-post\u00bb][vc_column][vc_column_text el_class=\u00bbamarillo\u00bb] [\/vc_column_text][vc_custom_heading source=\u00bbpost_title\u00bb font_container=\u00bbtag:h1|font_size:80px|text_align:center|color:%23ffffff\u00bb google_fonts=\u00bbfont_family:PT%20Serif%3Aregular%2Citalic%2C700%2C700italic|font_style:700%20bold%20italic%3A700%3Aitalic\u00bb el_class=\u00bblowercase\u00bb css=\u00bb.vc_custom_1584089087679{margin-top: 0px !important;margin-bottom: 0px !important;}\u00bb][\/vc_column][\/vc_row][vc_row el_class=\u00bbmw965&#8243; css=\u00bb.vc_custom_1584089378705{padding-top: 40px !important;}\u00bb][vc_column][vc_custom_heading text=\u00bbUn compromiso para todos\u00bb font_container=\u00bbtag:h2|font_size:20px|text_align:left|color:%2399b63c\u00bb el_class=\u00bbverdana\u00bb][vc_column_text el_class=\u00bbmw965&#8243;]La cultura \u00e9tica de Enag\u00e1s, recogida en su C\u00f3digo \u00c9tico y que refleja su compromiso [&hellip;]<\/p>\n","protected":false},"author":1,"featured_media":5530,"comment_status":"open","ping_status":"open","sticky":false,"template":"","format":"standard","meta":{"_acf_changed":false,"footnotes":""},"categories":[55],"tags":[],"class_list":["post-4657","post","type-post","status-publish","format-standard","has-post-thumbnail","hentry","category-la-ola-sostenible"],"acf":[],"yoast_head":"<!-- This site is optimized with the Yoast SEO plugin v24.9 - https:\/\/yoast.com\/wordpress\/plugins\/seo\/ -->\n<title>Principios \u00c9ticos y pautas de conducta para proveedores - Revista Azul y Verde n\u00ba 40<\/title>\n<meta name=\"robots\" content=\"noindex, follow, max-snippet:-1, max-image-preview:large, max-video-preview:-1\" \/>\n<meta property=\"og:locale\" content=\"es_ES\" \/>\n<meta property=\"og:type\" content=\"article\" \/>\n<meta property=\"og:title\" content=\"Principios \u00c9ticos y pautas de conducta para proveedores - Revista Azul y Verde n\u00ba 40\" \/>\n<meta property=\"og:description\" content=\"[vc_row full_width=\u00bbstretch_row_content\u00bb el_class=\u00bbvisible\u00bb el_id=\u00bbheader-post\u00bb][vc_column][vc_column_text el_class=\u00bbamarillo\u00bb] [\/vc_column_text][vc_custom_heading source=\u00bbpost_title\u00bb font_container=\u00bbtag:h1|font_size:80px|text_align:center|color:%23ffffff\u00bb google_fonts=\u00bbfont_family:PT%20Serif%3Aregular%2Citalic%2C700%2C700italic|font_style:700%20bold%20italic%3A700%3Aitalic\u00bb el_class=\u00bblowercase\u00bb css=\u00bb.vc_custom_1584089087679{margin-top: 0px !important;margin-bottom: 0px !important;}\u00bb][\/vc_column][\/vc_row][vc_row el_class=\u00bbmw965&#8243; css=\u00bb.vc_custom_1584089378705{padding-top: 40px !important;}\u00bb][vc_column][vc_custom_heading text=\u00bbUn compromiso para todos\u00bb font_container=\u00bbtag:h2|font_size:20px|text_align:left|color:%2399b63c\u00bb el_class=\u00bbverdana\u00bb][vc_column_text el_class=\u00bbmw965&#8243;]La cultura \u00e9tica de Enag\u00e1s, recogida en su C\u00f3digo \u00c9tico y que refleja su compromiso [&hellip;]\" \/>\n<meta property=\"og:url\" content=\"https:\/\/revistaazulyverde.com\/ediciones\/40\/codigo-etico-proveedores\/\" \/>\n<meta property=\"og:site_name\" content=\"Revista Azul y Verde n\u00ba 40\" \/>\n<meta property=\"article:published_time\" content=\"2020-03-10T12:54:59+00:00\" \/>\n<meta property=\"article:modified_time\" content=\"2020-04-28T07:28:47+00:00\" \/>\n<meta property=\"og:image\" content=\"https:\/\/revistaazulyverde.com\/ediciones\/40\/wp-content\/uploads\/sites\/2\/2020\/03\/ola-sostenible-destacada-3.jpg\" \/>\n\t<meta property=\"og:image:width\" content=\"653\" \/>\n\t<meta property=\"og:image:height\" content=\"591\" \/>\n\t<meta property=\"og:image:type\" content=\"image\/jpeg\" \/>\n<meta name=\"author\" content=\"labsgrup_david\" \/>\n<meta name=\"twitter:card\" content=\"summary_large_image\" \/>\n<meta name=\"twitter:label1\" content=\"Escrito por\" \/>\n\t<meta name=\"twitter:data1\" content=\"labsgrup_david\" \/>\n\t<meta name=\"twitter:label2\" content=\"Tiempo de lectura\" \/>\n\t<meta name=\"twitter:data2\" content=\"3 minutos\" \/>\n<script type=\"application\/ld+json\" class=\"yoast-schema-graph\">{\"@context\":\"https:\/\/schema.org\",\"@graph\":[{\"@type\":\"WebPage\",\"@id\":\"https:\/\/revistaazulyverde.com\/ediciones\/40\/codigo-etico-proveedores\/\",\"url\":\"https:\/\/revistaazulyverde.com\/ediciones\/40\/codigo-etico-proveedores\/\",\"name\":\"Principios \u00c9ticos y pautas de conducta para proveedores - Revista Azul y Verde n\u00ba 40\",\"isPartOf\":{\"@id\":\"https:\/\/revistaazulyverde.com\/ediciones\/40\/#website\"},\"primaryImageOfPage\":{\"@id\":\"https:\/\/revistaazulyverde.com\/ediciones\/40\/codigo-etico-proveedores\/#primaryimage\"},\"image\":{\"@id\":\"https:\/\/revistaazulyverde.com\/ediciones\/40\/codigo-etico-proveedores\/#primaryimage\"},\"thumbnailUrl\":\"https:\/\/revistaazulyverde.com\/ediciones\/40\/wp-content\/uploads\/sites\/2\/2020\/03\/ola-sostenible-destacada-3.jpg\",\"datePublished\":\"2020-03-10T12:54:59+00:00\",\"dateModified\":\"2020-04-28T07:28:47+00:00\",\"author\":{\"@id\":\"https:\/\/revistaazulyverde.com\/ediciones\/40\/#\/schema\/person\/74598fcf6aa3967744b6de5182a76d51\"},\"breadcrumb\":{\"@id\":\"https:\/\/revistaazulyverde.com\/ediciones\/40\/codigo-etico-proveedores\/#breadcrumb\"},\"inLanguage\":\"es\",\"potentialAction\":[{\"@type\":\"ReadAction\",\"target\":[\"https:\/\/revistaazulyverde.com\/ediciones\/40\/codigo-etico-proveedores\/\"]}]},{\"@type\":\"ImageObject\",\"inLanguage\":\"es\",\"@id\":\"https:\/\/revistaazulyverde.com\/ediciones\/40\/codigo-etico-proveedores\/#primaryimage\",\"url\":\"https:\/\/revistaazulyverde.com\/ediciones\/40\/wp-content\/uploads\/sites\/2\/2020\/03\/ola-sostenible-destacada-3.jpg\",\"contentUrl\":\"https:\/\/revistaazulyverde.com\/ediciones\/40\/wp-content\/uploads\/sites\/2\/2020\/03\/ola-sostenible-destacada-3.jpg\",\"width\":653,\"height\":591},{\"@type\":\"BreadcrumbList\",\"@id\":\"https:\/\/revistaazulyverde.com\/ediciones\/40\/codigo-etico-proveedores\/#breadcrumb\",\"itemListElement\":[{\"@type\":\"ListItem\",\"position\":1,\"name\":\"Portada\",\"item\":\"https:\/\/revistaazulyverde.com\/ediciones\/40\/\"},{\"@type\":\"ListItem\",\"position\":2,\"name\":\"Principios \u00c9ticos y pautas de conducta para proveedores\"}]},{\"@type\":\"WebSite\",\"@id\":\"https:\/\/revistaazulyverde.com\/ediciones\/40\/#website\",\"url\":\"https:\/\/revistaazulyverde.com\/ediciones\/40\/\",\"name\":\"Revista Azul y Verde n\u00ba 40\",\"description\":\"\",\"potentialAction\":[{\"@type\":\"SearchAction\",\"target\":{\"@type\":\"EntryPoint\",\"urlTemplate\":\"https:\/\/revistaazulyverde.com\/ediciones\/40\/?s={search_term_string}\"},\"query-input\":{\"@type\":\"PropertyValueSpecification\",\"valueRequired\":true,\"valueName\":\"search_term_string\"}}],\"inLanguage\":\"es\"},{\"@type\":\"Person\",\"@id\":\"https:\/\/revistaazulyverde.com\/ediciones\/40\/#\/schema\/person\/74598fcf6aa3967744b6de5182a76d51\",\"name\":\"labsgrup_david\",\"image\":{\"@type\":\"ImageObject\",\"inLanguage\":\"es\",\"@id\":\"https:\/\/revistaazulyverde.com\/ediciones\/40\/#\/schema\/person\/image\/\",\"url\":\"https:\/\/secure.gravatar.com\/avatar\/62084aa808bed3aa09d30a1491f370f354141a4cce95d43e329375d88b688338?s=96&d=mm&r=g\",\"contentUrl\":\"https:\/\/secure.gravatar.com\/avatar\/62084aa808bed3aa09d30a1491f370f354141a4cce95d43e329375d88b688338?s=96&d=mm&r=g\",\"caption\":\"labsgrup_david\"},\"url\":\"https:\/\/revistaazulyverde.com\/ediciones\/40\/author\/labsgrup_david\/\"}]}<\/script>\n<!-- \/ Yoast SEO plugin. -->","yoast_head_json":{"title":"Principios \u00c9ticos y pautas de conducta para proveedores - Revista Azul y Verde n\u00ba 40","robots":{"index":"noindex","follow":"follow","max-snippet":"max-snippet:-1","max-image-preview":"max-image-preview:large","max-video-preview":"max-video-preview:-1"},"og_locale":"es_ES","og_type":"article","og_title":"Principios \u00c9ticos y pautas de conducta para proveedores - Revista Azul y Verde n\u00ba 40","og_description":"[vc_row full_width=\u00bbstretch_row_content\u00bb el_class=\u00bbvisible\u00bb el_id=\u00bbheader-post\u00bb][vc_column][vc_column_text el_class=\u00bbamarillo\u00bb] [\/vc_column_text][vc_custom_heading source=\u00bbpost_title\u00bb font_container=\u00bbtag:h1|font_size:80px|text_align:center|color:%23ffffff\u00bb google_fonts=\u00bbfont_family:PT%20Serif%3Aregular%2Citalic%2C700%2C700italic|font_style:700%20bold%20italic%3A700%3Aitalic\u00bb el_class=\u00bblowercase\u00bb css=\u00bb.vc_custom_1584089087679{margin-top: 0px !important;margin-bottom: 0px !important;}\u00bb][\/vc_column][\/vc_row][vc_row el_class=\u00bbmw965&#8243; css=\u00bb.vc_custom_1584089378705{padding-top: 40px !important;}\u00bb][vc_column][vc_custom_heading text=\u00bbUn compromiso para todos\u00bb font_container=\u00bbtag:h2|font_size:20px|text_align:left|color:%2399b63c\u00bb el_class=\u00bbverdana\u00bb][vc_column_text el_class=\u00bbmw965&#8243;]La cultura \u00e9tica de Enag\u00e1s, recogida en su C\u00f3digo \u00c9tico y que refleja su compromiso [&hellip;]","og_url":"https:\/\/revistaazulyverde.com\/ediciones\/40\/codigo-etico-proveedores\/","og_site_name":"Revista Azul y Verde n\u00ba 40","article_published_time":"2020-03-10T12:54:59+00:00","article_modified_time":"2020-04-28T07:28:47+00:00","og_image":[{"width":653,"height":591,"url":"https:\/\/revistaazulyverde.com\/ediciones\/40\/wp-content\/uploads\/sites\/2\/2020\/03\/ola-sostenible-destacada-3.jpg","type":"image\/jpeg"}],"author":"labsgrup_david","twitter_card":"summary_large_image","twitter_misc":{"Escrito por":"labsgrup_david","Tiempo de lectura":"3 minutos"},"schema":{"@context":"https:\/\/schema.org","@graph":[{"@type":"WebPage","@id":"https:\/\/revistaazulyverde.com\/ediciones\/40\/codigo-etico-proveedores\/","url":"https:\/\/revistaazulyverde.com\/ediciones\/40\/codigo-etico-proveedores\/","name":"Principios \u00c9ticos y pautas de conducta para proveedores - Revista Azul y Verde n\u00ba 40","isPartOf":{"@id":"https:\/\/revistaazulyverde.com\/ediciones\/40\/#website"},"primaryImageOfPage":{"@id":"https:\/\/revistaazulyverde.com\/ediciones\/40\/codigo-etico-proveedores\/#primaryimage"},"image":{"@id":"https:\/\/revistaazulyverde.com\/ediciones\/40\/codigo-etico-proveedores\/#primaryimage"},"thumbnailUrl":"https:\/\/revistaazulyverde.com\/ediciones\/40\/wp-content\/uploads\/sites\/2\/2020\/03\/ola-sostenible-destacada-3.jpg","datePublished":"2020-03-10T12:54:59+00:00","dateModified":"2020-04-28T07:28:47+00:00","author":{"@id":"https:\/\/revistaazulyverde.com\/ediciones\/40\/#\/schema\/person\/74598fcf6aa3967744b6de5182a76d51"},"breadcrumb":{"@id":"https:\/\/revistaazulyverde.com\/ediciones\/40\/codigo-etico-proveedores\/#breadcrumb"},"inLanguage":"es","potentialAction":[{"@type":"ReadAction","target":["https:\/\/revistaazulyverde.com\/ediciones\/40\/codigo-etico-proveedores\/"]}]},{"@type":"ImageObject","inLanguage":"es","@id":"https:\/\/revistaazulyverde.com\/ediciones\/40\/codigo-etico-proveedores\/#primaryimage","url":"https:\/\/revistaazulyverde.com\/ediciones\/40\/wp-content\/uploads\/sites\/2\/2020\/03\/ola-sostenible-destacada-3.jpg","contentUrl":"https:\/\/revistaazulyverde.com\/ediciones\/40\/wp-content\/uploads\/sites\/2\/2020\/03\/ola-sostenible-destacada-3.jpg","width":653,"height":591},{"@type":"BreadcrumbList","@id":"https:\/\/revistaazulyverde.com\/ediciones\/40\/codigo-etico-proveedores\/#breadcrumb","itemListElement":[{"@type":"ListItem","position":1,"name":"Portada","item":"https:\/\/revistaazulyverde.com\/ediciones\/40\/"},{"@type":"ListItem","position":2,"name":"Principios \u00c9ticos y pautas de conducta para proveedores"}]},{"@type":"WebSite","@id":"https:\/\/revistaazulyverde.com\/ediciones\/40\/#website","url":"https:\/\/revistaazulyverde.com\/ediciones\/40\/","name":"Revista Azul y Verde n\u00ba 40","description":"","potentialAction":[{"@type":"SearchAction","target":{"@type":"EntryPoint","urlTemplate":"https:\/\/revistaazulyverde.com\/ediciones\/40\/?s={search_term_string}"},"query-input":{"@type":"PropertyValueSpecification","valueRequired":true,"valueName":"search_term_string"}}],"inLanguage":"es"},{"@type":"Person","@id":"https:\/\/revistaazulyverde.com\/ediciones\/40\/#\/schema\/person\/74598fcf6aa3967744b6de5182a76d51","name":"labsgrup_david","image":{"@type":"ImageObject","inLanguage":"es","@id":"https:\/\/revistaazulyverde.com\/ediciones\/40\/#\/schema\/person\/image\/","url":"https:\/\/secure.gravatar.com\/avatar\/62084aa808bed3aa09d30a1491f370f354141a4cce95d43e329375d88b688338?s=96&d=mm&r=g","contentUrl":"https:\/\/secure.gravatar.com\/avatar\/62084aa808bed3aa09d30a1491f370f354141a4cce95d43e329375d88b688338?s=96&d=mm&r=g","caption":"labsgrup_david"},"url":"https:\/\/revistaazulyverde.com\/ediciones\/40\/author\/labsgrup_david\/"}]}},"_links":{"self":[{"href":"https:\/\/revistaazulyverde.com\/ediciones\/40\/wp-json\/wp\/v2\/posts\/4657","targetHints":{"allow":["GET"]}}],"collection":[{"href":"https:\/\/revistaazulyverde.com\/ediciones\/40\/wp-json\/wp\/v2\/posts"}],"about":[{"href":"https:\/\/revistaazulyverde.com\/ediciones\/40\/wp-json\/wp\/v2\/types\/post"}],"author":[{"embeddable":true,"href":"https:\/\/revistaazulyverde.com\/ediciones\/40\/wp-json\/wp\/v2\/users\/1"}],"replies":[{"embeddable":true,"href":"https:\/\/revistaazulyverde.com\/ediciones\/40\/wp-json\/wp\/v2\/comments?post=4657"}],"version-history":[{"count":6,"href":"https:\/\/revistaazulyverde.com\/ediciones\/40\/wp-json\/wp\/v2\/posts\/4657\/revisions"}],"predecessor-version":[{"id":5724,"href":"https:\/\/revistaazulyverde.com\/ediciones\/40\/wp-json\/wp\/v2\/posts\/4657\/revisions\/5724"}],"wp:featuredmedia":[{"embeddable":true,"href":"https:\/\/revistaazulyverde.com\/ediciones\/40\/wp-json\/wp\/v2\/media\/5530"}],"wp:attachment":[{"href":"https:\/\/revistaazulyverde.com\/ediciones\/40\/wp-json\/wp\/v2\/media?parent=4657"}],"wp:term":[{"taxonomy":"category","embeddable":true,"href":"https:\/\/revistaazulyverde.com\/ediciones\/40\/wp-json\/wp\/v2\/categories?post=4657"},{"taxonomy":"post_tag","embeddable":true,"href":"https:\/\/revistaazulyverde.com\/ediciones\/40\/wp-json\/wp\/v2\/tags?post=4657"}],"curies":[{"name":"wp","href":"https:\/\/api.w.org\/{rel}","templated":true}]}}