{"id":4654,"date":"2020-03-10T12:53:58","date_gmt":"2020-03-10T12:53:58","guid":{"rendered":"https:\/\/revistaazulyverde.com\/ediciones\/40\/?p=4654"},"modified":"2020-05-08T08:55:31","modified_gmt":"2020-05-08T06:55:31","slug":"proyecto-grecia","status":"publish","type":"post","link":"https:\/\/revistaazulyverde.com\/ediciones\/40\/proyecto-grecia\/","title":{"rendered":"Un a\u00f1o en Grecia"},"content":{"rendered":"<div class=\"wpb-content-wrapper\"><p>[vc_row full_width=\u00bbstretch_row_content\u00bb el_class=\u00bbvisible\u00bb el_id=\u00bbheader-post\u00bb][vc_column][vc_column_text el_class=\u00bbamarillo\u00bb]<div class=\"bg-post\" style=\"background-image: url(https:\/\/revistaazulyverde.com\/ediciones\/40\/wp-content\/uploads\/sites\/2\/2020\/05\/grecia-cabecera-2.jpg)\"><\/div><br \/>\n<div class=\"categoria\" data-color=\"#9cb700\" style=\"background-color: #9cb700\"><span class=\"parent\">Actualidad<\/span><span class=\"cat\">Enag\u00e1s en el mundo<\/span><\/div>[\/vc_column_text][vc_custom_heading source=\u00bbpost_title\u00bb font_container=\u00bbtag:h1|font_size:80px|text_align:center|color:%23ffffff\u00bb google_fonts=\u00bbfont_family:PT%20Serif%3Aregular%2Citalic%2C700%2C700italic|font_style:700%20bold%20italic%3A700%3Aitalic\u00bb el_class=\u00bblowercase\u00bb css=\u00bb.vc_custom_1584089087679{margin-top: 0px !important;margin-bottom: 0px !important;}\u00bb][\/vc_column][\/vc_row][vc_row el_class=\u00bbmw965&#8243; css=\u00bb.vc_custom_1584089378705{padding-top: 40px !important;}\u00bb][vc_column][vc_custom_heading text=\u00bbEstrategia de Enag\u00e1s<br \/>\nen Grecia\u00bb font_container=\u00bbtag:h2|font_size:20px|text_align:left|color:%2399b63c\u00bb el_class=\u00bbverdana\u00bb][vc_column_text]<\/p>\n<p style=\"color: #99b63d\"><em>El enclave geoestrat\u00e9gico en el que se localiza Grecia, su potencial para convertirse en un aut\u00e9ntico hub gasista del sureste de Europa y una demanda interna creciente convierten a este pa\u00eds en uno de los m\u00e1s atractivos para consolidar, a\u00fan m\u00e1s, la estrategia internacional de Enag\u00e1s. La compa\u00f1\u00eda, que hace poco m\u00e1s de un a\u00f1o particip\u00f3 en la privatizaci\u00f3n del operador de gas heleno DESFA, realiza una valoraci\u00f3n muy favorable de esta experiencia, en la que tiene como aliados a dos socios europeos Snam (Italia) y Fluxys (B\u00e9lgica) y al socio local griego Copelouzos, adem\u00e1s del propio Gobierno Griego. Enag\u00e1s percibe m\u00e1s oportunidades para seguir ampliando su presencia en el mercado heleno. Su reputaci\u00f3n y experiencia le avalan en la b\u00fasqueda de nuevas posibilidades. <\/em><\/p>\n<p>[\/vc_column_text][vc_column_text]La estrategia de Enag\u00e1s en Grecia se ha demostrado un \u00e9xito, justo cuando se cumple poco m\u00e1s de un a\u00f1o de la llegada de la compa\u00f1\u00eda al pa\u00eds a trav\u00e9s de su participaci\u00f3n en la operadora local DESFA. \u201cHacemos una valoraci\u00f3n muy positiva. DESFA ha pasado en este primer a\u00f1o de ser una empresa p\u00fablica a ser una compa\u00f1\u00eda privada. Para ello, se han implantado nuevas estructuras de Gobierno Corporativo y se ha finalizado con \u00e9xito la negociaci\u00f3n del primer convenio colectivo tras la privatizaci\u00f3n, todo ello posicionando a la compa\u00f1\u00eda en l\u00ednea con los est\u00e1ndares de los principales TSOs europeos\u201d, comenta Fernando Kalligas, <em>secondee<\/em> de Enag\u00e1s en DESFA y responsable de la Oficina del CEO en esta sociedad.[\/vc_column_text][vc_single_image image=\u00bb5521&#8243; img_size=\u00bbmedium\u00bb alignment=\u00bbcenter\u00bb][vc_empty_space height=\u00bb22px\u00bb][vc_column_text]Durante este periodo, Enag\u00e1s y sus socios (la italiana Snam y la belga Fluxys) han implementado a trav\u00e9s del consorcio Senfluga (sociedad que controla el 66% del capital de DESFA) una serie de medidas para fortalecer a la empresa. \u201cSe ha aprobado un nuevo y ambicioso plan de desarrollo de infraestructuras a 10 a\u00f1os, se ha actualizado el sistema tarifario y de remuneraci\u00f3n y se ha dise\u00f1ado el primer plan de negocio tras la privatizaci\u00f3n, todo ello alineado con las expectativas de la adquisici\u00f3n\u201d explica Javier Lara, Gerente de Gesti\u00f3n de Sociedades de Europa (DESFA).<\/p>\n<p>Oihane Rodr\u00edguez, coordinadora de Gesti\u00f3n de Sociedades, destaca la importancia fundamental de la colaboraci\u00f3n transversal de los equipos internos de Enag\u00e1s para el logro de los hitos mencionados, y a\u00f1ade que Enag\u00e1s ha realizado un intenso intercambio de experiencia y conocimiento con el equipo de DESFA, entre otros para desarrollar proyectos de <em>small scale<\/em> de GNL, para la optimizaci\u00f3n de protocolos de gesti\u00f3n de <em>slots<\/em> en la planta de GNL, para el dise\u00f1o e implantaci\u00f3n de las pol\u00edticas de personal y remuneraci\u00f3n, as\u00ed como dando soporte para optimizar la financiaci\u00f3n de la compa\u00f1\u00eda. En opini\u00f3n de Kalligas, se trata de aportaciones que confirman el valor diferencial aportado por Enag\u00e1s y que son muy valoradas, tanto por el Management de DESFA como por el propio Gobierno Griego en su condici\u00f3n de accionista.[\/vc_column_text][vc_empty_space height=\u00bb20px\u00bb][\/vc_column][\/vc_row][vc_row el_class=\u00bbmw965&#8243;][vc_column][vc_custom_heading text=\u00bb\u00abGrecia cuenta con un gran potencial por el crecimiento esperado de su demanda interna, por la eliminaci\u00f3n progresiva de centrales de carb\u00f3n y su sustituci\u00f3n por gas en la generaci\u00f3n de electricidad\u201d.\u00bb font_container=\u00bbtag:h3|font_size:28px|text_align:center|color:%23777777|line_height:34px\u00bb google_fonts=\u00bbfont_family:PT%20Serif%3Aregular%2Citalic%2C700%2C700italic|font_style:700%20bold%20italic%3A700%3Aitalic\u00bb el_class=\u00bblowercase pl120 f30&#8243; css=\u00bb.vc_custom_1588583913637{padding-right: 60px !important;padding-left: 60px !important;}\u00bb][vc_custom_heading text=\u00bbLuis Romero, Director de Negocio Internacional Europa\u2013LATAM.\u00bb font_container=\u00bbtag:h3|font_size:28px|text_align:center|color:%239cb700|line_height:34px\u00bb google_fonts=\u00bbfont_family:PT%20Serif%3Aregular%2Citalic%2C700%2C700italic|font_style:700%20bold%20italic%3A700%3Aitalic\u00bb el_class=\u00bblowercase pl120 f30&#8243; css=\u00bb.vc_custom_1588584141909{margin-top: -20px !important;border-top-width: -20px !important;padding-top: -20px !important;padding-right: 80px !important;padding-left: 80px !important;}\u00bb][vc_empty_space height=\u00bb10px\u00bb][vc_column_text]Todas las iniciativas desarrolladas est\u00e1n dirigidas a seguir creciendo y avanzar en oportunidades de expansi\u00f3n adicionales, en las que tambi\u00e9n se plantean operaciones inorg\u00e1nicas, en un mercado estrat\u00e9gico. Seg\u00fan explica Luis Romero, director de Negocio Internacional Europa\u2013LATAM, Grecia cuenta con un gran potencial \u201cpor el crecimiento esperado de su demanda interna, por la eliminaci\u00f3n progresiva de centrales de carb\u00f3n y su sustituci\u00f3n por gas en la generaci\u00f3n de electricidad\u201d. Grecia ha registrado un incremento de la demanda gasista del 22% en 2019, hasta alcanzar los 5.600 millones de metros c\u00fabicos, impulsada, adem\u00e1s de por la generaci\u00f3n de electricidad con gas, por la reactivaci\u00f3n industrial tras la crisis econ\u00f3mica sufrida en Grecia y, por primera vez, por la exportaci\u00f3n de gas hacia Bulgaria.[\/vc_column_text][\/vc_column][\/vc_row][vc_row el_class=\u00bbmw965&#8243;][vc_column][vc_column_text]En este sentido y por su ubicaci\u00f3n geogr\u00e1fica privilegiada, Grecia est\u00e1 llamada a jugar un papel clave \u201cen el desarrollo de nuevas rutas de exportaci\u00f3n de gas y GNL hacia el resto de la regi\u00f3n sureste de Europa, lo que permitir\u00e1 convertir al pa\u00eds en un mercado gasista europeo de referencia en los pr\u00f3ximos a\u00f1os\u201d, concreta Romero.<\/p>\n<p>Por su parte, Kalligas recuerda que Grecia est\u00e1 preparada para actuar de puerta de entrada de nuevas fuentes de gas a la zona sureste de Europa, que hasta ahora eran abastecidas mayoritariamente con suministro procedente de Rusia. En este sentido, se\u00f1ala que a trav\u00e9s de la Terminal de GNL de DESFA en la isla Revithoussa y gracias a su red de transporte de alta presi\u00f3n, ya es posible exportar hasta 2 bcm\/a\u00f1o hacia Bulgaria. Asimismo, tambi\u00e9n ser\u00e1 una realidad el suministro desde Azerbaiy\u00e1n con destino a Italia, a trav\u00e9s del gasoducto Trans Adriatic Pipeline (TAP), que tiene una conexi\u00f3n con la red de DESFA en Nea Messimvria. En este proyecto, que est\u00e1 previsto que entre en funcionamiento a finales de a\u00f1o, Enag\u00e1s participa con un 16%.[\/vc_column_text][vc_empty_space height=\u00bb22px\u00bb][vc_single_image image=\u00bb5662&#8243; img_size=\u00bbfull\u00bb alignment=\u00bbcenter\u00bb][vc_empty_space][vc_column_text]TAP es un proyecto estrat\u00e9gico para Enag\u00e1s. No s\u00f3lo por la importancia que tiene el proyecto en el marco de la pol\u00edtica energ\u00e9tica de la Uni\u00f3n Europea (UE) sino tambi\u00e9n por la posibilidad de colaborar estrechamente con socios de primer nivel internacional, como BP, SOCAR, Snam, Fluxys y Axpo. TAP constituir\u00e1 tras su puesta en marcha, prevista para finales de 2020, una fuente muy relevante de ingresos estables para Enag\u00e1s, por estar enmarcado en un contrato a largo plazo, 25 a\u00f1os, de tipo \u201cship or pay\u201d, indica Antonio Manzano, gerente de Gesti\u00f3n de Sociedades de Europa (TAP).<\/p>\n<p>Enag\u00e1s tiene un amplio margen para seguir creciendo en Grecia. \u201cDESFA se encuentra en una etapa similar a la que estaba Enag\u00e1s hace 10-12 a\u00f1os: a\u00fan quedan inversiones relevantes en la red hasta que el sistema gasista griego madure, y es el momento de analizar oportunidades de crecimiento inorg\u00e1nico. Todo ello sin olvidar la b\u00fasqueda de oportunidades con los gases renovables\u201d, confirma Lara. En los pr\u00f3ximos a\u00f1os se espera un crecimiento importante de la demanda para generaci\u00f3n de electricidad, debido al\u00a0<em>phase-out<\/em>\u00a0del carb\u00f3n previsto para 2028. Tambi\u00e9n se desarrollar\u00e1 la demanda de tr\u00e1nsito. Ante este escenario, Enag\u00e1s se encuentra en una situaci\u00f3n \u00f3ptima para seguir ampliando su actividad y seguir convirti\u00e9ndose en un referente industrial en eficiencia en la gesti\u00f3n y mantenimiento de infraestructuras.[\/vc_column_text][vc_empty_space height=\u00bb50px\u00bb][vc_separator color=\u00bbcustom\u00bb el_width=\u00bb70&#8243; accent_color=\u00bb#99b63d\u00bb][vc_empty_space][vc_column_text]<\/p>\n<p style=\"font-size: 25px\"><strong>Sobre TAP<\/strong><\/p>\n<p>TAP es el tramo europeo del Sistema\u00a0<em>Southern Gas Corridor<\/em>, una compleja cadena de valor de gas natural, destinada a mejorar la seguridad y la diversificaci\u00f3n del suministro de energ\u00eda de la UE, al llevar gas natural desde la regi\u00f3n del Caspio a Europa, a trav\u00e9s de varias infraestructuras que representan una inversi\u00f3n total cercana a los 37.000 millones de euros. Dentro de esta inversi\u00f3n, la asociada a TAP supone unos 5.000 millones de euros. \u201cEl Southern Gas Corridor es un proyecto clave en la pol\u00edtica energ\u00e9tica de la UE, y como prueba de ello, TAP ha sido seleccionado como Proyecto de Inter\u00e9s Com\u00fan por la Comisi\u00f3n Europea\u201d, recalca Antonio Manzano. En la actualidad, TAP tiene un grado de avance en su construcci\u00f3n del 94,1% y ya se ha finalizado el tendido del gasoducto submarino entre Albania e Italia. A finales de noviembre de 2019 tuvo lugar la primera entrada de gas azer\u00ed en Europa con el inicio del comisionado con gas del gasoducto en su tramo griego.[\/vc_column_text][vc_column_text]<span style=\"color: #999999\"><span style=\"font-size: 12px\">*Autor\u00eda de la fotograf\u00eda cabecera: <em>The National Natural Gas System Operator (DESFA)<\/em><\/span><\/span>[\/vc_column_text][\/vc_column][\/vc_row][vc_row el_class=\u00bbmw1230&#8243; css=\u00bb.vc_custom_1584093612893{padding-top: 40px !important;}\u00bb][vc_column]<div class=\"edgtf-news-holder edgtf-post-carousel5 edgtf-small-space\"  data-post-status=publish data-ignore-sticky-posts=1 data-posts-per-page=6 data-paged=1 data-max-num-pages=2 data-next-page=2 data-title-tag=h3 data-image-size=custom data-custom-image-width=370 data-custom-image-height=267 data-display-categories=yes data-display-excerpt=no data-display-date=no data-date-format=difference data-display-like=no data-display-comments=no data-display-share=no data-display-hot-trending-icons=no data-layout=edgtf_post_carousel5><div class=\"edgtf-news-list-inner edgtf-owl-slider\" data-number-of-items=\"4\"   data-slider-speed=\"4000\" data-slider-speed-animation=\"600\"   data-enable-auto-height=\"yes\"><div class=\"edgtf-news-item edgtf-layout1-item edgtf-item-space\" data-color=\"#9cb700\">\n\t<div class=\"edgtf-ni-image-holder\">\n\t\t\t<div class=\"edgtf-post-image\">\n\t\t<a itemprop=\"url\" href=\"https:\/\/revistaazulyverde.com\/ediciones\/40\/enagas-responde-coronavirus\/\" title=\"Enag\u00e1s responde al reto del coronavirus\">\n\t\t\t<img loading=\"lazy\" decoding=\"async\" src=\"https:\/\/revistaazulyverde.com\/ediciones\/40\/wp-content\/uploads\/sites\/2\/2020\/04\/covid-nueva-destacado-370x267.jpg\" alt=\"\" width=\"370\" height=\"267\" \/>\t\t<\/a>\n\t<\/div>\n        <div class=\"edgtf-ni-like-comments-share-holder\">\n                                            <\/div>\n\t<\/div>\n\t<div class=\"edgtf-ni-content\">\n\t\t<div class=\"edgtf-ni-info edgtf-ni-info-top\">\n            \t<div class=\"edgtf-post-info-category\">\n\t\t<a href=\"https:\/\/revistaazulyverde.com\/ediciones\/40\/category\/actualidad\/especial-covid-19\/\" rel=\"category tag\">Especial COVID-19<\/a>\t<\/div>\n\t\t<\/div>\n\t\t\n<h3 itemprop=\"name\" class=\"entry-title edgtf-post-title \" >\n<a itemprop=\"url\" href=\"https:\/\/revistaazulyverde.com\/ediciones\/40\/enagas-responde-coronavirus\/\" title=\"Enag\u00e1s responde al reto del coronavirus\">\n    Enag\u00e1s responde al reto del coronavirus<\/a>\n<\/h3>\t\t\t\t<div class=\"edgtf-ni-info edgtf-ni-info-bottom\">\n                        \t\t<\/div>\n\t<\/div>\n<\/div><div class=\"edgtf-news-item edgtf-layout1-item edgtf-item-space\" data-color=\"#007aae\">\n\t<div class=\"edgtf-ni-image-holder\">\n\t\t\t<div class=\"edgtf-post-image\">\n\t\t<a itemprop=\"url\" href=\"https:\/\/revistaazulyverde.com\/ediciones\/40\/editorial-240\/\" title=\"Dar lo mejor de nosotros mismos\">\n\t\t\t<img loading=\"lazy\" decoding=\"async\" src=\"https:\/\/revistaazulyverde.com\/ediciones\/40\/wp-content\/uploads\/sites\/2\/2020\/04\/editorial-nueva-destacado-370x267.jpg\" alt=\"\" width=\"370\" height=\"267\" \/>\t\t<\/a>\n\t<\/div>\n        <div class=\"edgtf-ni-like-comments-share-holder\">\n                                            <\/div>\n\t<\/div>\n\t<div class=\"edgtf-ni-content\">\n\t\t<div class=\"edgtf-ni-info edgtf-ni-info-top\">\n            \t<div class=\"edgtf-post-info-category\">\n\t\t<a href=\"https:\/\/revistaazulyverde.com\/ediciones\/40\/category\/editorial\/\" rel=\"category tag\">Editorial<\/a>\t<\/div>\n\t\t<\/div>\n\t\t\n<h3 itemprop=\"name\" class=\"entry-title edgtf-post-title \" >\n<a itemprop=\"url\" href=\"https:\/\/revistaazulyverde.com\/ediciones\/40\/editorial-240\/\" title=\"Dar lo mejor de nosotros mismos\">\n    Dar lo mejor de nosotros mismos<\/a>\n<\/h3>\t\t\t\t<div class=\"edgtf-ni-info edgtf-ni-info-bottom\">\n                        \t\t<\/div>\n\t<\/div>\n<\/div><div class=\"edgtf-news-item edgtf-layout1-item edgtf-item-space\" data-color=\"#ffb81c\">\n\t<div class=\"edgtf-ni-image-holder\">\n\t\t\t<div class=\"edgtf-post-image\">\n\t\t<a itemprop=\"url\" href=\"https:\/\/revistaazulyverde.com\/ediciones\/40\/mas-alla-de-enagas\/\" title=\"Manuel Rivas Soto\">\n\t\t\t<img loading=\"lazy\" decoding=\"async\" src=\"https:\/\/revistaazulyverde.com\/ediciones\/40\/wp-content\/uploads\/sites\/2\/2020\/03\/estatua-destacada-370x267.jpg\" alt=\"\" width=\"370\" height=\"267\" \/>\t\t<\/a>\n\t<\/div>\n        <div class=\"edgtf-ni-like-comments-share-holder\">\n                                            <\/div>\n\t<\/div>\n\t<div class=\"edgtf-ni-content\">\n\t\t<div class=\"edgtf-ni-info edgtf-ni-info-top\">\n            \t<div class=\"edgtf-post-info-category\">\n\t\t<a href=\"https:\/\/revistaazulyverde.com\/ediciones\/40\/category\/equipo-enagas\/mas-alla-de-enagas\/\" rel=\"category tag\">M\u00e1s all\u00e1 de Enag\u00e1s<\/a>\t<\/div>\n\t\t<\/div>\n\t\t\n<h3 itemprop=\"name\" class=\"entry-title edgtf-post-title \" >\n<a itemprop=\"url\" href=\"https:\/\/revistaazulyverde.com\/ediciones\/40\/mas-alla-de-enagas\/\" title=\"Manuel Rivas Soto\">\n    Manuel Rivas Soto<\/a>\n<\/h3>\t\t\t\t<div class=\"edgtf-ni-info edgtf-ni-info-bottom\">\n                        \t\t<\/div>\n\t<\/div>\n<\/div><div class=\"edgtf-news-item edgtf-layout1-item edgtf-item-space\" data-color=\"#ffb81c\">\n\t<div class=\"edgtf-ni-image-holder\">\n\t\t\t<div class=\"edgtf-post-image\">\n\t\t<a itemprop=\"url\" href=\"https:\/\/revistaazulyverde.com\/ediciones\/40\/ayn-numero-40-de-persona-a-persona\/\" title=\"Convivencia de generaciones para avanzar conjuntamente\">\n\t\t\t<img loading=\"lazy\" decoding=\"async\" src=\"https:\/\/revistaazulyverde.com\/ediciones\/40\/wp-content\/uploads\/sites\/2\/2020\/03\/personas-destacada-370x267.jpg\" alt=\"\" width=\"370\" height=\"267\" \/>\t\t<\/a>\n\t<\/div>\n        <div class=\"edgtf-ni-like-comments-share-holder\">\n                                            <\/div>\n\t<\/div>\n\t<div class=\"edgtf-ni-content\">\n\t\t<div class=\"edgtf-ni-info edgtf-ni-info-top\">\n            \t<div class=\"edgtf-post-info-category\">\n\t\t<a href=\"https:\/\/revistaazulyverde.com\/ediciones\/40\/category\/equipo-enagas\/de-persona-a-persona\/\" rel=\"category tag\">De persona a persona<\/a>\t<\/div>\n\t\t<\/div>\n\t\t\n<h3 itemprop=\"name\" class=\"entry-title edgtf-post-title \" >\n<a itemprop=\"url\" href=\"https:\/\/revistaazulyverde.com\/ediciones\/40\/ayn-numero-40-de-persona-a-persona\/\" title=\"Convivencia de generaciones para avanzar conjuntamente\">\n    Convivencia de generaciones para avanzar conjuntamente<\/a>\n<\/h3>\t\t\t\t<div class=\"edgtf-ni-info edgtf-ni-info-bottom\">\n                        \t\t<\/div>\n\t<\/div>\n<\/div><div class=\"edgtf-news-item edgtf-layout1-item edgtf-item-space\" data-color=\"#007aae\">\n\t<div class=\"edgtf-ni-image-holder\">\n\t\t\t<div class=\"edgtf-post-image\">\n\t\t<a itemprop=\"url\" href=\"https:\/\/revistaazulyverde.com\/ediciones\/40\/adn-enagas\/\" title=\"Ingenia Energy Challenge 2020\">\n\t\t\t<img loading=\"lazy\" decoding=\"async\" src=\"https:\/\/revistaazulyverde.com\/ediciones\/40\/wp-content\/uploads\/sites\/2\/2020\/03\/ingenia-destacado-2-370x267.jpg\" alt=\"\" width=\"370\" height=\"267\" \/>\t\t<\/a>\n\t<\/div>\n        <div class=\"edgtf-ni-like-comments-share-holder\">\n                                            <\/div>\n\t<\/div>\n\t<div class=\"edgtf-ni-content\">\n\t\t<div class=\"edgtf-ni-info edgtf-ni-info-top\">\n            \t<div class=\"edgtf-post-info-category\">\n\t\t<a href=\"https:\/\/revistaazulyverde.com\/ediciones\/40\/category\/nuestra-actividad\/adn-enagas-startups\/\" rel=\"category tag\">ADN startup<\/a>\t<\/div>\n\t\t<\/div>\n\t\t\n<h3 itemprop=\"name\" class=\"entry-title edgtf-post-title \" >\n<a itemprop=\"url\" href=\"https:\/\/revistaazulyverde.com\/ediciones\/40\/adn-enagas\/\" title=\"Ingenia Energy Challenge 2020\">\n    Ingenia Energy Challenge 2020<\/a>\n<\/h3>\t\t\t\t<div class=\"edgtf-ni-info edgtf-ni-info-bottom\">\n                        \t\t<\/div>\n\t<\/div>\n<\/div><div class=\"edgtf-news-item edgtf-layout1-item edgtf-item-space\" data-color=\"#007aae\">\n\t<div class=\"edgtf-ni-image-holder\">\n\t\t\t<div class=\"edgtf-post-image\">\n\t\t<a itemprop=\"url\" href=\"https:\/\/revistaazulyverde.com\/ediciones\/40\/energia-positiva\/\" title=\"Energ\u00eda Positiva+: la innovaci\u00f3n como mejor v\u00eda para avanzar en la crisis del Covid-19\">\n\t\t\t<img loading=\"lazy\" decoding=\"async\" src=\"https:\/\/revistaazulyverde.com\/ediciones\/40\/wp-content\/uploads\/sites\/2\/2020\/04\/energia-positiva-destacado-370x267.jpg\" alt=\"\" width=\"370\" height=\"267\" \/>\t\t<\/a>\n\t<\/div>\n        <div class=\"edgtf-ni-like-comments-share-holder\">\n                                            <\/div>\n\t<\/div>\n\t<div class=\"edgtf-ni-content\">\n\t\t<div class=\"edgtf-ni-info edgtf-ni-info-top\">\n            \t<div class=\"edgtf-post-info-category\">\n\t\t<a href=\"https:\/\/revistaazulyverde.com\/ediciones\/40\/category\/nuestra-actividad\/adn-enagas-startups\/\" rel=\"category tag\">ADN startup<\/a>\t<\/div>\n\t\t<\/div>\n\t\t\n<h3 itemprop=\"name\" class=\"entry-title edgtf-post-title \" >\n<a itemprop=\"url\" href=\"https:\/\/revistaazulyverde.com\/ediciones\/40\/energia-positiva\/\" title=\"Energ\u00eda Positiva+: la innovaci\u00f3n como mejor v\u00eda para avanzar en la crisis del Covid-19\">\n    Energ\u00eda Positiva+: la innovaci\u00f3n como mejor v\u00eda para avanzar en la crisis del Covid-19<\/a>\n<\/h3>\t\t\t\t<div class=\"edgtf-ni-info edgtf-ni-info-bottom\">\n                        \t\t<\/div>\n\t<\/div>\n<\/div><\/div><\/div>[\/vc_column][\/vc_row]<\/p>\n<\/div>","protected":false},"excerpt":{"rendered":"<p>[vc_row full_width=\u00bbstretch_row_content\u00bb el_class=\u00bbvisible\u00bb el_id=\u00bbheader-post\u00bb][vc_column][vc_column_text el_class=\u00bbamarillo\u00bb] [\/vc_column_text][vc_custom_heading source=\u00bbpost_title\u00bb font_container=\u00bbtag:h1|font_size:80px|text_align:center|color:%23ffffff\u00bb google_fonts=\u00bbfont_family:PT%20Serif%3Aregular%2Citalic%2C700%2C700italic|font_style:700%20bold%20italic%3A700%3Aitalic\u00bb el_class=\u00bblowercase\u00bb css=\u00bb.vc_custom_1584089087679{margin-top: 0px !important;margin-bottom: 0px !important;}\u00bb][\/vc_column][\/vc_row][vc_row el_class=\u00bbmw965&#8243; css=\u00bb.vc_custom_1584089378705{padding-top: 40px !important;}\u00bb][vc_column][vc_custom_heading text=\u00bbEstrategia de Enag\u00e1s en Grecia\u00bb font_container=\u00bbtag:h2|font_size:20px|text_align:left|color:%2399b63c\u00bb el_class=\u00bbverdana\u00bb][vc_column_text] El enclave geoestrat\u00e9gico en el que se localiza Grecia, su potencial para convertirse en [&hellip;]<\/p>\n","protected":false},"author":1,"featured_media":5826,"comment_status":"open","ping_status":"open","sticky":false,"template":"","format":"standard","meta":{"_acf_changed":false,"footnotes":""},"categories":[54],"tags":[],"class_list":["post-4654","post","type-post","status-publish","format-standard","has-post-thumbnail","hentry","category-enagas-en-el-mundo"],"acf":[],"yoast_head":"<!-- This site is optimized with the Yoast SEO plugin v24.9 - https:\/\/yoast.com\/wordpress\/plugins\/seo\/ -->\n<title>Un a\u00f1o en Grecia - Revista Azul y Verde n\u00ba 40<\/title>\n<meta name=\"robots\" content=\"noindex, follow, max-snippet:-1, max-image-preview:large, max-video-preview:-1\" \/>\n<meta property=\"og:locale\" content=\"es_ES\" \/>\n<meta property=\"og:type\" content=\"article\" \/>\n<meta property=\"og:title\" content=\"Un a\u00f1o en Grecia - Revista Azul y Verde n\u00ba 40\" \/>\n<meta property=\"og:description\" content=\"[vc_row full_width=\u00bbstretch_row_content\u00bb el_class=\u00bbvisible\u00bb el_id=\u00bbheader-post\u00bb][vc_column][vc_column_text el_class=\u00bbamarillo\u00bb] [\/vc_column_text][vc_custom_heading source=\u00bbpost_title\u00bb font_container=\u00bbtag:h1|font_size:80px|text_align:center|color:%23ffffff\u00bb google_fonts=\u00bbfont_family:PT%20Serif%3Aregular%2Citalic%2C700%2C700italic|font_style:700%20bold%20italic%3A700%3Aitalic\u00bb el_class=\u00bblowercase\u00bb css=\u00bb.vc_custom_1584089087679{margin-top: 0px !important;margin-bottom: 0px !important;}\u00bb][\/vc_column][\/vc_row][vc_row el_class=\u00bbmw965&#8243; css=\u00bb.vc_custom_1584089378705{padding-top: 40px !important;}\u00bb][vc_column][vc_custom_heading text=\u00bbEstrategia de Enag\u00e1s en Grecia\u00bb font_container=\u00bbtag:h2|font_size:20px|text_align:left|color:%2399b63c\u00bb el_class=\u00bbverdana\u00bb][vc_column_text] El enclave geoestrat\u00e9gico en el que se localiza Grecia, su potencial para convertirse en [&hellip;]\" \/>\n<meta property=\"og:url\" content=\"https:\/\/revistaazulyverde.com\/ediciones\/40\/proyecto-grecia\/\" \/>\n<meta property=\"og:site_name\" content=\"Revista Azul y Verde n\u00ba 40\" \/>\n<meta property=\"article:published_time\" content=\"2020-03-10T12:53:58+00:00\" \/>\n<meta property=\"article:modified_time\" content=\"2020-05-08T06:55:31+00:00\" \/>\n<meta property=\"og:image\" content=\"https:\/\/revistaazulyverde.com\/ediciones\/40\/wp-content\/uploads\/sites\/2\/2020\/05\/grecia-destacada-2.jpg\" \/>\n\t<meta property=\"og:image:width\" content=\"653\" \/>\n\t<meta property=\"og:image:height\" content=\"591\" \/>\n\t<meta property=\"og:image:type\" content=\"image\/jpeg\" \/>\n<meta name=\"author\" content=\"labsgrup_david\" \/>\n<meta name=\"twitter:card\" content=\"summary_large_image\" \/>\n<meta name=\"twitter:label1\" content=\"Escrito por\" \/>\n\t<meta name=\"twitter:data1\" content=\"labsgrup_david\" \/>\n\t<meta name=\"twitter:label2\" content=\"Tiempo de lectura\" \/>\n\t<meta name=\"twitter:data2\" content=\"9 minutos\" \/>\n<script type=\"application\/ld+json\" class=\"yoast-schema-graph\">{\"@context\":\"https:\/\/schema.org\",\"@graph\":[{\"@type\":\"WebPage\",\"@id\":\"https:\/\/revistaazulyverde.com\/ediciones\/40\/proyecto-grecia\/\",\"url\":\"https:\/\/revistaazulyverde.com\/ediciones\/40\/proyecto-grecia\/\",\"name\":\"Un a\u00f1o en Grecia - Revista Azul y Verde n\u00ba 40\",\"isPartOf\":{\"@id\":\"https:\/\/revistaazulyverde.com\/ediciones\/40\/#website\"},\"primaryImageOfPage\":{\"@id\":\"https:\/\/revistaazulyverde.com\/ediciones\/40\/proyecto-grecia\/#primaryimage\"},\"image\":{\"@id\":\"https:\/\/revistaazulyverde.com\/ediciones\/40\/proyecto-grecia\/#primaryimage\"},\"thumbnailUrl\":\"https:\/\/revistaazulyverde.com\/ediciones\/40\/wp-content\/uploads\/sites\/2\/2020\/05\/grecia-destacada-2.jpg\",\"datePublished\":\"2020-03-10T12:53:58+00:00\",\"dateModified\":\"2020-05-08T06:55:31+00:00\",\"author\":{\"@id\":\"https:\/\/revistaazulyverde.com\/ediciones\/40\/#\/schema\/person\/74598fcf6aa3967744b6de5182a76d51\"},\"breadcrumb\":{\"@id\":\"https:\/\/revistaazulyverde.com\/ediciones\/40\/proyecto-grecia\/#breadcrumb\"},\"inLanguage\":\"es\",\"potentialAction\":[{\"@type\":\"ReadAction\",\"target\":[\"https:\/\/revistaazulyverde.com\/ediciones\/40\/proyecto-grecia\/\"]}]},{\"@type\":\"ImageObject\",\"inLanguage\":\"es\",\"@id\":\"https:\/\/revistaazulyverde.com\/ediciones\/40\/proyecto-grecia\/#primaryimage\",\"url\":\"https:\/\/revistaazulyverde.com\/ediciones\/40\/wp-content\/uploads\/sites\/2\/2020\/05\/grecia-destacada-2.jpg\",\"contentUrl\":\"https:\/\/revistaazulyverde.com\/ediciones\/40\/wp-content\/uploads\/sites\/2\/2020\/05\/grecia-destacada-2.jpg\",\"width\":653,\"height\":591},{\"@type\":\"BreadcrumbList\",\"@id\":\"https:\/\/revistaazulyverde.com\/ediciones\/40\/proyecto-grecia\/#breadcrumb\",\"itemListElement\":[{\"@type\":\"ListItem\",\"position\":1,\"name\":\"Portada\",\"item\":\"https:\/\/revistaazulyverde.com\/ediciones\/40\/\"},{\"@type\":\"ListItem\",\"position\":2,\"name\":\"Un a\u00f1o en Grecia\"}]},{\"@type\":\"WebSite\",\"@id\":\"https:\/\/revistaazulyverde.com\/ediciones\/40\/#website\",\"url\":\"https:\/\/revistaazulyverde.com\/ediciones\/40\/\",\"name\":\"Revista Azul y Verde n\u00ba 40\",\"description\":\"\",\"potentialAction\":[{\"@type\":\"SearchAction\",\"target\":{\"@type\":\"EntryPoint\",\"urlTemplate\":\"https:\/\/revistaazulyverde.com\/ediciones\/40\/?s={search_term_string}\"},\"query-input\":{\"@type\":\"PropertyValueSpecification\",\"valueRequired\":true,\"valueName\":\"search_term_string\"}}],\"inLanguage\":\"es\"},{\"@type\":\"Person\",\"@id\":\"https:\/\/revistaazulyverde.com\/ediciones\/40\/#\/schema\/person\/74598fcf6aa3967744b6de5182a76d51\",\"name\":\"labsgrup_david\",\"image\":{\"@type\":\"ImageObject\",\"inLanguage\":\"es\",\"@id\":\"https:\/\/revistaazulyverde.com\/ediciones\/40\/#\/schema\/person\/image\/\",\"url\":\"https:\/\/secure.gravatar.com\/avatar\/62084aa808bed3aa09d30a1491f370f354141a4cce95d43e329375d88b688338?s=96&d=mm&r=g\",\"contentUrl\":\"https:\/\/secure.gravatar.com\/avatar\/62084aa808bed3aa09d30a1491f370f354141a4cce95d43e329375d88b688338?s=96&d=mm&r=g\",\"caption\":\"labsgrup_david\"},\"url\":\"https:\/\/revistaazulyverde.com\/ediciones\/40\/author\/labsgrup_david\/\"}]}<\/script>\n<!-- \/ Yoast SEO plugin. -->","yoast_head_json":{"title":"Un a\u00f1o en Grecia - Revista Azul y Verde n\u00ba 40","robots":{"index":"noindex","follow":"follow","max-snippet":"max-snippet:-1","max-image-preview":"max-image-preview:large","max-video-preview":"max-video-preview:-1"},"og_locale":"es_ES","og_type":"article","og_title":"Un a\u00f1o en Grecia - Revista Azul y Verde n\u00ba 40","og_description":"[vc_row full_width=\u00bbstretch_row_content\u00bb el_class=\u00bbvisible\u00bb el_id=\u00bbheader-post\u00bb][vc_column][vc_column_text el_class=\u00bbamarillo\u00bb] [\/vc_column_text][vc_custom_heading source=\u00bbpost_title\u00bb font_container=\u00bbtag:h1|font_size:80px|text_align:center|color:%23ffffff\u00bb google_fonts=\u00bbfont_family:PT%20Serif%3Aregular%2Citalic%2C700%2C700italic|font_style:700%20bold%20italic%3A700%3Aitalic\u00bb el_class=\u00bblowercase\u00bb css=\u00bb.vc_custom_1584089087679{margin-top: 0px !important;margin-bottom: 0px !important;}\u00bb][\/vc_column][\/vc_row][vc_row el_class=\u00bbmw965&#8243; css=\u00bb.vc_custom_1584089378705{padding-top: 40px !important;}\u00bb][vc_column][vc_custom_heading text=\u00bbEstrategia de Enag\u00e1s en Grecia\u00bb font_container=\u00bbtag:h2|font_size:20px|text_align:left|color:%2399b63c\u00bb el_class=\u00bbverdana\u00bb][vc_column_text] El enclave geoestrat\u00e9gico en el que se localiza Grecia, su potencial para convertirse en [&hellip;]","og_url":"https:\/\/revistaazulyverde.com\/ediciones\/40\/proyecto-grecia\/","og_site_name":"Revista Azul y Verde n\u00ba 40","article_published_time":"2020-03-10T12:53:58+00:00","article_modified_time":"2020-05-08T06:55:31+00:00","og_image":[{"width":653,"height":591,"url":"https:\/\/revistaazulyverde.com\/ediciones\/40\/wp-content\/uploads\/sites\/2\/2020\/05\/grecia-destacada-2.jpg","type":"image\/jpeg"}],"author":"labsgrup_david","twitter_card":"summary_large_image","twitter_misc":{"Escrito por":"labsgrup_david","Tiempo de lectura":"9 minutos"},"schema":{"@context":"https:\/\/schema.org","@graph":[{"@type":"WebPage","@id":"https:\/\/revistaazulyverde.com\/ediciones\/40\/proyecto-grecia\/","url":"https:\/\/revistaazulyverde.com\/ediciones\/40\/proyecto-grecia\/","name":"Un a\u00f1o en Grecia - Revista Azul y Verde n\u00ba 40","isPartOf":{"@id":"https:\/\/revistaazulyverde.com\/ediciones\/40\/#website"},"primaryImageOfPage":{"@id":"https:\/\/revistaazulyverde.com\/ediciones\/40\/proyecto-grecia\/#primaryimage"},"image":{"@id":"https:\/\/revistaazulyverde.com\/ediciones\/40\/proyecto-grecia\/#primaryimage"},"thumbnailUrl":"https:\/\/revistaazulyverde.com\/ediciones\/40\/wp-content\/uploads\/sites\/2\/2020\/05\/grecia-destacada-2.jpg","datePublished":"2020-03-10T12:53:58+00:00","dateModified":"2020-05-08T06:55:31+00:00","author":{"@id":"https:\/\/revistaazulyverde.com\/ediciones\/40\/#\/schema\/person\/74598fcf6aa3967744b6de5182a76d51"},"breadcrumb":{"@id":"https:\/\/revistaazulyverde.com\/ediciones\/40\/proyecto-grecia\/#breadcrumb"},"inLanguage":"es","potentialAction":[{"@type":"ReadAction","target":["https:\/\/revistaazulyverde.com\/ediciones\/40\/proyecto-grecia\/"]}]},{"@type":"ImageObject","inLanguage":"es","@id":"https:\/\/revistaazulyverde.com\/ediciones\/40\/proyecto-grecia\/#primaryimage","url":"https:\/\/revistaazulyverde.com\/ediciones\/40\/wp-content\/uploads\/sites\/2\/2020\/05\/grecia-destacada-2.jpg","contentUrl":"https:\/\/revistaazulyverde.com\/ediciones\/40\/wp-content\/uploads\/sites\/2\/2020\/05\/grecia-destacada-2.jpg","width":653,"height":591},{"@type":"BreadcrumbList","@id":"https:\/\/revistaazulyverde.com\/ediciones\/40\/proyecto-grecia\/#breadcrumb","itemListElement":[{"@type":"ListItem","position":1,"name":"Portada","item":"https:\/\/revistaazulyverde.com\/ediciones\/40\/"},{"@type":"ListItem","position":2,"name":"Un a\u00f1o en Grecia"}]},{"@type":"WebSite","@id":"https:\/\/revistaazulyverde.com\/ediciones\/40\/#website","url":"https:\/\/revistaazulyverde.com\/ediciones\/40\/","name":"Revista Azul y Verde n\u00ba 40","description":"","potentialAction":[{"@type":"SearchAction","target":{"@type":"EntryPoint","urlTemplate":"https:\/\/revistaazulyverde.com\/ediciones\/40\/?s={search_term_string}"},"query-input":{"@type":"PropertyValueSpecification","valueRequired":true,"valueName":"search_term_string"}}],"inLanguage":"es"},{"@type":"Person","@id":"https:\/\/revistaazulyverde.com\/ediciones\/40\/#\/schema\/person\/74598fcf6aa3967744b6de5182a76d51","name":"labsgrup_david","image":{"@type":"ImageObject","inLanguage":"es","@id":"https:\/\/revistaazulyverde.com\/ediciones\/40\/#\/schema\/person\/image\/","url":"https:\/\/secure.gravatar.com\/avatar\/62084aa808bed3aa09d30a1491f370f354141a4cce95d43e329375d88b688338?s=96&d=mm&r=g","contentUrl":"https:\/\/secure.gravatar.com\/avatar\/62084aa808bed3aa09d30a1491f370f354141a4cce95d43e329375d88b688338?s=96&d=mm&r=g","caption":"labsgrup_david"},"url":"https:\/\/revistaazulyverde.com\/ediciones\/40\/author\/labsgrup_david\/"}]}},"_links":{"self":[{"href":"https:\/\/revistaazulyverde.com\/ediciones\/40\/wp-json\/wp\/v2\/posts\/4654","targetHints":{"allow":["GET"]}}],"collection":[{"href":"https:\/\/revistaazulyverde.com\/ediciones\/40\/wp-json\/wp\/v2\/posts"}],"about":[{"href":"https:\/\/revistaazulyverde.com\/ediciones\/40\/wp-json\/wp\/v2\/types\/post"}],"author":[{"embeddable":true,"href":"https:\/\/revistaazulyverde.com\/ediciones\/40\/wp-json\/wp\/v2\/users\/1"}],"replies":[{"embeddable":true,"href":"https:\/\/revistaazulyverde.com\/ediciones\/40\/wp-json\/wp\/v2\/comments?post=4654"}],"version-history":[{"count":18,"href":"https:\/\/revistaazulyverde.com\/ediciones\/40\/wp-json\/wp\/v2\/posts\/4654\/revisions"}],"predecessor-version":[{"id":5845,"href":"https:\/\/revistaazulyverde.com\/ediciones\/40\/wp-json\/wp\/v2\/posts\/4654\/revisions\/5845"}],"wp:featuredmedia":[{"embeddable":true,"href":"https:\/\/revistaazulyverde.com\/ediciones\/40\/wp-json\/wp\/v2\/media\/5826"}],"wp:attachment":[{"href":"https:\/\/revistaazulyverde.com\/ediciones\/40\/wp-json\/wp\/v2\/media?parent=4654"}],"wp:term":[{"taxonomy":"category","embeddable":true,"href":"https:\/\/revistaazulyverde.com\/ediciones\/40\/wp-json\/wp\/v2\/categories?post=4654"},{"taxonomy":"post_tag","embeddable":true,"href":"https:\/\/revistaazulyverde.com\/ediciones\/40\/wp-json\/wp\/v2\/tags?post=4654"}],"curies":[{"name":"wp","href":"https:\/\/api.w.org\/{rel}","templated":true}]}}